{"id":7191,"date":"2012-10-16T23:11:58","date_gmt":"2012-10-16T20:11:58","guid":{"rendered":"http:\/\/www.bbyhaber.com\/bby\/?p=7191"},"modified":"2012-10-16T23:11:58","modified_gmt":"2012-10-16T20:11:58","slug":"gormeden-okuyorlar","status":"publish","type":"post","link":"https:\/\/www.bbyhaber.com\/bby\/2012\/10\/16\/gormeden-okuyorlar","title":{"rendered":"G\u00f6rmeden okuyorlar"},"content":{"rendered":"<p style=\"text-align: justify;\">Antalya B\u00fcy\u00fck\u015fehir Belediyesi\u2019nin g\u00f6rme engellilerinin okuma g\u00fc\u00e7l\u00fc\u011f\u00fcn\u00fc ortadan kald\u0131rmak ve bilgiye eri\u015fim y\u00f6n\u00fcndeki bariyerleri kald\u0131rmak i\u00e7in hayata ge\u00e7irdi\u011fi G\u00f6rme Engelliler Sesli K\u00fct\u00fcphanesi, g\u00f6rme engellilerin kitap okuma merkezi oldu. Konyaalt\u0131 Caddesi \u00fczerinde ge\u00e7en y\u0131l hizmete giren G\u00f6rme Engelliler Sesli K\u00fct\u00fcphanesi, g\u00f6rme engellilerin okuma sorununu ortadan kald\u0131rd\u0131. <!--more--><\/p>\n<p style=\"text-align: justify;\">G\u00f6rme engelliler, k\u00fct\u00fcphane sayesinde kimseye muhta\u00e7 olmadan bilgisayar ortam\u0131nda yaz\u0131l\u0131 materyalleri okuyabiliyor ve kendileri yeni belgeler olu\u015fturabiliyor.\u0130nternet arac\u0131l\u0131\u011f\u0131yla g\u00fcnl\u00fck gazeteleri okuyabilen engelli vatanda\u015flar, istedi\u011fi belgenin Braille Alfabesi olarak \u00e7\u0131kt\u0131s\u0131n\u0131 alabiliyor.<\/p>\n<p style=\"text-align: justify;\">G\u00f6rme engelliler, Bo\u011fazi\u00e7i \u00dcniversitesi G\u00f6rme Engelliler Teknoloji E\u011fitim Merkezi\u2019ne ait e-k\u00fct\u00fcphane sistemiyle bir\u00e7ok kitab\u0131 sesli olarak dinleyebiliyor. K\u00fct\u00fcphanede 160 adet Braille Alfabesi\u2019yle olu\u015fturulmu\u015f kitap da bulunuyor. K\u00fct\u00fcphaneden bug\u00fcne kadar yakla\u015f\u0131k 100 g\u00f6rme engelli yararland\u0131.<\/p>\n<p style=\"text-align: justify;\">Kaynak: http:\/\/www.antalya.bel.tr<\/p>\n","protected":false},"excerpt":{"rendered":"<p>Antalya B\u00fcy\u00fck\u015fehir Belediyesi\u2019nin g\u00f6rme engellilerinin okuma g\u00fc\u00e7l\u00fc\u011f\u00fcn\u00fc ortadan kald\u0131rmak ve bilgiye eri\u015fim y\u00f6n\u00fcndeki bariyerleri kald\u0131rmak i\u00e7in hayata ge\u00e7irdi\u011fi G\u00f6rme Engelliler Sesli K\u00fct\u00fcphanesi, g\u00f6rme engellilerin kitap okuma merkezi oldu. Konyaalt\u0131 Caddesi \u00fczerinde ge\u00e7en y\u0131l hizmete giren G\u00f6rme Engelliler Sesli K\u00fct\u00fcphanesi, g\u00f6rme engellilerin okuma sorununu ortadan kald\u0131rd\u0131.<\/p>\n","protected":false},"author":1,"featured_media":0,"comment_status":"open","ping_status":"open","sticky":false,"template":"","format":"standard","meta":{"footnotes":""},"categories":[1484,1485,1,1487],"tags":[204],"class_list":["post-7191","post","type-post","status-publish","format-standard","hentry","category-engelliler-icin-bilgi-merkezleri","category-engelliler-icin-kutuphane","category-genel","category-gorme-engelli-kutuphane","tag-bilgiye-erisimde-engelli-degilsiniz-projesi"],"_links":{"self":[{"href":"https:\/\/www.bbyhaber.com\/bby\/wp-json\/wp\/v2\/posts\/7191"}],"collection":[{"href":"https:\/\/www.bbyhaber.com\/bby\/wp-json\/wp\/v2\/posts"}],"about":[{"href":"https:\/\/www.bbyhaber.com\/bby\/wp-json\/wp\/v2\/types\/post"}],"author":[{"embeddable":true,"href":"https:\/\/www.bbyhaber.com\/bby\/wp-json\/wp\/v2\/users\/1"}],"replies":[{"embeddable":true,"href":"https:\/\/www.bbyhaber.com\/bby\/wp-json\/wp\/v2\/comments?post=7191"}],"version-history":[{"count":0,"href":"https:\/\/www.bbyhaber.com\/bby\/wp-json\/wp\/v2\/posts\/7191\/revisions"}],"wp:attachment":[{"href":"https:\/\/www.bbyhaber.com\/bby\/wp-json\/wp\/v2\/media?parent=7191"}],"wp:term":[{"taxonomy":"category","embeddable":true,"href":"https:\/\/www.bbyhaber.com\/bby\/wp-json\/wp\/v2\/categories?post=7191"},{"taxonomy":"post_tag","embeddable":true,"href":"https:\/\/www.bbyhaber.com\/bby\/wp-json\/wp\/v2\/tags?post=7191"}],"curies":[{"name":"wp","href":"https:\/\/api.w.org\/{rel}","templated":true}]}}