{"id":718,"date":"2018-02-26T21:28:39","date_gmt":"2018-02-26T18:28:39","guid":{"rendered":"http:\/\/ihalekutuphane.com\/?p=718"},"modified":"2018-02-26T21:28:39","modified_gmt":"2018-02-26T18:28:39","slug":"kac-tur-kutuphaneci-var-beyaz-kutuphaneci-milli-kutuphaneci-cekirge-kutuphaneciler-emektar-kutuphaneciler","status":"publish","type":"post","link":"https:\/\/www.bbyhaber.com\/bby\/2018\/02\/26\/kac-tur-kutuphaneci-var-beyaz-kutuphaneci-milli-kutuphaneci-cekirge-kutuphaneciler-emektar-kutuphaneciler","title":{"rendered":"Ka\u00e7 T\u00fcr K\u00fct\u00fcphaneci Var? Beyaz K\u00fct\u00fcphaneci, Milli K\u00fct\u00fcphaneci, \u00c7ekirge K\u00fct\u00fcphaneciler, Emektar K\u00fct\u00fcphaneciler"},"content":{"rendered":"<p>Merhabalar,<\/p>\n<p>Toplumsal ayr\u0131\u015fman\u0131n her ge\u00e7en g\u00fcn\u00fc derinle\u015fti\u011fi \u00fclkemizde, meslekta\u015flar aras\u0131nda da kampla\u015fmalar, \u00f6tekile\u015ftirmeler ne yaz\u0131k ki ya\u015fanmaktad\u0131r.<\/p>\n<p>Kar\u015f\u0131s\u0131ndakini yok sayma d\u00fc\u015f\u00fcncesi ki\u015fileri yok etmemekte asl\u0131nda sorunlar\u0131 b\u00fcy\u00fctmekte ve mesle\u011fimize zarar vermektedir.<\/p>\n<p>As\u0131l olan\u0131n k\u00fct\u00fcphanecilik mesle\u011fini toplumda sayg\u0131n bir yere g\u00f6t\u00fcrmek olan meslekta\u015flar gereksiz enerji harcamaktad\u0131r.<\/p>\n<h1><span style=\"font-size: 20px;\"><strong>Meslek Hayat\u0131mda Tan\u0131d\u0131\u011f\u0131m K\u00fct\u00fcphaneci T\u00fcrleri<\/strong><\/span><\/h1>\n<p><strong><span style=\"color: #ff0000;\">Beyaz K\u00fct\u00fcphaneciler:<\/span><\/strong><\/p>\n<ul>\n<li>Bu t\u00fcr kendini her ortamda belli eder.<\/li>\n<li>Genelde a\u011f\u0131z\u0131nda laflar\u0131 yuvarlaya yuvarlaya konu\u015fur.<\/li>\n<li>Akademik terim kullanmaya bay\u0131l\u0131r.<\/li>\n<li>Veritabanlar\u0131 olmazsa k\u00fct\u00fcphanecili\u011fin bitece\u011fini d\u00fc\u015f\u00fcn\u00fcrler.<\/li>\n<li>Toplant\u0131larda grup halinde gezerler.<\/li>\n<li>Yabanc\u0131 dil bilmeyenlere ikinci s\u0131n\u0131f zenci muamelesi yaparlar<\/li>\n<li>Belirli dernekler etraf\u0131nda k\u00fcmelenmi\u015f olup koltuklar\u0131 her se\u00e7imde babadan o\u011fula aktar\u0131rlar<\/li>\n<\/ul>\n<p><span style=\"color: #ff0000;\"><strong>Milli K\u00fct\u00fcphaneci<\/strong><\/span><\/p>\n<ul>\n<li>Milli teriminin son zamanlarda pop\u00fcler olmas\u0131 ile birlikte ortaya \u00e7\u0131km\u0131\u015ft\u0131r<\/li>\n<li>Beyaz k\u00fct\u00fcphaneci felsefesini ret etse de asl\u0131nda \u00f6z olarak benzer yanlar\u0131 vard\u0131r.<\/li>\n<li>Genelde konu\u015furlar fakat Beyaz K\u00fct\u00fcphaneciler gibi \u00f6rg\u00fctlenemezler<\/li>\n<li>Milli de\u011ferleri \u00f6n plana \u00e7\u0131kartay\u0131m derken bilimsel ger\u00e7ekleri de unuturlar<\/li>\n<li>\u0130yi \u015feyler d\u00fc\u015f\u00fcn\u00fcrler fakat bir ad\u0131m ilerisine ne yaz\u0131k ki gidemezler.<\/li>\n<\/ul>\n<p><span style=\"color: #ff0000;\"><strong>\u00c7ekirge K\u00fct\u00fcphaneciler<\/strong><\/span><\/p>\n<ul>\n<li>Bunlar\u0131n meslekle falan i\u015fleri yoktur<\/li>\n<li>Hasbelkader b\u00f6l\u00fcm\u00fc bitirmi\u015flerdir.<\/li>\n<li>Konjonkt\u00fcr hangi tarafta ise o tarafa y\u00f6nelirler<\/li>\n<li>S\u00fcrekli kadro aray\u0131\u015flar\u0131 vard\u0131r.<\/li>\n<li>Olmaz denilen kurumlar aras\u0131 ge\u00e7i\u015fleri yaparlar. Bir bakm\u0131\u015fs\u0131n \u00fcniversitede bir bakm\u0131\u015fs\u0131n K\u00fclt\u00fcr Bakanl\u0131\u011f\u0131nda<\/li>\n<li>Genelde \u00e7\u00f6z\u00fcm odakl\u0131 de\u011fil, koltuk odakl\u0131 konu\u015furlar<\/li>\n<\/ul>\n<p><span style=\"color: #ff0000;\"><strong>Sonradan K\u00fct\u00fcphaneciler<\/strong><\/span><\/p>\n<ul>\n<li>Bu t\u00fcr meslekten de\u011fildir<\/li>\n<li>K\u00fct\u00fcphaneci gibi davranmaya \u00e7al\u0131\u015f\u0131rlar<\/li>\n<li>Yetenekli olduklar\u0131n\u0131 d\u00fc\u015f\u00fcn\u00fcrler, mesle\u011fi k\u00fc\u00e7\u00fck g\u00f6r\u00fcrler<\/li>\n<li>K\u00fct\u00fcphanecili\u011fi sevdiklerinden de\u011fil unvan\u0131 sevdiklerinden zoraki meslek i\u00e7inde bulunurlar<\/li>\n<\/ul>\n<h1><span style=\"color: #ff0000;\"><strong><span style=\"font-size: 16px;\">Emektar K\u00fct\u00fcphaneciler<\/span><\/strong><\/span><\/h1>\n<ul>\n<li>Bu k\u00fct\u00fcphaneciler sayesinde meslek ayakta kalmaktad\u0131r asl\u0131nda<\/li>\n<li>Genelde tan\u0131nmaz<\/li>\n<li>En zor ko\u015fullarda \u00e7al\u0131\u015f\u0131rlar<\/li>\n<li>Reklam kayg\u0131lar\u0131 yoktur.<\/li>\n<li>Kurumlarda genelde\u00a0 abi veya abla diye hitap edilir<\/li>\n<li>Ufak hesaplar\u0131 yoktur.<\/li>\n<li>Genelde haks\u0131zl\u0131klar kar\u015f\u0131s\u0131nda kader der ge\u00e7er<\/li>\n<\/ul>\n<p><strong><span style=\"color: #ff0000;\">Sizce ka\u00e7 t\u00fcr k\u00fct\u00fcphaneci var&#8230;&#8230;..<\/span><\/strong><\/p>\n<p><strong><span style=\"color: #ff0000;\">Bizler, sizler hangi gruba giriyoruz&#8230;.<\/span><\/strong><\/p>\n<p><strong><span style=\"color: #ff0000;\">Sayg\u0131lar\u0131mla&#8230;&#8230;.<\/span><\/strong><\/p>\n<p><a href=\"http:\/\/ihalekutuphane.com\/2018\/02\/26\/kac-tur-kutuphaneci-var-beyaz-kutuphaneci-milli-kutuphaneci-cekirge-kutuphaneciler-emektar-kutuphaneciler\/\" target=\"_blank\" rel=\"noopener\">Kaynak<\/a><\/p>\n","protected":false},"excerpt":{"rendered":"<p>Merhabalar, Toplumsal ayr\u0131\u015fman\u0131n her ge\u00e7en g\u00fcn\u00fc derinle\u015fti\u011fi \u00fclkemizde, meslekta\u015flar aras\u0131nda da kampla\u015fmalar, \u00f6tekile\u015ftirmeler ne yaz\u0131k ki ya\u015fanmaktad\u0131r. Kar\u015f\u0131s\u0131ndakini yok sayma d\u00fc\u015f\u00fcncesi ki\u015fileri yok etmemekte asl\u0131nda sorunlar\u0131 b\u00fcy\u00fctmekte ve mesle\u011fimize zarar vermektedir. As\u0131l olan\u0131n k\u00fct\u00fcphanecilik mesle\u011fini toplumda sayg\u0131n bir yere g\u00f6t\u00fcrmek olan meslekta\u015flar gereksiz enerji harcamaktad\u0131r. Meslek Hayat\u0131mda Tan\u0131d\u0131\u011f\u0131m K\u00fct\u00fcphaneci T\u00fcrleri Beyaz K\u00fct\u00fcphaneciler: Bu t\u00fcr kendini [&hellip;]<\/p>\n","protected":false},"author":154,"featured_media":721,"comment_status":"open","ping_status":"open","sticky":false,"template":"","format":"standard","meta":{"footnotes":""},"categories":[1],"tags":[1147,1148,1149,1150],"class_list":["post-718","post","type-post","status-publish","format-standard","has-post-thumbnail","hentry","category-genel","tag-cekirge-kutuphaneciler","tag-emektar-kutuphaneciler","tag-kac-tur-kutuphaneci-var-beyaz-kutuphaneci","tag-milli-kutuphaneci"],"_links":{"self":[{"href":"https:\/\/www.bbyhaber.com\/bby\/wp-json\/wp\/v2\/posts\/718"}],"collection":[{"href":"https:\/\/www.bbyhaber.com\/bby\/wp-json\/wp\/v2\/posts"}],"about":[{"href":"https:\/\/www.bbyhaber.com\/bby\/wp-json\/wp\/v2\/types\/post"}],"author":[{"embeddable":true,"href":"https:\/\/www.bbyhaber.com\/bby\/wp-json\/wp\/v2\/users\/154"}],"replies":[{"embeddable":true,"href":"https:\/\/www.bbyhaber.com\/bby\/wp-json\/wp\/v2\/comments?post=718"}],"version-history":[{"count":0,"href":"https:\/\/www.bbyhaber.com\/bby\/wp-json\/wp\/v2\/posts\/718\/revisions"}],"wp:featuredmedia":[{"embeddable":true,"href":"https:\/\/www.bbyhaber.com\/bby\/wp-json\/"}],"wp:attachment":[{"href":"https:\/\/www.bbyhaber.com\/bby\/wp-json\/wp\/v2\/media?parent=718"}],"wp:term":[{"taxonomy":"category","embeddable":true,"href":"https:\/\/www.bbyhaber.com\/bby\/wp-json\/wp\/v2\/categories?post=718"},{"taxonomy":"post_tag","embeddable":true,"href":"https:\/\/www.bbyhaber.com\/bby\/wp-json\/wp\/v2\/tags?post=718"}],"curies":[{"name":"wp","href":"https:\/\/api.w.org\/{rel}","templated":true}]}}