{"id":7175,"date":"2012-10-15T15:34:44","date_gmt":"2012-10-15T12:34:44","guid":{"rendered":"http:\/\/www.bbyhaber.com\/bby\/?p=7175"},"modified":"2012-10-22T12:56:52","modified_gmt":"2012-10-22T09:56:52","slug":"tkd-genel-merkezi-25-donem-olagan-genel-kurulu-secim-sonuclari-ve-gorev-dagilimi","status":"publish","type":"post","link":"https:\/\/www.bbyhaber.com\/bby\/2012\/10\/15\/tkd-genel-merkezi-25-donem-olagan-genel-kurulu-secim-sonuclari-ve-gorev-dagilimi","title":{"rendered":"TKD Genel Merkezi 25. D\u00f6nem Ola\u011fan Genel Kurulu Se\u00e7im Sonu\u00e7lar\u0131 ve G\u00f6rev Da\u011f\u0131l\u0131m\u0131"},"content":{"rendered":"<p style=\"text-align: justify;\">T\u00fcrk K\u00fct\u00fcphaneciler Derne\u011fi Genel Merkezi 25. D\u00f6nem Ola\u011fan Genel Kurulu 13 Ekim Cumartesi g\u00fcn\u00fc Milli K\u00fct\u00fcphane Konferans Salonunda 65 delegenin 58&#8217;nin kat\u0131l\u0131m\u0131 ile ger\u00e7ekle\u015fmi\u015ftir. T\u00fcm delegelerimize, genel kurulda bizleri yaln\u0131z b\u0131rakmayan \u00fcyelerimize te\u015fekk\u00fcr ederiz.\u00a0 TKD Genel Merkez Y\u00f6netim kurulu ilk y\u00f6netim kurulu toplant\u0131s\u0131n\u0131 yaparak &#8220;g\u00f6rev da\u011f\u0131l\u0131m\u0131&#8221; ger\u00e7ekle\u015ftirmi\u015ftir. Genel Kurulda se\u00e7ilen Genel Ba\u015fkan, Y\u00f6netim Kurulu \u00dcyeleri ve G\u00f6revleri, Denetleme Kurulu ve Disiplin Kurulu \u00fcyeler\u00a0 a\u015fa\u011f\u0131daki gibidir.<!--more--><\/p>\n<p><strong>Ali Fuat Kartal<\/strong> (<span style=\"color: #0000ff;\"><strong>TKD Genel Ba\u015fkan\u0131<\/strong><\/span>)<\/p>\n<p><span style=\"color: #ff0000;\"><strong>Y\u00f6netim Kurulu \u00dcyeleri ve G\u00f6rev Da\u011f\u0131l\u0131mlar\u0131<\/strong><\/span><\/p>\n<p><a href=\"http:\/\/www.bbyhaber.com\/bby\/wp-content\/uploads\/2012\/10\/tkd-yonetim-kurulu-uyeleri.jpg\"><img loading=\"lazy\" decoding=\"async\" class=\"alignleft\" src=\"http:\/\/www.bbyhaber.com\/bby\/wp-content\/uploads\/2012\/10\/tkd-yonetim-kurulu-uyeleri.jpg\" alt=\"\" width=\"237\" height=\"130\" \/><\/a>Didar Bay\u0131r (S\u00fcreli ve S\u00fcrekli Gruplardan Sorumlu Genel Ba\u015fkan Yard\u0131mc\u0131s\u0131)<br \/>\nEsin Sultan O\u011fuz (Yay\u0131n \u0130\u015flerinden Sorumlu Genel Ba\u015fkan Yard\u0131mc\u0131s\u0131)<br \/>\nErol Y\u0131lmaz (\u015eubelerden Sorumlu Genel Ba\u015fkan Yard\u0131mc\u0131s\u0131)<br \/>\n\u015eenol Karadeniz (TKD Genel Sayman\u0131)<br \/>\nBurcu Keten (TKD Genel Yazman\u0131)<br \/>\nEmre Hasan Akbayrak (D\u0131\u015f \u0130li\u015fkilerden Sorumlu \u00dcye)<br \/>\nMehmet Manyas (Projelerden ve Bilimsel Etkinliklerden Sorumlu \u00dcye)<br \/>\nAyd\u0131n \u0130leri (Bas\u0131n ve Halkla \u0130li\u015fkilerden Sorumlu \u00dcye)<\/p>\n<p><strong><span style=\"color: #ff0000;\">Denetleme Kurulu \u00dcyeleri<\/span><\/strong><\/p>\n<p>Do\u011fan At\u0131lgan<br \/>\nTuncel Acar<br \/>\nZakir K\u00f6seo\u011flu<\/p>\n<p><span style=\"color: #ff0000;\"><strong>Disiplin Kurulu \u00fcyeleri<\/strong><\/span><\/p>\n<p>B\u00fclent Y\u0131lmaz<br \/>\nSemra At\u0131n\u00e7<br \/>\nSemih \u0130\u015fevi<br \/>\nMehmet Soluk<br \/>\nHacer \u00c7imen<\/p>\n<p>Kaynak: Ayd\u0131n \u0130leri (Bas\u0131n ve Halkla \u0130li\u015fkilerden Sorumlu \u00dcye)<\/p>\n","protected":false},"excerpt":{"rendered":"<p>T\u00fcrk K\u00fct\u00fcphaneciler Derne\u011fi Genel Merkezi 25. D\u00f6nem Ola\u011fan Genel Kurulu 13 Ekim Cumartesi g\u00fcn\u00fc Milli K\u00fct\u00fcphane Konferans Salonunda 65 delegenin 58&#8217;nin kat\u0131l\u0131m\u0131 ile ger\u00e7ekle\u015fmi\u015ftir. T\u00fcm delegelerimize, genel kurulda bizleri yaln\u0131z b\u0131rakmayan \u00fcyelerimize te\u015fekk\u00fcr ederiz.\u00a0 TKD Genel Merkez Y\u00f6netim kurulu ilk y\u00f6netim kurulu toplant\u0131s\u0131n\u0131 yaparak &#8220;g\u00f6rev da\u011f\u0131l\u0131m\u0131&#8221; ger\u00e7ekle\u015ftirmi\u015ftir. Genel Kurulda se\u00e7ilen Genel Ba\u015fkan, Y\u00f6netim Kurulu \u00dcyeleri [&hellip;]<\/p>\n","protected":false},"author":1,"featured_media":0,"comment_status":"open","ping_status":"open","sticky":false,"template":"","format":"standard","meta":{"footnotes":""},"categories":[1476,1],"tags":[],"class_list":["post-7175","post","type-post","status-publish","format-standard","hentry","category-aydin-ileri","category-genel"],"_links":{"self":[{"href":"https:\/\/www.bbyhaber.com\/bby\/wp-json\/wp\/v2\/posts\/7175"}],"collection":[{"href":"https:\/\/www.bbyhaber.com\/bby\/wp-json\/wp\/v2\/posts"}],"about":[{"href":"https:\/\/www.bbyhaber.com\/bby\/wp-json\/wp\/v2\/types\/post"}],"author":[{"embeddable":true,"href":"https:\/\/www.bbyhaber.com\/bby\/wp-json\/wp\/v2\/users\/1"}],"replies":[{"embeddable":true,"href":"https:\/\/www.bbyhaber.com\/bby\/wp-json\/wp\/v2\/comments?post=7175"}],"version-history":[{"count":0,"href":"https:\/\/www.bbyhaber.com\/bby\/wp-json\/wp\/v2\/posts\/7175\/revisions"}],"wp:attachment":[{"href":"https:\/\/www.bbyhaber.com\/bby\/wp-json\/wp\/v2\/media?parent=7175"}],"wp:term":[{"taxonomy":"category","embeddable":true,"href":"https:\/\/www.bbyhaber.com\/bby\/wp-json\/wp\/v2\/categories?post=7175"},{"taxonomy":"post_tag","embeddable":true,"href":"https:\/\/www.bbyhaber.com\/bby\/wp-json\/wp\/v2\/tags?post=7175"}],"curies":[{"name":"wp","href":"https:\/\/api.w.org\/{rel}","templated":true}]}}