{"id":7165,"date":"2012-10-15T14:23:25","date_gmt":"2012-10-15T11:23:25","guid":{"rendered":"http:\/\/www.bbyhaber.com\/bby\/?p=7165"},"modified":"2012-10-15T14:23:58","modified_gmt":"2012-10-15T11:23:58","slug":"silvanin-kitap-kurtlari-kutuphaneyi-bos-birakmiyor","status":"publish","type":"post","link":"https:\/\/www.bbyhaber.com\/bby\/2012\/10\/15\/silvanin-kitap-kurtlari-kutuphaneyi-bos-birakmiyor","title":{"rendered":"Silvan\u2019\u0131n Kitap Kurtlar\u0131 K\u00fct\u00fcphaneyi Bo\u015f B\u0131rakm\u0131yor"},"content":{"rendered":"<p style=\"text-align: justify;\">Diyarbak\u0131r\u2019\u0131n Silvan il\u00e7esindeki kitap kurtlar\u0131 <a href=\"http:\/\/www.facebook.com\/pages\/Silvan-%C4%B0l%C3%A7e-Halk-K%C3%BCt%C3%BCphanesi\/284684965029\" target=\"_blank\">Silvan \u0130l\u00e7e Halk K\u00fct\u00fcphanesi<\/a>&#8216;ni bo\u015f b\u0131rakm\u0131yor. \u00d6\u011fretmenleriyle her hafta d\u00fczenli olarak halk k\u00fct\u00fcphanesini ziyaret eden \u00f6\u011frenciler, burada yar\u0131m saat kitap okuyor, daha sonra yeni kitaplar alarak evlerine d\u00f6n\u00fcyor. Diyarbak\u0131r Silvan&#8217;da e\u011fitim \u00f6\u011fretim faaliyetlerini s\u00fcrd\u00fcren \u00d6zel M. \u0130hsan Arslan Ortaokulu \u00f6\u011frencileri, \u00f6\u011fretmenlerinin \u00f6nderli\u011finde Silvan Halk K\u00fct\u00fcphanesi&#8217;ne \u00fcye oldu.<\/p>\n<p style=\"text-align: justify;\">Okulun T\u00fcrk\u00e7e \u00f6\u011fretmeni Ali Elald\u0131 taraf\u0131ndan kademeli olarak yap\u0131lan k\u00fct\u00fcphane gezileri sonucunda k\u00fct\u00fcphane k\u00fclt\u00fcr\u00fc hakk\u0131nda \u00f6\u011frencilere bilgiler verilip k\u00fct\u00fcphaneye \u00fcyelikleri sa\u011fland\u0131. Her \u00f6\u011frenci \u00fcyeliklerinin ard\u0131ndan birer \u00e7ocuk kitab\u0131 ald\u0131. Okulda her g\u00fcn derslerden \u00f6nce yap\u0131lan 30 dakikal\u0131k kitap okuma saati k\u00fct\u00fcphanenin okuma salonunda ger\u00e7ekle\u015ftirildi.<!--more--><\/p>\n<p style=\"text-align: justify;\">Okul m\u00fcd\u00fcr\u00fc Cem Bekta\u015f, k\u00fct\u00fcphane al\u0131\u015fkanl\u0131\u011f\u0131n\u0131 kazand\u0131rmay\u0131 ama\u00e7lad\u0131klar\u0131n\u0131 s\u00f6yledi. Bekta\u015f, bu etkinli\u011fin \u00f6\u011frencilere kitap okuma ve k\u00fct\u00fcphaneden faydalanma k\u00fclt\u00fcr\u00fcn\u00fcn a\u015f\u0131lanmas\u0131 a\u00e7\u0131s\u0131ndan son derece \u00f6nemli oldu\u011funu ifade etti. Bekta\u015f, internetin yayg\u0131nla\u015fmas\u0131 ile k\u00fct\u00fcphanelerden istifade etme al\u0131\u015fkanl\u0131\u011f\u0131n\u0131n yok olmaya ba\u015flad\u0131\u011f\u0131n\u0131, oysa okullar\u0131ndaki \u00f6\u011frencilerin k\u00fct\u00fcphaneye \u00fcye olmas\u0131yla bu y\u00f6nde ciddi bir te\u015fvikin sa\u011fland\u0131\u011f\u0131n\u0131 kaydetti.<\/p>\n<p style=\"text-align: justify;\">T\u00fcrk\u00e7e \u00f6\u011fretmeni Ali Elald\u0131 ise bu geziyi K\u00fct\u00fcphane Haftas\u0131\u2019nda da tekrarlayacaklar\u0131n\u0131 belirterek, \u00f6\u011frencilere ara\u015ft\u0131rma yaparken farkl\u0131 kaynaklardan yararlanabilme becerisini kazand\u0131rmak istediklerini ifade etti.<\/p>\n<p style=\"text-align: justify;\">Kaynak: http:\/\/www.haberimport.com<\/p>\n","protected":false},"excerpt":{"rendered":"<p>Diyarbak\u0131r\u2019\u0131n Silvan il\u00e7esindeki kitap kurtlar\u0131 Silvan \u0130l\u00e7e Halk K\u00fct\u00fcphanesi&#8216;ni bo\u015f b\u0131rakm\u0131yor. \u00d6\u011fretmenleriyle her hafta d\u00fczenli olarak halk k\u00fct\u00fcphanesini ziyaret eden \u00f6\u011frenciler, burada yar\u0131m saat kitap okuyor, daha sonra yeni kitaplar alarak evlerine d\u00f6n\u00fcyor. Diyarbak\u0131r Silvan&#8217;da e\u011fitim \u00f6\u011fretim faaliyetlerini s\u00fcrd\u00fcren \u00d6zel M. \u0130hsan Arslan Ortaokulu \u00f6\u011frencileri, \u00f6\u011fretmenlerinin \u00f6nderli\u011finde Silvan Halk K\u00fct\u00fcphanesi&#8217;ne \u00fcye oldu. Okulun T\u00fcrk\u00e7e \u00f6\u011fretmeni [&hellip;]<\/p>\n","protected":false},"author":1,"featured_media":0,"comment_status":"open","ping_status":"open","sticky":false,"template":"","format":"standard","meta":{"footnotes":""},"categories":[1],"tags":[848],"class_list":["post-7165","post","type-post","status-publish","format-standard","hentry","category-genel","tag-halk-kutuphaneleri"],"_links":{"self":[{"href":"https:\/\/www.bbyhaber.com\/bby\/wp-json\/wp\/v2\/posts\/7165"}],"collection":[{"href":"https:\/\/www.bbyhaber.com\/bby\/wp-json\/wp\/v2\/posts"}],"about":[{"href":"https:\/\/www.bbyhaber.com\/bby\/wp-json\/wp\/v2\/types\/post"}],"author":[{"embeddable":true,"href":"https:\/\/www.bbyhaber.com\/bby\/wp-json\/wp\/v2\/users\/1"}],"replies":[{"embeddable":true,"href":"https:\/\/www.bbyhaber.com\/bby\/wp-json\/wp\/v2\/comments?post=7165"}],"version-history":[{"count":0,"href":"https:\/\/www.bbyhaber.com\/bby\/wp-json\/wp\/v2\/posts\/7165\/revisions"}],"wp:attachment":[{"href":"https:\/\/www.bbyhaber.com\/bby\/wp-json\/wp\/v2\/media?parent=7165"}],"wp:term":[{"taxonomy":"category","embeddable":true,"href":"https:\/\/www.bbyhaber.com\/bby\/wp-json\/wp\/v2\/categories?post=7165"},{"taxonomy":"post_tag","embeddable":true,"href":"https:\/\/www.bbyhaber.com\/bby\/wp-json\/wp\/v2\/tags?post=7165"}],"curies":[{"name":"wp","href":"https:\/\/api.w.org\/{rel}","templated":true}]}}