{"id":7152,"date":"2012-10-15T10:24:28","date_gmt":"2012-10-15T07:24:28","guid":{"rendered":"http:\/\/www.bbyhaber.com\/bby\/?p=7152"},"modified":"2012-10-15T10:24:28","modified_gmt":"2012-10-15T07:24:28","slug":"turkiye-kitap-uretiminde-dunyada-13-sirada","status":"publish","type":"post","link":"https:\/\/www.bbyhaber.com\/bby\/2012\/10\/15\/turkiye-kitap-uretiminde-dunyada-13-sirada","title":{"rendered":"T\u00fcrkiye kitap \u00fcretiminde d\u00fcnyada 13. s\u0131rada"},"content":{"rendered":"<p style=\"text-align: justify;\">K\u00fct\u00fcphaneler ve Yay\u0131mlar Genel M\u00fcd\u00fcr\u00fc Prof. Dr. Onur Bilge Kula, Frankfurt Kitap Fuar\u0131\u2019ndaki konu\u015fmas\u0131nda T\u00fcrkiye\u2019nin kitap \u00fcretiminde d\u00fcnyada 13. s\u0131rada oldu\u011funu s\u00f6yledi. Kula, \u201cT\u00fcrkiye d\u00fcnya kitap \u00fcretiminde 13. s\u0131rada. Ki\u015fi ba\u015f\u0131na kitap okuma oran\u0131 y\u00fczde 7,2. Edebiyat \u00fcretimi \u00e7ok geli\u015fkin. Neredeyse g\u00fcnde 5 roman veya hikaye kitab\u0131 yay\u0131mlan\u0131yor\u201d bilgisini verdi.<!--more--><\/p>\n<p style=\"text-align: justify;\">Kula, T\u00fcrkiye\u2019nin \u00fcretti\u011fi edebiyat eserlerinin d\u00fcnyan\u0131n 55 \u00fclkesinde, d\u00fcnya n\u00fcfusunun yakla\u015f\u0131k y\u00fczde 75\u2032i taraf\u0131ndan okundu\u011funu, daha yayg\u0131n bir \u015fekilde okunmalar\u0131 i\u00e7in \u00e7al\u0131\u015fmalar yapt\u0131klar\u0131n\u0131 belirterek, \u201cBunun i\u00e7in nitelikli \u00e7eviriyi \u00e7ok \u00f6nemsiyoruz. \u00c7\u00fcnk\u00fc \u00e7eviri bir edebiyat eserinin bir ba\u015fka dilde yeniden yaz\u0131m\u0131 demektir\u201d \u015feklinde konu\u015ftu.<\/p>\n<p style=\"text-align: justify;\">T\u00fcrkiye\u2019nin kitap \u00fcretimiyle ilgili say\u0131sal bilgiler de veren Kula, \u201c2011 itibar\u0131yla 43 bin 100 adet uluslararas\u0131 standart kitap numaras\u0131 verdik. Bu say\u0131ya ek olarak ISBN numaras\u0131 almadan da yay\u0131mlanan kitaplar\u0131 d\u00fc\u015f\u00fcnd\u00fc\u011f\u00fcm\u00fczde 2011 y\u0131l\u0131ndaki kitap \u00fcretiminin 50 bin civar\u0131nda oldu\u011funu var say\u0131yoruz. 2012 y\u0131l\u0131nda ise sadece ISBN numaras\u0131 verilerek bas\u0131lan kitaplar\u0131n say\u0131s\u0131n\u0131n 55 bini ge\u00e7ece\u011fini d\u00fc\u015f\u00fcn\u00fcyoruz\u201d dedi.<\/p>\n<p style=\"text-align: justify;\">Kaynak: http:\/\/www.demokrathaber.net<\/p>\n","protected":false},"excerpt":{"rendered":"<p>K\u00fct\u00fcphaneler ve Yay\u0131mlar Genel M\u00fcd\u00fcr\u00fc Prof. Dr. Onur Bilge Kula, Frankfurt Kitap Fuar\u0131\u2019ndaki konu\u015fmas\u0131nda T\u00fcrkiye\u2019nin kitap \u00fcretiminde d\u00fcnyada 13. s\u0131rada oldu\u011funu s\u00f6yledi. Kula, \u201cT\u00fcrkiye d\u00fcnya kitap \u00fcretiminde 13. s\u0131rada. Ki\u015fi ba\u015f\u0131na kitap okuma oran\u0131 y\u00fczde 7,2. Edebiyat \u00fcretimi \u00e7ok geli\u015fkin. Neredeyse g\u00fcnde 5 roman veya hikaye kitab\u0131 yay\u0131mlan\u0131yor\u201d bilgisini verdi.<\/p>\n","protected":false},"author":1,"featured_media":0,"comment_status":"open","ping_status":"open","sticky":false,"template":"","format":"standard","meta":{"footnotes":""},"categories":[1],"tags":[],"class_list":["post-7152","post","type-post","status-publish","format-standard","hentry","category-genel"],"_links":{"self":[{"href":"https:\/\/www.bbyhaber.com\/bby\/wp-json\/wp\/v2\/posts\/7152"}],"collection":[{"href":"https:\/\/www.bbyhaber.com\/bby\/wp-json\/wp\/v2\/posts"}],"about":[{"href":"https:\/\/www.bbyhaber.com\/bby\/wp-json\/wp\/v2\/types\/post"}],"author":[{"embeddable":true,"href":"https:\/\/www.bbyhaber.com\/bby\/wp-json\/wp\/v2\/users\/1"}],"replies":[{"embeddable":true,"href":"https:\/\/www.bbyhaber.com\/bby\/wp-json\/wp\/v2\/comments?post=7152"}],"version-history":[{"count":0,"href":"https:\/\/www.bbyhaber.com\/bby\/wp-json\/wp\/v2\/posts\/7152\/revisions"}],"wp:attachment":[{"href":"https:\/\/www.bbyhaber.com\/bby\/wp-json\/wp\/v2\/media?parent=7152"}],"wp:term":[{"taxonomy":"category","embeddable":true,"href":"https:\/\/www.bbyhaber.com\/bby\/wp-json\/wp\/v2\/categories?post=7152"},{"taxonomy":"post_tag","embeddable":true,"href":"https:\/\/www.bbyhaber.com\/bby\/wp-json\/wp\/v2\/tags?post=7152"}],"curies":[{"name":"wp","href":"https:\/\/api.w.org\/{rel}","templated":true}]}}