{"id":7138,"date":"2012-10-13T13:42:22","date_gmt":"2012-10-13T10:42:22","guid":{"rendered":"http:\/\/www.bbyhaber.com\/bby\/?p=7138"},"modified":"2015-02-24T09:55:02","modified_gmt":"2015-02-24T07:55:02","slug":"milli-egitim-bakanligi-bircok-materyallerin-bulundugu-z-kutuphaneleri-kurmaya-basladi","status":"publish","type":"post","link":"https:\/\/www.bbyhaber.com\/bby\/2012\/10\/13\/milli-egitim-bakanligi-bircok-materyallerin-bulundugu-z-kutuphaneleri-kurmaya-basladi","title":{"rendered":"Milli E\u011fitim Bakanl\u0131\u011f\u0131 bir\u00e7ok materyallerin bulundu\u011fu z-k\u00fct\u00fcphaneleri kurmaya ba\u015flad\u0131"},"content":{"rendered":"<p style=\"text-align: justify;\"><a href=\"http:\/\/www.bbyhaber.com\/bby\/wp-content\/uploads\/2012\/10\/z-kutup2.jpg\"><img loading=\"lazy\" decoding=\"async\" class=\"alignleft\" src=\"http:\/\/www.bbyhaber.com\/bby\/wp-content\/uploads\/2012\/10\/z-kutup2.jpg\" alt=\"\" width=\"228\" height=\"200\" \/><\/a><span style=\"color: #0000ff;\"><strong>\u201cMilli E\u011fitim Bakanl\u0131\u011f\u0131 okul k\u00fct\u00fcphanelerine el at\u0131yor; fakat buralarda \u00e7al\u0131\u015fmas\u0131 gereken ki\u015filerde \u201dBilgi ve Belge Y\u00f6netimi B\u00f6l\u00fcm\u00fc\u201dnden mezun olma \u015fart\u0131n\u0131 hi\u00e7bir \u015fekilde belirtmiyor ve; <!--more--><\/strong><\/span><span style=\"color: #0000ff;\"><strong>&#8220;<a href=\"http:\/\/www.bbyhaber.com\/bby\/wp-content\/uploads\/dosyalar\/mevzuat\/MEB-Okul-Kutuphaneleri-Yonetmeligi.pdf\" target=\"_blank\">MEB Okul K\u00fct\u00fcphaneleri Y\u00f6netmeli\u011finin\u00a0 Atama veya G\u00f6revlendirme<\/a> Madde 7&#8217;ye g\u00f6re\u00a0 \u2014 Kitap say\u0131s\u0131 3000&#8217;i a\u015fan okul k\u00fct\u00fcphanelerine bir k\u00fct\u00fcphaneci atan\u0131r. K\u00fct\u00fcphanecinin atanamad\u0131\u011f\u0131 durumlarda Y\u00f6netimce k\u00fct\u00fcphanecilik kursu alm\u0131\u015f her \u00f6\u011fretmen yoksa \u00f6\u011fretmenler kurulunca belirlenecek bir \u00f6\u011fretmen g\u00f6revlendirilir. \u00d6\u011fretmene yard\u0131mc\u0131 olmak \u00fczere okul m\u00fcd\u00fcrl\u00fc\u011f\u00fcnce bir memur\u00a0g\u00f6revlendirilir. \u00d6\u011fretmen ve memurun, Bakanl\u0131k\u00e7a d\u00fczenlenecek programa g\u00f6re k\u00fct\u00fcphanecilik ile ilgili hizmeti\u00e7i e\u011fitim kursuna kat\u0131lmalar\u0131 sa\u011flan\u0131r. K\u00fct\u00fcphaneciye ve k\u00fct\u00fcphanede g\u00f6revlendirilen memura ba\u015fka g\u00f6rev verilmez&#8221; belirtilmesine ra\u011fmen MEB, KPSS ile k\u00fct\u00fcphaneci kadrosu a\u00e7m\u0131yor. Bilgi ve Belge Y\u00f6netimi B\u00f6l\u00fcm\u00fc mezunu t\u00fcm meslekta\u015flar\u0131m\u0131z buralarda kadro a\u00e7\u0131lmas\u0131n\u0131 talep etmektedirler ve sosyal medya arac\u0131l\u0131\u011f\u0131 ile \u00e7e\u015fitli platformlarda (twitter hashtag <a href=\"https:\/\/twitter.com\/search?q=%23bbykadroistiyoruz&amp;src=typd\" target=\"_blank\">#bbykadroistiyoruz <\/a>) kadro isteklerini dile getirmeye \u00e7al\u0131\u015fmaktad\u0131rlar.@bbyhaber\u201d<\/strong><\/span><\/p>\n<p style=\"text-align: justify;\">Milli E\u011fitim Bakanl\u0131\u011f\u0131 (MEB), okuma k\u00fclt\u00fcr\u00fcn\u00fcn geli\u015ftirilmesi i\u00e7in bilgisayardan elektronik e\u011fitim materyallerine, internetten zeka oyunlar\u0131na kadar \u00e7ocuklar\u0131n ilgisini \u00e7ekebilecek bir\u00e7ok materyallerin bulundu\u011fu z-k\u00fct\u00fcphaneleri (<strong><span style=\"color: #0000ff;\"><a href=\"http:\/\/www.meb.gov.tr\/haberler\/ZKutuphane\/hedef\/index.htm\" target=\"_blank\"><span style=\"color: #0000ff;\">\u00f6rnek i\u00e7in t\u0131klay\u0131n\u0131z<\/span><\/a><\/span><\/strong>)\u00a0kurmaya ba\u015flad\u0131.<\/p>\n<p><!--more-->MEB M\u00fcste\u015far Yard\u0131mc\u0131s\u0131 Prof. Dr. Halis Yunus Ers\u00f6z, &#8221;Okullar Hayat Olsun Projesi&#8221;nin temel amac\u0131n\u0131n e\u011fitimi topluma yaymak ve okullar\u0131 toplumla b\u00fct\u00fcnle\u015ftirmek oldu\u011funu ifade ederek, mahallelilik bilincinin yeniden do\u011fmas\u0131na katk\u0131 sa\u011flayarak merkezi bulu\u015fma yeri olmas\u0131n\u0131 hedefledikleri okullar\u0131 g\u00fcvenli bir ya\u015fam ve hayat boyu \u00f6\u011frenme merkezlerine d\u00f6n\u00fc\u015ft\u00fcrmek istediklerini s\u00f6yledi.<\/p>\n<p>E\u011fitim \u00f6\u011fretim saatleri d\u0131\u015f\u0131nda okullar\u0131n, dersliklerin, konferans salonlar\u0131n\u0131n, spor salonlar\u0131n\u0131n ve bah\u00e7elerinin toplum hizmetine a\u00e7\u0131lmas\u0131n\u0131 \u00f6nemsediklerini dile getiren Ers\u00f6z, bu kapsamda haz\u0131rlad\u0131klar\u0131 projenin bir aya\u011f\u0131n\u0131n da z-k\u00fct\u00fcphaneler (zenginle\u015ftirilmi\u015f k\u00fct\u00fcphane) oldu\u011funu dile getirdi.<\/p>\n<p>Yeni yap\u0131lan okullarda z-k\u00fct\u00fcphanelerin yap\u0131ld\u0131\u011f\u0131n\u0131 eski okullarda ise giri\u015f katlar\u0131na \u00f6nceleri \u00fcst katlarda yer alan k\u00fct\u00fcphane ve bilgi teknolojileri s\u0131n\u0131flar\u0131n\u0131 bir araya getirerek k\u00fct\u00fcphaneleri kurduklar\u0131n\u0131 anlatan Ers\u00f6z, bu \u015fekilde insanlar\u0131n bu alanlara daha kolay eri\u015febilmelerine imkan tan\u0131d\u0131klar\u0131n\u0131 ifade etti.<\/p>\n<p>Okuma k\u00fclt\u00fcr\u00fcn\u00fcn yayg\u0131nla\u015ft\u0131r\u0131lmas\u0131nda okul k\u00fct\u00fcphanelerinin \u00f6nemli bir i\u015fleve sahip oldu\u011funun alt\u0131n\u0131 \u00e7izen Ers\u00f6z, bu kapsamda k\u00fct\u00fcphanelerin geli\u015ftirilmesi i\u00e7in &#8221;Okuma K\u00fclt\u00fcr\u00fc ve K\u00fct\u00fcphaneler Grup Ba\u015fkanl\u0131\u011f\u0131&#8221; kurduklar\u0131n\u0131, ba\u015fkanl\u0131\u011f\u0131n \u00e7e\u015fitli kurulu\u015flarla i\u015fbirli\u011fi halinde, d\u00fcnyadaki \u00f6rneklerden de yola \u00e7\u0131karak zevkli, e\u011flendirici, estetik ve \u00e7ocuklar\u0131n hayal d\u00fcnyalar\u0131n\u0131 harekete ge\u00e7irici malzemelerle desteklenmi\u015f yenilik\u00e7i k\u00fct\u00fcphane tasar\u0131mlar\u0131 \u00fcretti\u011fini belirtti.<\/p>\n<p>Okullar\u0131n en geni\u015f ve ferah mekanlar\u0131n\u0131n k\u00fct\u00fcphane alan\u0131 olarak se\u00e7ildi\u011fini dile getiren Ers\u00f6z, bu k\u00fct\u00fcphanelerde, bilgisayar, internet ba\u011flant\u0131s\u0131, yaz\u0131c\u0131 bulundu\u011funu belirterek, &#8221;Burada elektronik kaynaklar ve temel eserler olacak. \u00d6\u011frencilerimiz burada \u00f6devlerini yap\u0131p, \u00e7\u0131kt\u0131lar\u0131n\u0131 als\u0131n, oyun oynas\u0131n, internete girsin, kitap okusun istiyoruz. Bu ama\u00e7la saat 21.00&#8217;e kadar ve hafta sonlar\u0131 buralar\u0131 a\u00e7\u0131k tutmay\u0131 planl\u0131yoruz. Z-k\u00fct\u00fcphanelerde \u00f6\u011frencilere bas\u0131l\u0131, sesli ve elektronik kitaplar bulu\u015fturarak alternatif okuma se\u00e7enekleri de sunaca\u011f\u0131z&#8221; dedi.<\/p>\n<p>-Z-K\u00fct\u00fcphanelerde mangala, yapboz, film ve oyuncaklar da bulunacak-<\/p>\n<p><a href=\"http:\/\/www.bbyhaber.com\/bby\/wp-content\/uploads\/2012\/10\/z-kutup3.jpg\"><img loading=\"lazy\" decoding=\"async\" class=\"alignleft\" src=\"http:\/\/www.bbyhaber.com\/bby\/wp-content\/uploads\/2012\/10\/z-kutup3.jpg\" alt=\"\" width=\"200\" height=\"200\" \/><\/a>\u00d6\u011frencilerin \u00e7al\u0131\u015fmalar\u0131n\u0131n burada sergileyebilecekleri bir alan\u0131n da bu k\u00fct\u00fcphaneler i\u00e7erisinde yer alaca\u011f\u0131na i\u015faret eden Ers\u00f6z, burada \u00e7ocuk edebiyat\u0131ndan g\u00fcncel kitaplar, satran\u00e7 masalar\u0131, mangala, tangram, yapbozlar, zeka geli\u015ftirici oyuncak, \u00f6\u011frenme oyunlar\u0131, CD, DVD ve bilgisayar oyunlar\u0131 ve filmlerin de bulunaca\u011f\u0131n\u0131 vurgulad\u0131.<\/p>\n<p>\u00d6\u011frencilerin buradan \u00f6d\u00fcn\u00e7 kitap al\u0131p verebilece\u011fini belirten Ers\u00f6z, &#8221;\u00d6\u011frenciler burada dinlenensin rahat etsin istedik. Bu ama\u00e7la yer minderleri, koltuk ve kanepe gibi rahat oturulabilecek mobilyalar buralara konulacak. Onlar\u0131n ilgisini \u00e7ekebilecek ve k\u00fct\u00fcphanelerde vakit ge\u00e7irmesine olanak sa\u011flayacak her \u015fey burada yer alacak. \u0130lkokullar i\u00e7in ayr\u0131 liseler i\u00e7in ayr\u0131 tasar\u0131m yapt\u0131k. \u0130lk okuldaki renklerimiz daha canl\u0131 \u00e7ocuklar\u0131n geli\u015fimine daha uygun. Liseler i\u00e7in yap\u0131lan tasar\u0131mda daha soft renkler hakim&#8221; diye konu\u015ftu.<\/p>\n<p style=\"text-align: justify;\">Kaynak:http:\/\/www.dunya.com\/<\/p>\n","protected":false},"excerpt":{"rendered":"<p>\u201cMilli E\u011fitim Bakanl\u0131\u011f\u0131 okul k\u00fct\u00fcphanelerine el at\u0131yor; fakat buralarda \u00e7al\u0131\u015fmas\u0131 gereken ki\u015filerde \u201dBilgi ve Belge Y\u00f6netimi B\u00f6l\u00fcm\u00fc\u201dnden mezun olma \u015fart\u0131n\u0131 hi\u00e7bir \u015fekilde belirtmiyor ve;<\/p>\n","protected":false},"author":1,"featured_media":0,"comment_status":"open","ping_status":"open","sticky":false,"template":"","format":"standard","meta":{"footnotes":""},"categories":[1510],"tags":[845,1447],"class_list":["post-7138","post","type-post","status-publish","format-standard","hentry","category-z-kutuphane","tag-okul-kutuphaneleri","tag-z-zenginlestirilmis-kutuphaneler"],"_links":{"self":[{"href":"https:\/\/www.bbyhaber.com\/bby\/wp-json\/wp\/v2\/posts\/7138"}],"collection":[{"href":"https:\/\/www.bbyhaber.com\/bby\/wp-json\/wp\/v2\/posts"}],"about":[{"href":"https:\/\/www.bbyhaber.com\/bby\/wp-json\/wp\/v2\/types\/post"}],"author":[{"embeddable":true,"href":"https:\/\/www.bbyhaber.com\/bby\/wp-json\/wp\/v2\/users\/1"}],"replies":[{"embeddable":true,"href":"https:\/\/www.bbyhaber.com\/bby\/wp-json\/wp\/v2\/comments?post=7138"}],"version-history":[{"count":0,"href":"https:\/\/www.bbyhaber.com\/bby\/wp-json\/wp\/v2\/posts\/7138\/revisions"}],"wp:attachment":[{"href":"https:\/\/www.bbyhaber.com\/bby\/wp-json\/wp\/v2\/media?parent=7138"}],"wp:term":[{"taxonomy":"category","embeddable":true,"href":"https:\/\/www.bbyhaber.com\/bby\/wp-json\/wp\/v2\/categories?post=7138"},{"taxonomy":"post_tag","embeddable":true,"href":"https:\/\/www.bbyhaber.com\/bby\/wp-json\/wp\/v2\/tags?post=7138"}],"curies":[{"name":"wp","href":"https:\/\/api.w.org\/{rel}","templated":true}]}}