{"id":7131,"date":"2012-10-12T00:38:24","date_gmt":"2012-10-11T21:38:24","guid":{"rendered":"http:\/\/www.bbyhaber.com\/bby\/?p=7131"},"modified":"2012-10-12T00:45:44","modified_gmt":"2012-10-11T21:45:44","slug":"bitlis-il-halk-kutuphanesinden-bedensel-engelliler-ziyareti","status":"publish","type":"post","link":"https:\/\/www.bbyhaber.com\/bby\/2012\/10\/12\/bitlis-il-halk-kutuphanesinden-bedensel-engelliler-ziyareti","title":{"rendered":"Bitlis \u0130l Halk K\u00fct\u00fcphanesinden Bedensel Engelliler Ziyareti"},"content":{"rendered":"<p style=\"text-align: justify;\"><strong>Ar<\/strong>t<strong>\u0131k Saklanmak \u0130stemiyorum Bedensel Engelliler Derne\u011fi<\/strong>\u00a0(AS\u0130BED)&#8217;ne, <a href=\"http:\/\/www.bitliskutup.gov.tr\/\" target=\"_blank\">Bitlis \u0130l Halk K\u00fct\u00fcphanesi&#8217;nde <\/a>g\u00f6reve yeni ba\u015flayan K\u00fct\u00fcphaneci Hakan Y\u00dcCEL, <a href=\"http:\/\/kaynak.unak.org.tr\/bildiri\/unak02\/u02-15.pdf\" target=\"_blank\">k\u00fct\u00fcphanelerde uygulanan halkla ili\u015fkiler faaliyeti<\/a> \u00e7er\u00e7evesinde hizmet g\u00f6t\u00fcrmektedir. K\u00fct\u00fcphaneye \u00fcye olan engelli kullan\u0131c\u0131lar\u0131n istedikleri kitaplar\u0131 derne\u011fe g\u00f6t\u00fcrerek onlar\u0131n bilgi ihtiya\u00e7lar\u0131n\u0131 kar\u015f\u0131lamakta ve her ay giderek \u00f6d\u00fcn\u00e7 verilen kitaplar\u0131 di\u011fer kitaplarla g\u00fcncellemektedir. <!--more-->Bitlis Bedensel Engelliler Derne\u011fi ile yapt\u0131klar\u0131\u00a0g\u00f6r\u00fc\u015fme neticesinde derneklerine ge\u00e7ici derme kurulabilece\u011fi hakk\u0131nda bilgilendirme yap\u0131ld\u0131\u011f\u0131 ve dermenin kurulmas\u0131 i\u00e7in giri\u015fimlere ba\u015flan\u0131laca\u011f\u0131 bildirildi.<\/p>\n<p><a href=\"http:\/\/www.facebook.com\/bitlis.ilhalkkutuphanesi\" target=\"_blank\">Bitlis \u0130l Halk K\u00fct\u00fcphanesi Facebook sayfas\u0131 i\u00e7in t\u0131klay\u0131n\u0131z.<\/a><\/p>\n<p><a href=\"http:\/\/www.bbyhaber.com\/bby\/wp-content\/uploads\/2012\/10\/bitlis-halk-1.jpg\"><img loading=\"lazy\" decoding=\"async\" class=\"alignleft size-thumbnail wp-image-7132\" title=\"bitlis-halk 1\" src=\"http:\/\/www.bbyhaber.com\/bby\/wp-content\/uploads\/2012\/10\/bitlis-halk-1.jpg\" alt=\"\" width=\"150\" height=\"150\" \/><\/a><a href=\"http:\/\/www.bbyhaber.com\/bby\/wp-content\/uploads\/2012\/10\/bitlis-halk-2.jpg\"><img loading=\"lazy\" decoding=\"async\" class=\"alignleft size-thumbnail wp-image-7133\" title=\"bitlis-halk 2\" src=\"http:\/\/www.bbyhaber.com\/bby\/wp-content\/uploads\/2012\/10\/bitlis-halk-2.jpg\" alt=\"\" width=\"150\" height=\"150\" \/><\/a><\/p>\n","protected":false},"excerpt":{"rendered":"<p>Art\u0131k Saklanmak \u0130stemiyorum Bedensel Engelliler Derne\u011fi\u00a0(AS\u0130BED)&#8217;ne, Bitlis \u0130l Halk K\u00fct\u00fcphanesi&#8217;nde g\u00f6reve yeni ba\u015flayan K\u00fct\u00fcphaneci Hakan Y\u00dcCEL, k\u00fct\u00fcphanelerde uygulanan halkla ili\u015fkiler faaliyeti \u00e7er\u00e7evesinde hizmet g\u00f6t\u00fcrmektedir. K\u00fct\u00fcphaneye \u00fcye olan engelli kullan\u0131c\u0131lar\u0131n istedikleri kitaplar\u0131 derne\u011fe g\u00f6t\u00fcrerek onlar\u0131n bilgi ihtiya\u00e7lar\u0131n\u0131 kar\u015f\u0131lamakta ve her ay giderek \u00f6d\u00fcn\u00e7 verilen kitaplar\u0131 di\u011fer kitaplarla g\u00fcncellemektedir.<\/p>\n","protected":false},"author":1,"featured_media":0,"comment_status":"open","ping_status":"open","sticky":false,"template":"","format":"standard","meta":{"footnotes":""},"categories":[1484,1485,1],"tags":[204,848],"class_list":["post-7131","post","type-post","status-publish","format-standard","hentry","category-engelliler-icin-bilgi-merkezleri","category-engelliler-icin-kutuphane","category-genel","tag-bilgiye-erisimde-engelli-degilsiniz-projesi","tag-halk-kutuphaneleri"],"_links":{"self":[{"href":"https:\/\/www.bbyhaber.com\/bby\/wp-json\/wp\/v2\/posts\/7131"}],"collection":[{"href":"https:\/\/www.bbyhaber.com\/bby\/wp-json\/wp\/v2\/posts"}],"about":[{"href":"https:\/\/www.bbyhaber.com\/bby\/wp-json\/wp\/v2\/types\/post"}],"author":[{"embeddable":true,"href":"https:\/\/www.bbyhaber.com\/bby\/wp-json\/wp\/v2\/users\/1"}],"replies":[{"embeddable":true,"href":"https:\/\/www.bbyhaber.com\/bby\/wp-json\/wp\/v2\/comments?post=7131"}],"version-history":[{"count":0,"href":"https:\/\/www.bbyhaber.com\/bby\/wp-json\/wp\/v2\/posts\/7131\/revisions"}],"wp:attachment":[{"href":"https:\/\/www.bbyhaber.com\/bby\/wp-json\/wp\/v2\/media?parent=7131"}],"wp:term":[{"taxonomy":"category","embeddable":true,"href":"https:\/\/www.bbyhaber.com\/bby\/wp-json\/wp\/v2\/categories?post=7131"},{"taxonomy":"post_tag","embeddable":true,"href":"https:\/\/www.bbyhaber.com\/bby\/wp-json\/wp\/v2\/tags?post=7131"}],"curies":[{"name":"wp","href":"https:\/\/api.w.org\/{rel}","templated":true}]}}