{"id":7091,"date":"2012-10-11T09:10:52","date_gmt":"2012-10-11T06:10:52","guid":{"rendered":"http:\/\/www.bbyhaber.com\/bby\/?p=7091"},"modified":"2012-10-11T09:29:53","modified_gmt":"2012-10-11T06:29:53","slug":"izmir-turkiyenin-arsiv-kenti-oluyor","status":"publish","type":"post","link":"https:\/\/www.bbyhaber.com\/bby\/2012\/10\/11\/izmir-turkiyenin-arsiv-kenti-oluyor","title":{"rendered":"\u0130zmir, T\u00fcrkiye&#8217;nin \u201cAr\u015fiv\u201d kenti oluyor"},"content":{"rendered":"<p style=\"text-align: justify;\"><a href=\"http:\/\/www.koda.com.tr\/ic_sayfa.jpg\"><img loading=\"lazy\" decoding=\"async\" class=\"alignleft\" src=\"http:\/\/www.koda.com.tr\/ic_sayfa.jpg\" alt=\"\" width=\"273\" height=\"164\" \/><\/a>\u0130zmir Ticaret Organize Sanayi B\u00f6lgesi&#8217;nde \u00f6zel giri\u015fim taraf\u0131ndan i\u015f d\u00fcnyas\u0131na ar\u015fivleme hizmeti verecek &#8221;<a href=\"http:\/\/www.koda.com.tr\/index.html\" target=\"_blank\">Kod-A<\/a> Dijital Ar\u015fivleme Merkezi&#8217;nin a\u00e7\u0131l\u0131\u015f\u0131n\u0131 Ula\u015ft\u0131rma Denizcilik ve Haberle\u015fme Bakan\u0131 Binali Y\u0131ld\u0131r\u0131m yapt\u0131. Ula\u015ft\u0131rma Denizcilik ve Haberle\u015fme Bakan\u0131 Binali Y\u0131ld\u0131r\u0131m, \u0130zmir&#8217;in ger\u00e7ekle\u015ftirilen yat\u0131r\u0131mlarla bili\u015fimin ba\u015fkenti olaca\u011f\u0131n\u0131, bunun ad\u0131mlar\u0131n\u0131n da at\u0131lmaya ba\u015fland\u0131\u011f\u0131n\u0131 s\u00f6yledi. Y\u0131ld\u0131r\u0131m, \u0130zmir Ticaret Organize Sanayi B\u00f6lgesi&#8217;nde (\u0130TOB) \u00f6zel giri\u015fim taraf\u0131ndan i\u015f d\u00fcnyas\u0131na ar\u015fivleme hizmeti verecek, &#8221;Kod-A Dijital Ar\u015fivleme Merkezi&#8221;&#8217;nin a\u00e7\u0131l\u0131\u015f t\u00f6renine kat\u0131ld\u0131.<!--more--><\/p>\n<p style=\"text-align: justify;\">T\u00f6rende yapt\u0131\u011f\u0131 konu\u015fmada, ge\u00e7en y\u0131l yap\u0131lan milletvekilli\u011fi genel se\u00e7imleri \u00f6ncesinde, \u0130zmir&#8217;e y\u00f6nelik &#8221;dijital ar\u015fiv kenti&#8221; projesini a\u00e7\u0131klad\u0131\u011f\u0131n\u0131, o d\u00f6nemde bunun yeteri kadar anla\u015f\u0131lamad\u0131\u011f\u0131n\u0131 ve &#8221;hayali i\u015f mi kuracaks\u0131n\u0131z&#8221; diyenlerin oldu\u011funu ifade eden Y\u0131ld\u0131r\u0131m, bug\u00fcn 700 ki\u015fiyle ba\u015flayan tesise, 2 bin \u00e7al\u0131\u015fan\u0131n daha gelece\u011fini belirtti.Y\u0131ld\u0131r\u0131m, i\u015f d\u00fcnyas\u0131nda yaz\u0131\u015fma ve ar\u015fiv sistemlerinin k\u00f6kten de\u011fi\u015fti\u011fini, milyonlarca i\u015fin yaz\u0131, evrak ve ka\u011f\u0131t olmadan yap\u0131l\u0131r hale geldi\u011fini, buna ra\u011fmen d\u00fcnyada halen 4 milyar a\u011fac\u0131n bu i\u015f i\u00e7in kesildi\u011fine i\u015faret ederek, &#8221;Bir yandan ye\u015fili koruyal\u0131m derken, hala \u00e7evreyi katletmeye devam ediyoruz. Bu tesislerin ge\u00e7mi\u015fe y\u00f6nelik haf\u0131zay\u0131 gelece\u011fe ta\u015f\u0131ma y\u00f6n\u00fcnde de faydas\u0131 var&#8221; dedi.<\/p>\n<p style=\"text-align: justify;\">\u0130zmir&#8217;in, ge\u00e7mi\u015fiyle tarihin, k\u00fclt\u00fcr\u00fcn, turizmin haf\u0131zas\u0131 oldu\u011funu, &#8221;dijital ar\u015fiv kenti&#8221; projesiyle art\u0131k devletin ve \u015firketlerin de haf\u0131zas\u0131 olaca\u011f\u0131n\u0131 kaydeden Y\u0131ld\u0131r\u0131m, \u015funlar\u0131 kaydetti: \u201c\u0130zmir bili\u015fimin de ba\u015fkenti olacak. Bunun ad\u0131mlar\u0131n\u0131 da burada atm\u0131\u015f bulunuyoruz. Bug\u00fcn 700 gencimiz i\u015f, a\u015f sahibi oldu. 700 ki\u015fiyi \u00e7al\u0131\u015ft\u0131racak fabrika kursan\u0131z yapaca\u011f\u0131n\u0131z yat\u0131r\u0131m miktar\u0131yla \u015furay\u0131 a\u00e7mak i\u00e7in yap\u0131lan aras\u0131nda 10 kat fark var. Bu sanayi b\u00f6lgesinde \u00e7al\u0131\u015fan say\u0131s\u0131 10 y\u0131lda 3 bine ula\u015ft\u0131, bir sene olmad\u0131 700&#8217;\u00fc tek bir firma sa\u011flam\u0131\u015f. \u0130zmirliler ad\u0131na, \u0130zmir gen\u00e7leri ad\u0131na te\u015fekk\u00fcr ediyoruz. Ama bu i\u015f burada kalmayacak. Bir iki sene i\u00e7erisinde bu alanda 10 bin ki\u015fiyi istihdam edersek hi\u00e7 \u015fa\u015f\u0131rmay\u0131n.\u201d<\/p>\n<p style=\"text-align: justify;\">OSB&#8217;lere ele\u015ftiri<br \/>\nBakan Y\u0131ld\u0131r\u0131m, organize sanayi b\u00f6lgeleri (OSB) y\u00f6netimlerinin yeni yat\u0131r\u0131mlar konusundaki yakla\u015f\u0131m\u0131n\u0131 da ele\u015ftirdi. Kod-A \u015firketinin \u0130zmir&#8217;de yat\u0131r\u0131m i\u00e7in yer arad\u0131\u011f\u0131 s\u0131rada, \u015fehir merkezine yak\u0131n sanayi b\u00f6lgelerinin metrekareye bin dolar istedi\u011fini dile getiren Y\u0131ld\u0131r\u0131m, \u015funlar\u0131 s\u00f6yledi: &#8221;\u0130zmir&#8217;e i\u015f a\u015f sa\u011flayacak bir tesis buras\u0131. El insaf be karde\u015fim. G\u00f6kdelenden yer alsan bile metrekaresi 15 dolar. Allah&#8217;\u0131n arazisini devlet tahsis etmi\u015f, bu kadar f\u0131rsat\u00e7\u0131l\u0131k olur mu- Bunu da s\u00f6ylemek laz\u0131m. Herkes &#8216;\u0130zmir i\u00e7in bir \u015fey yapal\u0131m&#8217; diyor, ama arkada bir \u015fey yok. &#8216;Hadi gelin yapal\u0131m&#8217; dedi\u011fimiz zaman, bir bak\u0131yorsunuz kimse yok. \u0130zmir&#8217;e bir \u015fey yapacaksak herkes elini ta\u015f\u0131n alt\u0131na koyacak, gayret edecek.\u201d<\/p>\n<p style=\"text-align: justify;\">&#8221;Sekt\u00f6r patlad\u0131 gidiyor&#8221;<br \/>\nBilgi Teknolojileri ve \u0130leti\u015fim Kurumu (BTK) Ba\u015fkan\u0131 Tayfun Acarer ise T\u00fcrkiye&#8217;de bili\u015fim sekt\u00f6r\u00fcn\u00fcn &#8221;inan\u0131lmaz bir h\u0131zla&#8221; geli\u015fim g\u00f6sterdi\u011fini dile getirdi. Geni\u015f bantla ilgili geli\u015fimi rakamsal olarak kendisinin dahi art\u0131k ezbere takip edemedi\u011fini dile getiren Acarer, &#8221;Geni\u015f bantla ilgili rakamlar h\u0131zla art\u0131yor. Ben de rakam\u0131 tutturam\u0131yorum, \u00e7\u00fcnk\u00fc sekt\u00f6r patlad\u0131 gidiyor. Bu ula\u015ft\u0131\u011f\u0131m\u0131z rakamlar 10 sene \u00f6ncesi i\u00e7in hayaldi, \u015fimdi hepsi bir realite. Bili\u015fim sekt\u00f6r\u00fc T\u00fcrkiye&#8217;nin \u015fu anki konumu ve 2023 hedeflerine \u00e7ok b\u00fcy\u00fck destek veriyor&#8221; dedi.<\/p>\n<p style=\"text-align: justify;\">T\u00fcrk Telekom Genel M\u00fcd\u00fcr\u00fc Tahsin Y\u0131lmaz da son d\u00f6nemde &#8221;3D&#8221; olarak adland\u0131r\u0131lan &#8221;dijital ya\u015fama d\u00f6n\u00fc\u015f\u00fcm, de\u011fer odakl\u0131 m\u00fc\u015fteri memnuniyeti ve d\u00fcnyaya a\u00e7\u0131lma&#8221; vizyonunu uygulamaya koyduklar\u0131n\u0131, bug\u00fcnk\u00fc a\u00e7\u0131l\u0131\u015f\u0131n da bu vizyonun bir sonucu oldu\u011funu ifade etti. A\u00e7\u0131lan merkezle T\u00fcrk Telekom&#8217;un 81 ildeki bin 700 noktas\u0131ndan \u0130zmir&#8217;e belge akaca\u011f\u0131n\u0131 ve \u0130zmir&#8217;de dijitalle\u015fece\u011fini belirterek, &#8221;\u0130zmir, gelecekte T\u00fcrkiye&#8217;nin ar\u015fiv kenti olacak&#8221; diye konu\u015ftu. Vodafone T\u00fcrkiye \u0130cra Kurulu Ba\u015fkan\u0131 Serpil Timuray, altyap\u0131lar\u0131n\u0131 en yeni teknolojilerle modernize ettiklerini, bu kapsamda Vodafone&#8217;un dijital haf\u0131za merkezini \u0130zmir&#8217;de olu\u015fturduklar\u0131n\u0131 bildirdi. Kod-A Genel M\u00fcd\u00fcr\u00fc Ersin Ta\u015fk\u0131n ise 700 istihdamla ba\u015flad\u0131klar\u0131 yat\u0131r\u0131m\u0131n 2 bin \u00e7al\u0131\u015fan kapasiteli oldu\u011funu ve 10 bin istihdaml\u0131k &#8221;Kod-A Bili\u015fim \u015eehri&#8221; vizyonunun ilk ad\u0131m\u0131n\u0131 olu\u015fturdu\u011funu kaydetti. \u0130TOB&#8217;da 10 milyon liral\u0131k yat\u0131r\u0131mla kurulan merkezde ilk etapta, 700 \u00e7al\u0131\u015fanla T\u00fcrk Telekom, TTNET ve Vodafone \u015firketlerinin ar\u015fivlemesini ger\u00e7ekle\u015ftirece\u011fi bildirildi.<\/p>\n<p>Kaynak: http:\/\/www.gazeteyenigun.com.tr<\/p>\n","protected":false},"excerpt":{"rendered":"<p>\u0130zmir Ticaret Organize Sanayi B\u00f6lgesi&#8217;nde \u00f6zel giri\u015fim taraf\u0131ndan i\u015f d\u00fcnyas\u0131na ar\u015fivleme hizmeti verecek &#8221;Kod-A Dijital Ar\u015fivleme Merkezi&#8217;nin a\u00e7\u0131l\u0131\u015f\u0131n\u0131 Ula\u015ft\u0131rma Denizcilik ve Haberle\u015fme Bakan\u0131 Binali Y\u0131ld\u0131r\u0131m yapt\u0131. Ula\u015ft\u0131rma Denizcilik ve Haberle\u015fme Bakan\u0131 Binali Y\u0131ld\u0131r\u0131m, \u0130zmir&#8217;in ger\u00e7ekle\u015ftirilen yat\u0131r\u0131mlarla bili\u015fimin ba\u015fkenti olaca\u011f\u0131n\u0131, bunun ad\u0131mlar\u0131n\u0131n da at\u0131lmaya ba\u015fland\u0131\u011f\u0131n\u0131 s\u00f6yledi. Y\u0131ld\u0131r\u0131m, \u0130zmir Ticaret Organize Sanayi B\u00f6lgesi&#8217;nde (\u0130TOB) \u00f6zel giri\u015fim taraf\u0131ndan [&hellip;]<\/p>\n","protected":false},"author":1,"featured_media":0,"comment_status":"open","ping_status":"open","sticky":false,"template":"","format":"standard","meta":{"footnotes":""},"categories":[1],"tags":[1096,1412,379,380,226],"class_list":["post-7091","post","type-post","status-publish","format-standard","hentry","category-genel","tag-arsivcilik","tag-belge-yonetimi","tag-dijital-arsiv-kenti","tag-kod-a","tag-milli-arsiv-sitesi"],"_links":{"self":[{"href":"https:\/\/www.bbyhaber.com\/bby\/wp-json\/wp\/v2\/posts\/7091"}],"collection":[{"href":"https:\/\/www.bbyhaber.com\/bby\/wp-json\/wp\/v2\/posts"}],"about":[{"href":"https:\/\/www.bbyhaber.com\/bby\/wp-json\/wp\/v2\/types\/post"}],"author":[{"embeddable":true,"href":"https:\/\/www.bbyhaber.com\/bby\/wp-json\/wp\/v2\/users\/1"}],"replies":[{"embeddable":true,"href":"https:\/\/www.bbyhaber.com\/bby\/wp-json\/wp\/v2\/comments?post=7091"}],"version-history":[{"count":0,"href":"https:\/\/www.bbyhaber.com\/bby\/wp-json\/wp\/v2\/posts\/7091\/revisions"}],"wp:attachment":[{"href":"https:\/\/www.bbyhaber.com\/bby\/wp-json\/wp\/v2\/media?parent=7091"}],"wp:term":[{"taxonomy":"category","embeddable":true,"href":"https:\/\/www.bbyhaber.com\/bby\/wp-json\/wp\/v2\/categories?post=7091"},{"taxonomy":"post_tag","embeddable":true,"href":"https:\/\/www.bbyhaber.com\/bby\/wp-json\/wp\/v2\/tags?post=7091"}],"curies":[{"name":"wp","href":"https:\/\/api.w.org\/{rel}","templated":true}]}}