{"id":7076,"date":"2012-10-10T20:02:58","date_gmt":"2012-10-10T17:02:58","guid":{"rendered":"http:\/\/www.bbyhaber.com\/bby\/?p=7076"},"modified":"2012-10-16T17:58:04","modified_gmt":"2012-10-16T14:58:04","slug":"indicate-projesi-uluslararasi-konferansi-15-16-ekim-2012-ankara","status":"publish","type":"post","link":"https:\/\/www.bbyhaber.com\/bby\/2012\/10\/10\/indicate-projesi-uluslararasi-konferansi-15-16-ekim-2012-ankara","title":{"rendered":"INDICATE projesi uluslararas\u0131 konferans\u0131-15-16 Ekim 2012-Ankara"},"content":{"rendered":"<p style=\"text-align: justify;\">K\u00fct\u00fcphaneler ve Yay\u0131mlar Genel M\u00fcd\u00fcrl\u00fc\u011f\u00fc sorumlulu\u011funda y\u00fcr\u00fct\u00fclen ve Avrupa Birli\u011fi (AB) \u201c7. \u00c7er\u00e7eve Program\u0131\u201d projelerinden birisi olan INDICATE projesinin <strong>15-16 Ekim 2012<\/strong> tarihleri aras\u0131nda uluslararas\u0131 konferans\u0131 Ankara Doubletree Hilton otelinde d\u00fczenlenecektir. Konferansa 15\u2019i partner \u00fclke, 5 tanesi \u00e7a\u011f\u0131r\u0131l\u0131 konu\u015fmac\u0131 olmak \u00fczere 20 yabanc\u0131 ve \u00fclkemizden de ilgili kurumlar ve bakanl\u0131k i\u00e7i birimlerden 50 civar\u0131nda kat\u0131l\u0131m ile toplam 70 ki\u015fi ile ger\u00e7ekle\u015ftirilmesi planlanmaktad\u0131r. <!--more--><\/p>\n<p style=\"text-align: justify;\"><span style=\"color: #0000ff;\"><strong><a href=\"http:\/\/www.kygm.gov.tr\/Eklenti\/4975,konferans-programi.pdf?0\" target=\"_blank\"><span style=\"color: #0000ff;\">Konferans program\u0131 i\u00e7in t\u0131klay\u0131n\u0131z.<\/span><\/a><\/strong><\/span><\/p>\n","protected":false},"excerpt":{"rendered":"<p>K\u00fct\u00fcphaneler ve Yay\u0131mlar Genel M\u00fcd\u00fcrl\u00fc\u011f\u00fc sorumlulu\u011funda y\u00fcr\u00fct\u00fclen ve Avrupa Birli\u011fi (AB) \u201c7. \u00c7er\u00e7eve Program\u0131\u201d projelerinden birisi olan INDICATE projesinin 15-16 Ekim 2012 tarihleri aras\u0131nda uluslararas\u0131 konferans\u0131 Ankara Doubletree Hilton otelinde d\u00fczenlenecektir. Konferansa 15\u2019i partner \u00fclke, 5 tanesi \u00e7a\u011f\u0131r\u0131l\u0131 konu\u015fmac\u0131 olmak \u00fczere 20 yabanc\u0131 ve \u00fclkemizden de ilgili kurumlar ve bakanl\u0131k i\u00e7i birimlerden 50 civar\u0131nda kat\u0131l\u0131m [&hellip;]<\/p>\n","protected":false},"author":1,"featured_media":0,"comment_status":"open","ping_status":"open","sticky":false,"template":"","format":"standard","meta":{"footnotes":""},"categories":[],"tags":[1395],"class_list":["post-7076","post","type-post","status-publish","format-standard","hentry","tag-bby-mesleki-etkinlikler-arsivi"],"_links":{"self":[{"href":"https:\/\/www.bbyhaber.com\/bby\/wp-json\/wp\/v2\/posts\/7076"}],"collection":[{"href":"https:\/\/www.bbyhaber.com\/bby\/wp-json\/wp\/v2\/posts"}],"about":[{"href":"https:\/\/www.bbyhaber.com\/bby\/wp-json\/wp\/v2\/types\/post"}],"author":[{"embeddable":true,"href":"https:\/\/www.bbyhaber.com\/bby\/wp-json\/wp\/v2\/users\/1"}],"replies":[{"embeddable":true,"href":"https:\/\/www.bbyhaber.com\/bby\/wp-json\/wp\/v2\/comments?post=7076"}],"version-history":[{"count":0,"href":"https:\/\/www.bbyhaber.com\/bby\/wp-json\/wp\/v2\/posts\/7076\/revisions"}],"wp:attachment":[{"href":"https:\/\/www.bbyhaber.com\/bby\/wp-json\/wp\/v2\/media?parent=7076"}],"wp:term":[{"taxonomy":"category","embeddable":true,"href":"https:\/\/www.bbyhaber.com\/bby\/wp-json\/wp\/v2\/categories?post=7076"},{"taxonomy":"post_tag","embeddable":true,"href":"https:\/\/www.bbyhaber.com\/bby\/wp-json\/wp\/v2\/tags?post=7076"}],"curies":[{"name":"wp","href":"https:\/\/api.w.org\/{rel}","templated":true}]}}