{"id":7059,"date":"2012-10-10T17:06:38","date_gmt":"2012-10-10T14:06:38","guid":{"rendered":"http:\/\/www.bbyhaber.com\/bby\/?p=7059"},"modified":"2019-04-12T14:36:54","modified_gmt":"2019-04-12T11:36:54","slug":"teknik-hizmetler-sinifinda-ths-son-durum-thsli-olamayan-meslektaslarimiza-destek-olma-zamani","status":"publish","type":"post","link":"https:\/\/www.bbyhaber.com\/bby\/2012\/10\/10\/teknik-hizmetler-sinifinda-ths-son-durum-thsli-olamayan-meslektaslarimiza-destek-olma-zamani","title":{"rendered":"Teknik hizmetler s\u0131n\u0131f\u0131nda (THS) son durum: THS&#8217;li olamayan meslekta\u015flar\u0131m\u0131za destek olma zaman\u0131"},"content":{"rendered":"<p style=\"text-align: justify;\">Tapu ve Kadastro Genel M\u00fcd\u00fcrl\u00fc\u011f\u00fcne \u201c<strong>ar\u015fiv memuru<\/strong>\u201d ve baz\u0131 kamu kurumlar\u0131na; <strong>memur, enformasyon memuru, bilgisayar i\u015fletmeni, VHK\u0130<\/strong> gibi\u00a0 farkl\u0131 unvanlarda atanan bir s\u00fcr\u00fc meslekta\u015f\u0131m\u0131z Bilgi ve Belge Y\u00f6netimi (BBY ) mezunu olmalar\u0131na ra\u011fmen teknik hizmetler s\u0131n\u0131f\u0131na dahil edilemediler, bu durumdan dolay\u0131 haklar\u0131n\u0131 aramaktad\u0131rlar; \u015fu an i\u00e7in teknik hizmetler s\u0131n\u0131f\u0131 yaln\u0131zca \u201ck\u00fct\u00fcphaneci\u201d kadrosuna atananlar\u0131 kaps\u0131yor olsada, biliyoruz ki ayn\u0131 b\u00f6l\u00fcmden mezun olmam\u0131za ra\u011fmen farkl\u0131 unvanlarla kamu kurumlar\u0131na atanan meslekta\u015flar\u0131m\u0131z\u0131n da hakk\u0131d\u0131r ve haklar\u0131na sahip \u00e7\u0131k\u0131lmal\u0131d\u0131r.<!--more--><\/p>\n<p style=\"text-align: justify;\"><span style=\"color: #0000ff;\"><strong>Konuyla ilgili geli\u015fmeler:<\/strong><\/span><\/p>\n<p>{tab=2019}<\/p>\n<ul>\n<li><strong><a title=\"Ar\u015fiv memurlar\u0131n\u0131n \u00f6zl\u00fck haklar\u0131na dair a\u00e7\u0131klama yap\u0131ld\u0131-Ali Fuat Kartal\" href=\"http:\/\/www.bbyhaber.com\/bby\/2019\/04\/12\/tapu-kadastrodaki-arsiv-memuru-meslektaslarimiz-yargiya-gidiyor\">Tapu Kadastro\u2019daki ar\u015fiv memuru meslekta\u015flar\u0131m\u0131z yarg\u0131ya gidiyor!<\/a><\/strong><\/li>\n<\/ul>\n<p>{tab=2015}<\/p>\n<ul>\n<li><strong><a title=\"Ar\u015fiv memurlar\u0131n\u0131n \u00f6zl\u00fck haklar\u0131na dair a\u00e7\u0131klama yap\u0131ld\u0131-Ali Fuat Kartal\" href=\"http:\/\/www.bbyhaber.com\/bby\/2015\/09\/07\/arsiv-memurlarinin-ozluk-haklarina-dair-aciklama-yapildi-ali-fuat-kartal\/\">Ar\u015fiv memurlar\u0131n\u0131n \u00f6zl\u00fck haklar\u0131na dair a\u00e7\u0131klama yap\u0131ld\u0131<\/a><\/strong><\/li>\n<\/ul>\n<p>{tab=2014}<\/p>\n<ul>\n<li><strong><a title=\"Ar\u015fiv Memurlar\u0131 i\u00e7in yeni bir kadro ihdas edilmesi teklif edildi\" href=\"http:\/\/www.bbyhaber.com\/bby\/2014\/02\/20\/arsiv-memurlari-icin-yeni-bir-kadro-ihdas-edilmesi-teklif-edildi\/\">Ar\u015fiv Memurlar\u0131 i\u00e7in yeni bir kadro ihdas edilmesi teklif edildi<\/a><\/strong><\/li>\n<\/ul>\n<p>{tab=2012}<\/p>\n<ul style=\"text-align: justify;\">\n<li><span style=\"color: #0000ff;\"><a title=\"Ar\u015fivci, Ar\u015fiv Memuru ve K\u00fct\u00fcphaneci kadrolar\u0131n\u0131n emsalleri belirlendi\" href=\"http:\/\/www.bbyhaber.com\/bby\/2012\/12\/05\/arsivci-arsiv-memuru-ve-kutuphaneci-kadrolarinin-emsalleri-belirlendi\/\"><span style=\"color: #0000ff;\">Ar\u015fivci, Ar\u015fiv Memuru ve K\u00fct\u00fcphaneci kadrolar\u0131n\u0131n emsalleri belirlendi<\/span><\/a><\/span> <span style=\"color: #ff0000;\">(05\/12\/2012)<\/span><strong><br \/>\n<\/strong><\/li>\n<li>TKD Ba\u015fkan\u0131 Ali Fuat Kartal&#8217;\u0131n A\u00e7\u0131klamalar\u0131:<strong> |<\/strong><span style=\"color: #ff0000;\"><a title=\"TKD Ba\u015fkan\u0131\u2019ndan Ar\u015fiv Memurlar\u0131n\u0131n Teknik Hizmetler Sorununa Dair A\u00e7\u0131klama\" href=\"http:\/\/www.bbyhaber.com\/bby\/2012\/10\/10\/tkd-baskanindan-arsiv-memurlarinin-teknik-hizmetler-sorununa-dair-aciklama\/\"><span style=\"color: #ff0000;\">Ekim<\/span><\/a><\/span><strong>|<\/strong><span style=\"color: #ff0000;\"><a href=\"http:\/\/www.bbyhaber.com\/bby\/2012\/06\/07\/tkd-baskanindan-arsivciler-icin-iptal-ihdaslar-hakkindaki-aciklama\/\"><span style=\"color: #ff0000;\">Haziran<\/span><\/a><\/span><strong>|<\/strong><span style=\"color: #ff0000;\"><a href=\"http:\/\/www.bbyhaber.com\/bby\/2012\/05\/17\/tapu-ve-kadastro-genel-mudurlugunde-calisan-bby-mezunu-arkadaslara-dair-bilgi-notu\/\"><span style=\"color: #ff0000;\">May\u0131s<\/span><\/a><\/span><strong>|<\/strong><\/li>\n<li><span style=\"color: #000000;\">Tapu ve Kadastro Genel M\u00fcd\u00fcrl\u00fc\u011f\u00fc Kurum \u0130dari Kurulu Toplant\u0131 Tutana\u011f\u0131\u2018n\u0131n Ar\u015fiv Memurlar\u0131na y\u00f6nelik\u00a04.maddesi (Kaynak: TKGM;<\/span><span style=\"color: #000000;\">\u00a0<\/span><span style=\"color: #0000ff;\"><a href=\"http:\/\/www.bbyhaber.com\/bby\/wp-content\/uploads\/dosyalar\/ths\/tkgm-kurum-idari-kurulu-toplanti-tutanagi.pdf\" target=\"_blank\" rel=\"noopener\"><span style=\"color: #0000ff;\">tutanak i\u00e7in t\u0131klay\u0131n\u0131z<\/span><\/a><\/span><span style=\"color: #000000;\">)<\/span>\u00a0<span style=\"color: #ff0000;\">(22\/05\/2012)<\/span><\/li>\n<li><span style=\"color: #0000ff;\"><a title=\"Y\u00d6K\u2019\u00fcn BBY b\u00f6l\u00fcm\u00fcnden mezun olan Ar\u015fiv Memurlar\u0131na dair karar\u0131\" href=\"http:\/\/www.bbyhaber.com\/bby\/2012\/05\/20\/yokun-bby-bolumunden-mezun-olan-arsiv-memurlarina-dair-karari\/\"><span style=\"color: #0000ff;\">Y\u00d6K\u2019\u00fcn BBY b\u00f6l\u00fcm\u00fcnden mezun olan Ar\u015fiv Memurlar\u0131na dair karar\u0131 2<\/span><\/a><\/span> <span style=\"color: #ff0000;\">(25\/04\/2012)<\/span><\/li>\n<li><span style=\"color: #0000ff;\"><a href=\"http:\/\/www.bbyhaber.com\/bby\/wp-content\/uploads\/dosyalar\/ths\/ths-msbde-arsivci-unvani-verilmesine-dair-mahkeme-karari.pdf\" target=\"_blank\" rel=\"noopener\"><span style=\"color: #0000ff;\">Milli Savunma Bakanl\u0131\u011f\u0131 (MSB)&#8217;nda\u00a0tarih mezunu\u00a0&#8220;belge ara\u015ft\u0131rma uzman\u0131&#8221; unvan\u0131 ile g\u00f6rev yapan bir ki\u015fiye &#8220;ar\u015fivci&#8221; unvan\u0131 verilmesi ve THS&#8217;den \u00f6deme yap\u0131lmas\u0131na dair 25 Nisan 2012 tarihli mahkeme karar\u0131<\/span><\/a><\/span><span style=\"color: #ff0000;\"> <span style=\"color: #ff0000;\">(25\/04\/2012)<\/span><\/span><\/li>\n<li><span style=\"color: #0000ff;\"><a title=\"THS\u2019ye y\u00f6nelik Ar\u015fiv Memuru meslekta\u015flar\u0131m\u0131z\u0131n Ar\u015fivci \u00fcnvan\u0131 ile e\u015fde\u011fer olup olmad\u0131\u011f\u0131na dair Y\u00d6K\u2019\u00fcn karar\u0131\" href=\"http:\/\/www.bbyhaber.com\/bby\/2012\/03\/30\/ths-arsiv-memurlarinin-durumu\/\"><span style=\"color: #0000ff;\">Y\u00d6K\u2019\u00fcn BBY b\u00f6l\u00fcm\u00fcnden mezun olan Ar\u015fiv Memurlar\u0131na dair karar\u0131 1<\/span><\/a><\/span> <span style=\"color: #ff0000;\">(22\/03\/2012)<\/span><\/li>\n<\/ul>\n<p>{tab=2011}<\/p>\n<ul style=\"text-align: justify;\">\n<li><span style=\"color: #0000ff;\"><a href=\"http:\/\/www.bbyhaber.com\/bby\/wp-content\/uploads\/dosyalar\/ths\/arsiv-memurlarina-idare-mahkemesinin-karari.pdf\" target=\"_blank\" rel=\"noopener\"><span style=\"color: #0000ff;\">\u0130zmir Konak Tapu M\u00fcd\u00fcrl\u00fc\u011f\u00fcnde g\u00f6revli bir meslekta\u015f\u0131m\u0131z\u0131n a\u00e7m\u0131\u015f oldu\u011fu davan\u0131n sonucu<\/span><\/a><\/span><span style=\"color: #ff0000;\"><span style=\"color: #ff0000;\"> (<span style=\"color: #ff0000;\">07\/01\/2011<\/span>)<\/span><\/span><\/li>\n<\/ul>\n<p>{\/tabs}<\/p>\n","protected":false},"excerpt":{"rendered":"<p>Tapu ve Kadastro Genel M\u00fcd\u00fcrl\u00fc\u011f\u00fcne \u201car\u015fiv memuru\u201d ve baz\u0131 kamu kurumlar\u0131na; memur, enformasyon memuru, bilgisayar i\u015fletmeni, VHK\u0130 gibi\u00a0 farkl\u0131 unvanlarda atanan bir s\u00fcr\u00fc meslekta\u015f\u0131m\u0131z Bilgi ve Belge Y\u00f6netimi (BBY ) mezunu olmalar\u0131na ra\u011fmen teknik hizmetler s\u0131n\u0131f\u0131na dahil edilemediler, bu durumdan dolay\u0131 haklar\u0131n\u0131 aramaktad\u0131rlar; \u015fu an i\u00e7in teknik hizmetler s\u0131n\u0131f\u0131 yaln\u0131zca \u201ck\u00fct\u00fcphaneci\u201d kadrosuna atananlar\u0131 kaps\u0131yor olsada, [&hellip;]<\/p>\n","protected":false},"author":1,"featured_media":0,"comment_status":"open","ping_status":"open","sticky":false,"template":"","format":"standard","meta":{"footnotes":""},"categories":[1505,1605],"tags":[1096,1398,51,50],"class_list":["post-7059","post","type-post","status-publish","format-standard","hentry","category-teknik-kadro","category-teknik-kadro-arsivciler","tag-arsivcilik","tag-bby-ozluk-haklari","tag-teknik-kadro-kutuphaneci","tag-ths-kutuphaneci"],"_links":{"self":[{"href":"https:\/\/www.bbyhaber.com\/bby\/wp-json\/wp\/v2\/posts\/7059"}],"collection":[{"href":"https:\/\/www.bbyhaber.com\/bby\/wp-json\/wp\/v2\/posts"}],"about":[{"href":"https:\/\/www.bbyhaber.com\/bby\/wp-json\/wp\/v2\/types\/post"}],"author":[{"embeddable":true,"href":"https:\/\/www.bbyhaber.com\/bby\/wp-json\/wp\/v2\/users\/1"}],"replies":[{"embeddable":true,"href":"https:\/\/www.bbyhaber.com\/bby\/wp-json\/wp\/v2\/comments?post=7059"}],"version-history":[{"count":1,"href":"https:\/\/www.bbyhaber.com\/bby\/wp-json\/wp\/v2\/posts\/7059\/revisions"}],"predecessor-version":[{"id":26486,"href":"https:\/\/www.bbyhaber.com\/bby\/wp-json\/wp\/v2\/posts\/7059\/revisions\/26486"}],"wp:attachment":[{"href":"https:\/\/www.bbyhaber.com\/bby\/wp-json\/wp\/v2\/media?parent=7059"}],"wp:term":[{"taxonomy":"category","embeddable":true,"href":"https:\/\/www.bbyhaber.com\/bby\/wp-json\/wp\/v2\/categories?post=7059"},{"taxonomy":"post_tag","embeddable":true,"href":"https:\/\/www.bbyhaber.com\/bby\/wp-json\/wp\/v2\/tags?post=7059"}],"curies":[{"name":"wp","href":"https:\/\/api.w.org\/{rel}","templated":true}]}}