{"id":7047,"date":"2012-10-09T10:10:30","date_gmt":"2012-10-09T07:10:30","guid":{"rendered":"http:\/\/www.bbyhaber.com\/bby\/?p=7047"},"modified":"2012-10-09T10:15:13","modified_gmt":"2012-10-09T07:15:13","slug":"baglar-belediyesi-genclik-kutuphanesine-yogun-ilgi","status":"publish","type":"post","link":"https:\/\/www.bbyhaber.com\/bby\/2012\/10\/09\/baglar-belediyesi-genclik-kutuphanesine-yogun-ilgi","title":{"rendered":"Ba\u011flar Belediyesi Gen\u00e7lik K\u00fct\u00fcphanesine Yo\u011fun \u0130lgi-Diyarbak\u0131r"},"content":{"rendered":"<p style=\"text-align: justify;\"><a href=\"http:\/\/www.baglar.bel.tr\/bilgi1050-5-Nisan-Genclik-Kutuphanesine-yogun-ilgi.htm\" target=\"_blank\">Ba\u011flar Belediyesi<\/a> K\u00fclt\u00fcr M\u00fcd\u00fcrl\u00fc\u011f\u00fc\u2019ne ba\u011fl\u0131 faaliyet y\u00fcr\u00fcten 5 Nisan Gen\u00e7lik K\u00fct\u00fcphanesi\u2019ne mahalleli vatanda\u015flar yo\u011fun ilgi g\u00f6steriyor. Ba\u011flar s\u0131n\u0131rlar\u0131 i\u00e7erisinde tek k\u00fct\u00fcphane konumunda olan 5 Nisan Gen\u00e7lik K\u00fct\u00fcphanesi g\u00fcnl\u00fck 150 \u00f6\u011frenci a\u011f\u0131rl\u0131yor. Ba\u011flar Belediyesi taraf\u0131ndan kurulan Gen\u00e7lik K\u00fct\u00fcphanesi 2009 y\u0131l\u0131nda faaliyete ge\u00e7ti. Gen\u00e7lik k\u00fct\u00fcphanesinin kurulmas\u0131n\u0131n temel amac\u0131 birey ve gruplar\u0131n zamanlar\u0131n\u0131 okuyarak dinleme, e\u011fitim, bilgi ve ki\u015fisel geli\u015fim konular\u0131ndaki gereksinimlerini kar\u015f\u0131lamak i\u00e7in \u00e7e\u015fitli kaynak ve hizmetler sa\u011flamay\u0131 kaps\u0131yor. <!--more--><\/p>\n<p style=\"text-align: justify;\">5 Nisan Gen\u00e7lik K\u00fct\u00fcphanesi K\u00fcrt\u00e7e ve T\u00fcrk\u00e7e kitaplardan olu\u015fuyor. Kaynak konusunda hi\u00e7bir problemin ya\u015fanmad\u0131\u011f\u0131 k\u00fct\u00fcphanede bilimden sanata, edebiyattan co\u011frafyaya kadar bir\u00e7ok t\u00fcrde kitap rahatl\u0131kla bulunuyor. Zamanlar\u0131n\u0131 kitap okuyarak de\u011ferlendirmek isteyen b\u00fct\u00fcn ya\u015f gruplar\u0131na, a\u011f\u0131rl\u0131kl\u0131 olarak da \u00e7ocuk ve gen\u00e7lere hitap eden k\u00fct\u00fcphane her g\u00fcn 150 ki\u015fi taraf\u0131ndan ziyaret ediliyor. Okuyucular\u0131n bilgiye kolayca ula\u015fmas\u0131 i\u00e7in 5 Nisan Gen\u00e7lik K\u00fct\u00fcphanesi olarak ellerinden geleni yapmaya \u00e7al\u0131\u015ft\u0131klar\u0131n\u0131 belirten Ba\u011flar Belediyesi 5 Nisan Gen\u00e7lik K\u00fct\u00fcphane \u00e7al\u0131\u015fan\u0131 B\u00fclent Ate\u015f, \u201cCins, ya\u015f, din, millet, e\u011fitim, k\u00fclt\u00fcr, sosyo-ekonomik d\u00fczey ve politik g\u00f6r\u00fc\u015f fark\u0131 g\u00f6zetmeksizin her t\u00fcrl\u00fc materyal imkan\u0131 sunmaktay\u0131z\u201d dedi. Eve ba\u011f\u0131ml\u0131 hasta, ya\u015fl\u0131 ve engelli vatanda\u015flar\u0131nda belediyenin web sitesine girerek kitap talep etmeleri halinde \u00fccretsiz olarak evlerine servis edilece\u011fini vurgulayan Ate\u015f, \u201cAyr\u0131ca hasta, ya\u015fl\u0131 ve engelli vatanda\u015flar i\u00e7in eve kitap teslimi \u00fccretsiz olarak yapmaktay\u0131z.<\/p>\n<p style=\"text-align: justify;\">K\u00fct\u00fcphanemiz haftan\u0131n 7 g\u00fcn\u00fc saat 8.00 ile 17.00 aras\u0131nda vatanda\u015flara hizmet vermektedir. Kitab\u0131 almak isteyen vatanda\u015flar\u0131n ad\u0131n\u0131 bilgisayar ortam\u0131nda kaydederek istedi\u011fi kitab\u0131 veriyoruz. Okuyucular\u0131m\u0131za her t\u00fcrl\u00fc kolayl\u0131\u011f\u0131 sa\u011fl\u0131yoruz\u201d diye konu\u015ftu. Her hafta d\u00fczenli olarak 10-15 ve 17-25 ya\u015f aras\u0131 gruplara g\u00f6re \u00e7e\u015fitli e\u011fitici sinevizyon g\u00f6sterimlerinin de yap\u0131ld\u0131\u011f\u0131n\u0131 kaydeden Ate\u015f, \u015f\u00f6yle konu\u015ftu: \u201cK\u0131sa metrajl\u0131 \u00e7izgi film g\u00f6sterimleri yapmaktay\u0131z. Sinevizyon g\u00f6steriminin yap\u0131lmas\u0131 ise \u00e7ocuklar\u0131n hayal d\u00fcnyas\u0131n\u0131n geli\u015ftirilmesini ve daha farkl\u0131 boyutlarda g\u00f6rme yetisi kazanmalar\u0131n\u0131 sa\u011flamay\u0131 ama\u00e7l\u0131yoruz. Yine 17-25 ya\u015f aras\u0131 gen\u00e7lere ise uzun metrajl\u0131 film g\u00f6sterimleriyle ya\u015fama farkl\u0131 boyutlardan bakabilmeleri, daha duyarl\u0131 hale gelebilmeleri i\u00e7in e\u011fitici filmler izletiyoruz\u201d.<\/p>\n<p style=\"text-align: justify;\">Kaynak: \u00a0<a href=\"http:\/\/www.baglar.bel.tr\/bilgi1050-5-Nisan-Genclik-Kutuphanesine-yogun-ilgi.htm\" target=\"_blank\">http:\/\/www.baglar.bel.tr<\/a>\/<\/p>\n","protected":false},"excerpt":{"rendered":"<p>Ba\u011flar Belediyesi K\u00fclt\u00fcr M\u00fcd\u00fcrl\u00fc\u011f\u00fc\u2019ne ba\u011fl\u0131 faaliyet y\u00fcr\u00fcten 5 Nisan Gen\u00e7lik K\u00fct\u00fcphanesi\u2019ne mahalleli vatanda\u015flar yo\u011fun ilgi g\u00f6steriyor. Ba\u011flar s\u0131n\u0131rlar\u0131 i\u00e7erisinde tek k\u00fct\u00fcphane konumunda olan 5 Nisan Gen\u00e7lik K\u00fct\u00fcphanesi g\u00fcnl\u00fck 150 \u00f6\u011frenci a\u011f\u0131rl\u0131yor. Ba\u011flar Belediyesi taraf\u0131ndan kurulan Gen\u00e7lik K\u00fct\u00fcphanesi 2009 y\u0131l\u0131nda faaliyete ge\u00e7ti. Gen\u00e7lik k\u00fct\u00fcphanesinin kurulmas\u0131n\u0131n temel amac\u0131 birey ve gruplar\u0131n zamanlar\u0131n\u0131 okuyarak dinleme, e\u011fitim, bilgi ve [&hellip;]<\/p>\n","protected":false},"author":1,"featured_media":0,"comment_status":"open","ping_status":"open","sticky":false,"template":"","format":"standard","meta":{"footnotes":""},"categories":[1],"tags":[1439,848],"class_list":["post-7047","post","type-post","status-publish","format-standard","hentry","category-genel","tag-cocuk-kutuphaneleri","tag-halk-kutuphaneleri"],"_links":{"self":[{"href":"https:\/\/www.bbyhaber.com\/bby\/wp-json\/wp\/v2\/posts\/7047"}],"collection":[{"href":"https:\/\/www.bbyhaber.com\/bby\/wp-json\/wp\/v2\/posts"}],"about":[{"href":"https:\/\/www.bbyhaber.com\/bby\/wp-json\/wp\/v2\/types\/post"}],"author":[{"embeddable":true,"href":"https:\/\/www.bbyhaber.com\/bby\/wp-json\/wp\/v2\/users\/1"}],"replies":[{"embeddable":true,"href":"https:\/\/www.bbyhaber.com\/bby\/wp-json\/wp\/v2\/comments?post=7047"}],"version-history":[{"count":0,"href":"https:\/\/www.bbyhaber.com\/bby\/wp-json\/wp\/v2\/posts\/7047\/revisions"}],"wp:attachment":[{"href":"https:\/\/www.bbyhaber.com\/bby\/wp-json\/wp\/v2\/media?parent=7047"}],"wp:term":[{"taxonomy":"category","embeddable":true,"href":"https:\/\/www.bbyhaber.com\/bby\/wp-json\/wp\/v2\/categories?post=7047"},{"taxonomy":"post_tag","embeddable":true,"href":"https:\/\/www.bbyhaber.com\/bby\/wp-json\/wp\/v2\/tags?post=7047"}],"curies":[{"name":"wp","href":"https:\/\/api.w.org\/{rel}","templated":true}]}}