{"id":7044,"date":"2012-10-08T22:47:56","date_gmt":"2012-10-08T19:47:56","guid":{"rendered":"http:\/\/www.bbyhaber.com\/bby\/?p=7044"},"modified":"2012-11-02T18:15:07","modified_gmt":"2012-11-02T16:15:07","slug":"edirne-kitap-fuari-11-17-ekim-2012","status":"publish","type":"post","link":"https:\/\/www.bbyhaber.com\/bby\/2012\/10\/08\/edirne-kitap-fuari-11-17-ekim-2012","title":{"rendered":"Edirne Kitap Fuar\u0131-11-17 Ekim 2012"},"content":{"rendered":"<p style=\"text-align: justify;\">Edirne Valili\u011fi ve Trakya \u00dcniversitesi\u2019nin katk\u0131lar\u0131yla <strong>11-17 Ekim 2012<\/strong> tarihleri aras\u0131nda Ekmek\u00e7izade Kervansaray\u0131nda ger\u00e7ekle\u015ftirece\u011fimiz \u201cED\u0130RNE K\u0130TAP FUARI\u201d na 30 yay\u0131nevi kat\u0131lmaktad\u0131r. Fuar s\u00fcresince 28 yazar okuyucular\u0131 ile bulu\u015facakt\u0131r. Ayr\u0131ca kentimizin k\u00fclt\u00fcr hayat\u0131na hizmet eden yerel yazarlar\u0131m\u0131z ve ilgili sivil toplum kurulu\u015flar\u0131na da fuar alan\u0131nda stand verilecektir. 11-17 Ekim 2012 tarihleri aras\u0131nda ger\u00e7ekle\u015fecek olan Fuar, 09:30-19:00 saatleri aras\u0131nda ziyaret\u00e7ilere a\u00e7\u0131k olacakt\u0131r.<!--more--><\/p>\n<p style=\"text-align: justify;\"><span style=\"color: #0000ff;\"><a href=\"http:\/\/www.edirne.bel.tr\/yeni_sayfa_3.htm\" target=\"_blank\"><span style=\"color: #0000ff;\">Kaynak ve detayl\u0131 bilgi i\u00e7in t\u0131klay\u0131n\u0131z<\/span><\/a><\/span><\/p>\n","protected":false},"excerpt":{"rendered":"<p>Edirne Valili\u011fi ve Trakya \u00dcniversitesi\u2019nin katk\u0131lar\u0131yla 11-17 Ekim 2012 tarihleri aras\u0131nda Ekmek\u00e7izade Kervansaray\u0131nda ger\u00e7ekle\u015ftirece\u011fimiz \u201cED\u0130RNE K\u0130TAP FUARI\u201d na 30 yay\u0131nevi kat\u0131lmaktad\u0131r. Fuar s\u00fcresince 28 yazar okuyucular\u0131 ile bulu\u015facakt\u0131r. Ayr\u0131ca kentimizin k\u00fclt\u00fcr hayat\u0131na hizmet eden yerel yazarlar\u0131m\u0131z ve ilgili sivil toplum kurulu\u015flar\u0131na da fuar alan\u0131nda stand verilecektir. 11-17 Ekim 2012 tarihleri aras\u0131nda ger\u00e7ekle\u015fecek olan Fuar, 09:30-19:00 [&hellip;]<\/p>\n","protected":false},"author":1,"featured_media":0,"comment_status":"open","ping_status":"open","sticky":false,"template":"","format":"standard","meta":{"footnotes":""},"categories":[1,1493],"tags":[],"class_list":["post-7044","post","type-post","status-publish","format-standard","hentry","category-genel","category-kitap-fuarlari-2"],"_links":{"self":[{"href":"https:\/\/www.bbyhaber.com\/bby\/wp-json\/wp\/v2\/posts\/7044"}],"collection":[{"href":"https:\/\/www.bbyhaber.com\/bby\/wp-json\/wp\/v2\/posts"}],"about":[{"href":"https:\/\/www.bbyhaber.com\/bby\/wp-json\/wp\/v2\/types\/post"}],"author":[{"embeddable":true,"href":"https:\/\/www.bbyhaber.com\/bby\/wp-json\/wp\/v2\/users\/1"}],"replies":[{"embeddable":true,"href":"https:\/\/www.bbyhaber.com\/bby\/wp-json\/wp\/v2\/comments?post=7044"}],"version-history":[{"count":0,"href":"https:\/\/www.bbyhaber.com\/bby\/wp-json\/wp\/v2\/posts\/7044\/revisions"}],"wp:attachment":[{"href":"https:\/\/www.bbyhaber.com\/bby\/wp-json\/wp\/v2\/media?parent=7044"}],"wp:term":[{"taxonomy":"category","embeddable":true,"href":"https:\/\/www.bbyhaber.com\/bby\/wp-json\/wp\/v2\/categories?post=7044"},{"taxonomy":"post_tag","embeddable":true,"href":"https:\/\/www.bbyhaber.com\/bby\/wp-json\/wp\/v2\/tags?post=7044"}],"curies":[{"name":"wp","href":"https:\/\/api.w.org\/{rel}","templated":true}]}}