{"id":7035,"date":"2012-10-08T08:42:54","date_gmt":"2012-10-08T05:42:54","guid":{"rendered":"http:\/\/www.bbyhaber.com\/bby\/?p=7035"},"modified":"2012-10-08T08:45:31","modified_gmt":"2012-10-08T05:45:31","slug":"turk-kutuphaneciler-dernegi-aydin-subesi-kuruldu","status":"publish","type":"post","link":"https:\/\/www.bbyhaber.com\/bby\/2012\/10\/08\/turk-kutuphaneciler-dernegi-aydin-subesi-kuruldu","title":{"rendered":"T\u00fcrk K\u00fct\u00fcphaneciler Derne\u011fi Ayd\u0131n \u015eubesi Kuruldu"},"content":{"rendered":"<p style=\"text-align: justify;\">T\u00fcrk K\u00fct\u00fcphaneciler Derne\u011fi Ayd\u0131n \u015eubesi&#8217;nin kurulu\u015f \u00e7al\u0131\u015fmalar\u0131 ge\u00e7ti\u011fimiz g\u00fcnlerde tamamland\u0131. T\u00fcrk K\u00fct\u00fcphaneciler Derne\u011fi Ayd\u0131n \u015eubesi&#8217;ni kuran ve y\u00f6netim kurulunu olu\u015fturan meslekta\u015flar\u0131m\u0131z; Ahmet KAYA, Ay\u015fen \u00d6\u00c7ALAN, Beste OR\u00c7AN ve\u00a0 Ceyda ATLIHAN KOCAADAM&#8217;\u0131 kutluyor, Ayd\u0131n ili k\u00fclt\u00fcr ya\u015fam\u0131 i\u00e7in ba\u015far\u0131l\u0131 \u00e7al\u0131\u015fmalara imza atacaklar\u0131na inan\u0131yoruz.<!--more--><\/p>\n<p>Kaynak:<br \/>\nAyd\u0131n \u0130leri<br \/>\nT\u00fcrk K\u00fct\u00fcphaneciler Derne\u011fi Genel Ba\u015fkan Yard\u0131mc\u0131s\u0131<br \/>\n<a class=\"twitter-timeline\" data-width=\"640\" data-height=\"960\" data-dnt=\"true\" href=\"https:\/\/twitter.com\/aydinileri?ref_src=twsrc%5Etfw\">Tweets by aydinileri<\/a><script async src=\"https:\/\/platform.twitter.com\/widgets.js\" charset=\"utf-8\"><\/script><\/p>\n","protected":false},"excerpt":{"rendered":"<p>T\u00fcrk K\u00fct\u00fcphaneciler Derne\u011fi Ayd\u0131n \u015eubesi&#8217;nin kurulu\u015f \u00e7al\u0131\u015fmalar\u0131 ge\u00e7ti\u011fimiz g\u00fcnlerde tamamland\u0131. T\u00fcrk K\u00fct\u00fcphaneciler Derne\u011fi Ayd\u0131n \u015eubesi&#8217;ni kuran ve y\u00f6netim kurulunu olu\u015fturan meslekta\u015flar\u0131m\u0131z; Ahmet KAYA, Ay\u015fen \u00d6\u00c7ALAN, Beste OR\u00c7AN ve\u00a0 Ceyda ATLIHAN KOCAADAM&#8217;\u0131 kutluyor, Ayd\u0131n ili k\u00fclt\u00fcr ya\u015fam\u0131 i\u00e7in ba\u015far\u0131l\u0131 \u00e7al\u0131\u015fmalara imza atacaklar\u0131na inan\u0131yoruz.<\/p>\n","protected":false},"author":1,"featured_media":0,"comment_status":"open","ping_status":"open","sticky":false,"template":"","format":"standard","meta":{"footnotes":""},"categories":[1476,1],"tags":[1428],"class_list":["post-7035","post","type-post","status-publish","format-standard","hentry","category-aydin-ileri","category-genel","tag-tkd-aydin"],"_links":{"self":[{"href":"https:\/\/www.bbyhaber.com\/bby\/wp-json\/wp\/v2\/posts\/7035"}],"collection":[{"href":"https:\/\/www.bbyhaber.com\/bby\/wp-json\/wp\/v2\/posts"}],"about":[{"href":"https:\/\/www.bbyhaber.com\/bby\/wp-json\/wp\/v2\/types\/post"}],"author":[{"embeddable":true,"href":"https:\/\/www.bbyhaber.com\/bby\/wp-json\/wp\/v2\/users\/1"}],"replies":[{"embeddable":true,"href":"https:\/\/www.bbyhaber.com\/bby\/wp-json\/wp\/v2\/comments?post=7035"}],"version-history":[{"count":0,"href":"https:\/\/www.bbyhaber.com\/bby\/wp-json\/wp\/v2\/posts\/7035\/revisions"}],"wp:attachment":[{"href":"https:\/\/www.bbyhaber.com\/bby\/wp-json\/wp\/v2\/media?parent=7035"}],"wp:term":[{"taxonomy":"category","embeddable":true,"href":"https:\/\/www.bbyhaber.com\/bby\/wp-json\/wp\/v2\/categories?post=7035"},{"taxonomy":"post_tag","embeddable":true,"href":"https:\/\/www.bbyhaber.com\/bby\/wp-json\/wp\/v2\/tags?post=7035"}],"curies":[{"name":"wp","href":"https:\/\/api.w.org\/{rel}","templated":true}]}}