{"id":7013,"date":"2012-10-06T11:46:58","date_gmt":"2012-10-06T08:46:58","guid":{"rendered":"http:\/\/www.bbyhaber.com\/bby\/?p=7013"},"modified":"2012-11-02T18:15:17","modified_gmt":"2012-11-02T16:15:17","slug":"16-bartin-kitap-fuari-11-17-ekim-2012","status":"publish","type":"post","link":"https:\/\/www.bbyhaber.com\/bby\/2012\/10\/06\/16-bartin-kitap-fuari-11-17-ekim-2012","title":{"rendered":"16. Bart\u0131n Kitap Fuar\u0131-11-17 Ekim 2012"},"content":{"rendered":"<p style=\"text-align: justify;\">Bart\u0131n Belediyesi\u2019nce 1997 y\u0131l\u0131ndan bu yana ger\u00e7ekle\u015ftirilen Kitap Fuar\u0131, 11 Ekim\u2019de start al\u0131yor. <strong>16. Kitap Fuar\u0131 11-17 Ekim 2012<\/strong> tarihleri aras\u0131nda ger\u00e7ekle\u015ftirilecek. Bart\u0131n Belediyesi\u2019nce geleneksel olarak d\u00fczenlenen ve 7 g\u00fcn s\u00fcre ile Bart\u0131n\u2019da ya\u015fayanlar\u0131 k\u00fclt\u00fcrel etkinliklerle bulu\u015fturacak olan Kitap Fuar\u0131\u2019na 39 yazar-\u015fair kat\u0131l\u0131yor.<!--more--><\/p>\n<p style=\"text-align: justify;\">A\u00e7\u0131l\u0131\u015f t\u00f6reni 11 Ekim Per\u015fembe g\u00fcn\u00fc saat 18.30\u2019da Belediye Sosyal Tesisleri\u2019nde yap\u0131lacak olan fuar\u0131n a\u00e7\u0131l\u0131\u015f ak\u015fam\u0131nda Hasan Bayr\u0131 \u015eiir Yar\u0131\u015fmas\u0131\u2019n\u0131n \u00f6d\u00fcllerinin verilmesinin yan\u0131 s\u0131ra Bart\u0131n \u00dcniversitesi Rekt\u00f6r\u00fc Prof. Dr. Ramazan Kaplan\u2018a fuar onur plaketi takdim edilecek. Ayr\u0131ca Osman G\u00fcnay\u2019\u0131n &#8220;K\u00f6m\u00fcr G\u00f6zler&#8221; isimli resim sergisi de a\u00e7\u0131lacak.<\/p>\n<p style=\"text-align: justify;\"><a href=\"http:\/\/bartinbelediyesi.com\/bel\/index.php?option=com_content&amp;view=article&amp;id=1455%3Abartinda-ktapli-guenler&amp;catid=8%3Ahaberler&amp;Itemid=1\" target=\"_blank\">Kaynak ve detayl\u0131 bilgi i\u00e7in t\u0131klay\u0131n\u0131z<\/a><\/p>\n","protected":false},"excerpt":{"rendered":"<p>Bart\u0131n Belediyesi\u2019nce 1997 y\u0131l\u0131ndan bu yana ger\u00e7ekle\u015ftirilen Kitap Fuar\u0131, 11 Ekim\u2019de start al\u0131yor. 16. Kitap Fuar\u0131 11-17 Ekim 2012 tarihleri aras\u0131nda ger\u00e7ekle\u015ftirilecek. Bart\u0131n Belediyesi\u2019nce geleneksel olarak d\u00fczenlenen ve 7 g\u00fcn s\u00fcre ile Bart\u0131n\u2019da ya\u015fayanlar\u0131 k\u00fclt\u00fcrel etkinliklerle bulu\u015fturacak olan Kitap Fuar\u0131\u2019na 39 yazar-\u015fair kat\u0131l\u0131yor.<\/p>\n","protected":false},"author":1,"featured_media":0,"comment_status":"open","ping_status":"open","sticky":false,"template":"","format":"standard","meta":{"footnotes":""},"categories":[1,1493],"tags":[],"class_list":["post-7013","post","type-post","status-publish","format-standard","hentry","category-genel","category-kitap-fuarlari-2"],"_links":{"self":[{"href":"https:\/\/www.bbyhaber.com\/bby\/wp-json\/wp\/v2\/posts\/7013"}],"collection":[{"href":"https:\/\/www.bbyhaber.com\/bby\/wp-json\/wp\/v2\/posts"}],"about":[{"href":"https:\/\/www.bbyhaber.com\/bby\/wp-json\/wp\/v2\/types\/post"}],"author":[{"embeddable":true,"href":"https:\/\/www.bbyhaber.com\/bby\/wp-json\/wp\/v2\/users\/1"}],"replies":[{"embeddable":true,"href":"https:\/\/www.bbyhaber.com\/bby\/wp-json\/wp\/v2\/comments?post=7013"}],"version-history":[{"count":0,"href":"https:\/\/www.bbyhaber.com\/bby\/wp-json\/wp\/v2\/posts\/7013\/revisions"}],"wp:attachment":[{"href":"https:\/\/www.bbyhaber.com\/bby\/wp-json\/wp\/v2\/media?parent=7013"}],"wp:term":[{"taxonomy":"category","embeddable":true,"href":"https:\/\/www.bbyhaber.com\/bby\/wp-json\/wp\/v2\/categories?post=7013"},{"taxonomy":"post_tag","embeddable":true,"href":"https:\/\/www.bbyhaber.com\/bby\/wp-json\/wp\/v2\/tags?post=7013"}],"curies":[{"name":"wp","href":"https:\/\/api.w.org\/{rel}","templated":true}]}}