{"id":6993,"date":"2012-10-03T19:41:06","date_gmt":"2012-10-03T16:41:06","guid":{"rendered":"http:\/\/www.bbyhaber.com\/bby\/?p=6993"},"modified":"2012-10-03T19:41:06","modified_gmt":"2012-10-03T16:41:06","slug":"yakin-dogu-universitesi-kutuphanesine-azerbaycandan-kitap-bagisi","status":"publish","type":"post","link":"https:\/\/www.bbyhaber.com\/bby\/2012\/10\/03\/yakin-dogu-universitesi-kutuphanesine-azerbaycandan-kitap-bagisi","title":{"rendered":"Yak\u0131n Do\u011fu \u00dcniversitesi K\u00fct\u00fcphanesine Azerbaycan&#8217;dan kitap ba\u011f\u0131\u015f\u0131"},"content":{"rendered":"<p style=\"text-align: justify;\">Yak\u0131n Do\u011fu \u00dcniversitesi Azerbaycanl\u0131 \u00d6\u011frenci Birli\u011fi taraf\u0131ndan YD\u00dc K\u00fct\u00fcphanesine Azerbaycan k\u00fclt\u00fcr\u00fcn\u00fc, tarihini ve medeniyetini yans\u0131tan kitap ba\u011f\u0131\u015f\u0131 yap\u0131ld\u0131. Yak\u0131n Do\u011fu \u00dcniversitesi K\u00fct\u00fcphane M\u00fcd\u00fcr Yard\u0131mc\u0131s\u0131 \u0130smet Aksular, Azerbaycanl\u0131 \u00f6\u011frenci birli\u011finin g\u00f6stermi\u015f oldu\u011fu bu anlaml\u0131 ba\u011f\u0131\u015f i\u00e7in k\u00fct\u00fcphane m\u00fcd\u00fcr\u00fc ad\u0131na te\u015fekk\u00fcrlerini sunarak, yararl\u0131 bir ar\u015fiv olaca\u011f\u0131n\u0131 dile getirdi. \u0130smet Aksular, bu kitaplar\u0131n raflarda en k\u0131sa zamanda yerini alaca\u011f\u0131n\u0131 ve hem Azeri \u00f6\u011frencilere hemde di\u011fer \u00f6\u011frencilere sunulaca\u011f\u0131n\u0131 bildirdi.<!--more--><\/p>\n<p style=\"text-align: justify;\">\nAzerbaycanl\u0131 \u00d6\u011frenci Birli\u011fi Ba\u015fkan\u0131 Vasif Gadirli, \u00d6\u011frenciler aras\u0131nda bir kampaya ba\u015flatt\u0131klar\u0131n\u0131 ve Azerbaycan k\u00fclt\u00fcr\u00fcn\u00fc, medeniyetini yans\u0131tan kitaplar oldu\u011funu belirtti. Vasif Gadirli, b\u00f6yle bir katk\u0131dan dolay\u0131 ba\u015fta Rekt\u00f6r yard\u0131mc\u0131s\u0131 Prof.Dr. Fahrettin Sad\u0131ko\u011flu\u2019na te\u015fekk\u00fcrlerini sunarak, daha \u00e7ok i\u015flerde lay\u0131k olmaya \u00e7al\u0131\u015facaklar\u0131n\u0131 s\u00f6yledi.<\/p>\n<p>Kaynak: http:\/\/www.kibrispostasi.com\/<\/p>\n","protected":false},"excerpt":{"rendered":"<p>Yak\u0131n Do\u011fu \u00dcniversitesi Azerbaycanl\u0131 \u00d6\u011frenci Birli\u011fi taraf\u0131ndan YD\u00dc K\u00fct\u00fcphanesine Azerbaycan k\u00fclt\u00fcr\u00fcn\u00fc, tarihini ve medeniyetini yans\u0131tan kitap ba\u011f\u0131\u015f\u0131 yap\u0131ld\u0131. Yak\u0131n Do\u011fu \u00dcniversitesi K\u00fct\u00fcphane M\u00fcd\u00fcr Yard\u0131mc\u0131s\u0131 \u0130smet Aksular, Azerbaycanl\u0131 \u00f6\u011frenci birli\u011finin g\u00f6stermi\u015f oldu\u011fu bu anlaml\u0131 ba\u011f\u0131\u015f i\u00e7in k\u00fct\u00fcphane m\u00fcd\u00fcr\u00fc ad\u0131na te\u015fekk\u00fcrlerini sunarak, yararl\u0131 bir ar\u015fiv olaca\u011f\u0131n\u0131 dile getirdi. \u0130smet Aksular, bu kitaplar\u0131n raflarda en k\u0131sa zamanda yerini [&hellip;]<\/p>\n","protected":false},"author":1,"featured_media":0,"comment_status":"open","ping_status":"open","sticky":false,"template":"","format":"standard","meta":{"footnotes":""},"categories":[1],"tags":[1437],"class_list":["post-6993","post","type-post","status-publish","format-standard","hentry","category-genel","tag-univ-arastirma-kutuphaneleri"],"_links":{"self":[{"href":"https:\/\/www.bbyhaber.com\/bby\/wp-json\/wp\/v2\/posts\/6993"}],"collection":[{"href":"https:\/\/www.bbyhaber.com\/bby\/wp-json\/wp\/v2\/posts"}],"about":[{"href":"https:\/\/www.bbyhaber.com\/bby\/wp-json\/wp\/v2\/types\/post"}],"author":[{"embeddable":true,"href":"https:\/\/www.bbyhaber.com\/bby\/wp-json\/wp\/v2\/users\/1"}],"replies":[{"embeddable":true,"href":"https:\/\/www.bbyhaber.com\/bby\/wp-json\/wp\/v2\/comments?post=6993"}],"version-history":[{"count":0,"href":"https:\/\/www.bbyhaber.com\/bby\/wp-json\/wp\/v2\/posts\/6993\/revisions"}],"wp:attachment":[{"href":"https:\/\/www.bbyhaber.com\/bby\/wp-json\/wp\/v2\/media?parent=6993"}],"wp:term":[{"taxonomy":"category","embeddable":true,"href":"https:\/\/www.bbyhaber.com\/bby\/wp-json\/wp\/v2\/categories?post=6993"},{"taxonomy":"post_tag","embeddable":true,"href":"https:\/\/www.bbyhaber.com\/bby\/wp-json\/wp\/v2\/tags?post=6993"}],"curies":[{"name":"wp","href":"https:\/\/api.w.org\/{rel}","templated":true}]}}