{"id":6990,"date":"2012-10-03T19:36:50","date_gmt":"2012-10-03T17:36:50","guid":{"rendered":"http:\/\/www.bbyhaber.com\/bby\/?p=6990"},"modified":"2013-02-28T12:51:45","modified_gmt":"2013-02-28T10:51:45","slug":"misir-iskenderiye-kutuphanesi-ile-turkiye-milli-kutuphanesi-genel-isbirligi-anlasmasi-imzalandi","status":"publish","type":"post","link":"https:\/\/www.bbyhaber.com\/bby\/2012\/10\/03\/misir-iskenderiye-kutuphanesi-ile-turkiye-milli-kutuphanesi-genel-isbirligi-anlasmasi-imzalandi","title":{"rendered":"M\u0131s\u0131r \u0130skenderiye K\u00fct\u00fcphanesi ile T\u00fcrkiye Milli K\u00fct\u00fcphanesi Genel \u0130\u015fbirli\u011fi Anla\u015fmas\u0131 \u0130mzaland\u0131"},"content":{"rendered":"<p style=\"text-align: justify;\">M\u0131s\u0131r \u0130skenderiye K\u00fct\u00fcphanesi ile T\u00fcrkiye Milli K\u00fct\u00fcphanesi aras\u0131nda &#8220;Genel \u0130\u015fbirli\u011fi Anla\u015fmas\u0131&#8221; imzaland\u0131. \u0130skenderiye K\u00fct\u00fcphanesi&#8217;nden yap\u0131lan yaz\u0131l\u0131 a\u00e7\u0131klamada kurum m\u00fcd\u00fcr\u00fc \u0130smail Sirac\u00fcddin, ge\u00e7en hafta T\u00fcrkiye&#8217;ye ger\u00e7ekle\u015ftirdi\u011fi ziyaret s\u0131ras\u0131nda, ortak k\u00fclt\u00fcrel miras alan\u0131nda i\u015fbirli\u011fi sa\u011flamak amac\u0131yla Milli K\u00fct\u00fcphane ve baz\u0131 \u00fcniversitelerle i\u015fbirli\u011fi anla\u015fmas\u0131 imzalad\u0131klar\u0131n\u0131 bildirdi.<!--more--><\/p>\n<p style=\"text-align: justify;\">\u0130smail Sirac\u00fcddin ayr\u0131ca Milli K\u00fct\u00fcphane ve \u0130skenderiye K\u00fct\u00fcphanesi&#8217;nin akademik sempozyumlar d\u00fczenlemek \u00fczere anla\u015ft\u0131\u011f\u0131n\u0131 belirtti. \u00d6te yandan Milli K\u00fct\u00fcphane Ba\u015fkan\u0131 Tuncel Acar AA muhabirine yapt\u0131\u011f\u0131 yaz\u0131l\u0131 a\u00e7\u0131klamada, M\u0131s\u0131r&#8217;daki d\u00fcnyaca \u00fcnl\u00fc \u0130skenderiye K\u00fct\u00fcphanesi&#8217;nin Ba\u015fkan\u0131 Dr. \u0130smail Sirac\u00fcddin ve beraberindeki heyet ile Milli K\u00fct\u00fcphane Ba\u015fkanl\u0131\u011f\u0131nda ikili g\u00f6r\u00fc\u015fmeler ger\u00e7ekle\u015ftirdiklerini kaydetti.<\/p>\n<p style=\"text-align: justify;\">Ziyaret esnas\u0131nda iki \u00fclke k\u00fct\u00fcphaneleri aras\u0131nda &#8220;Genel \u0130\u015fbirli\u011fi Anla\u015fmas\u0131&#8221; imzaland\u0131\u011f\u0131n\u0131 ifade eden Acar, anla\u015fma uyar\u0131nca bilginin \u00fcretilmesi ve ulusal, b\u00f6lgesel ve uluslararas\u0131 d\u00fczeye yay\u0131lmas\u0131, halklar ve k\u00fclt\u00fcrler aras\u0131 diyalogun geli\u015ftirilmesi konusunda mutabakata var\u0131ld\u0131\u011f\u0131n\u0131 ifade etti.<\/p>\n<p style=\"text-align: justify;\">\u0130skenderiye K\u00fct\u00fcphanesi M\u00fcd\u00fcr\u00fc Sirac\u00fcddin, T\u00fcrkiye&#8217;ye yapt\u0131\u011f\u0131 ziyaret s\u0131ras\u0131nda Meclis Ba\u015fkan\u0131 Cemil \u00c7i\u00e7ek, K\u00fclt\u00fcr ve Turizm Bakan\u0131 Ertu\u011frul G\u00fcnay ve \u0130stanbul B\u00fcy\u00fck\u015fehir Belediye Ba\u015fkan\u0131 Kadir Topba\u015f ile g\u00f6r\u00fc\u015fm\u00fc\u015ft\u00fc. Sirac\u00fcddin ayr\u0131ca Bilkent, Ko\u00e7 ve Bah\u00e7e\u015fehir \u00dcniversitelerini ziyaret etmi\u015fti.<\/p>\n<p style=\"text-align: justify;\">Kaynak: www.cnnturk.com<\/p>\n","protected":false},"excerpt":{"rendered":"<p>M\u0131s\u0131r \u0130skenderiye K\u00fct\u00fcphanesi ile T\u00fcrkiye Milli K\u00fct\u00fcphanesi aras\u0131nda &#8220;Genel \u0130\u015fbirli\u011fi Anla\u015fmas\u0131&#8221; imzaland\u0131. \u0130skenderiye K\u00fct\u00fcphanesi&#8217;nden yap\u0131lan yaz\u0131l\u0131 a\u00e7\u0131klamada kurum m\u00fcd\u00fcr\u00fc \u0130smail Sirac\u00fcddin, ge\u00e7en hafta T\u00fcrkiye&#8217;ye ger\u00e7ekle\u015ftirdi\u011fi ziyaret s\u0131ras\u0131nda, ortak k\u00fclt\u00fcrel miras alan\u0131nda i\u015fbirli\u011fi sa\u011flamak amac\u0131yla Milli K\u00fct\u00fcphane ve baz\u0131 \u00fcniversitelerle i\u015fbirli\u011fi anla\u015fmas\u0131 imzalad\u0131klar\u0131n\u0131 bildirdi.<\/p>\n","protected":false},"author":1,"featured_media":0,"comment_status":"open","ping_status":"open","sticky":false,"template":"","format":"standard","meta":{"footnotes":""},"categories":[1475,1],"tags":[],"class_list":["post-6990","post","type-post","status-publish","format-standard","hentry","category-ankara-milli-kutuphane","category-genel"],"_links":{"self":[{"href":"https:\/\/www.bbyhaber.com\/bby\/wp-json\/wp\/v2\/posts\/6990"}],"collection":[{"href":"https:\/\/www.bbyhaber.com\/bby\/wp-json\/wp\/v2\/posts"}],"about":[{"href":"https:\/\/www.bbyhaber.com\/bby\/wp-json\/wp\/v2\/types\/post"}],"author":[{"embeddable":true,"href":"https:\/\/www.bbyhaber.com\/bby\/wp-json\/wp\/v2\/users\/1"}],"replies":[{"embeddable":true,"href":"https:\/\/www.bbyhaber.com\/bby\/wp-json\/wp\/v2\/comments?post=6990"}],"version-history":[{"count":0,"href":"https:\/\/www.bbyhaber.com\/bby\/wp-json\/wp\/v2\/posts\/6990\/revisions"}],"wp:attachment":[{"href":"https:\/\/www.bbyhaber.com\/bby\/wp-json\/wp\/v2\/media?parent=6990"}],"wp:term":[{"taxonomy":"category","embeddable":true,"href":"https:\/\/www.bbyhaber.com\/bby\/wp-json\/wp\/v2\/categories?post=6990"},{"taxonomy":"post_tag","embeddable":true,"href":"https:\/\/www.bbyhaber.com\/bby\/wp-json\/wp\/v2\/tags?post=6990"}],"curies":[{"name":"wp","href":"https:\/\/api.w.org\/{rel}","templated":true}]}}