{"id":6979,"date":"2012-10-02T22:12:31","date_gmt":"2012-10-02T19:12:31","guid":{"rendered":"http:\/\/www.bbyhaber.com\/bby\/?p=6979"},"modified":"2012-10-02T22:15:58","modified_gmt":"2012-10-02T19:15:58","slug":"edebiyatcilar-yayincilar-ve-cocuklar-bu-konferansta-zeynep-cemali-edebiyat-gunu","status":"publish","type":"post","link":"https:\/\/www.bbyhaber.com\/bby\/2012\/10\/02\/edebiyatcilar-yayincilar-ve-cocuklar-bu-konferansta-zeynep-cemali-edebiyat-gunu","title":{"rendered":"Edebiyat\u00e7\u0131lar, yay\u0131nc\u0131lar ve \u00e7ocuklar bu konferansta-&#8220;Zeynep Cemali Edebiyat G\u00fcn\u00fc\u201d"},"content":{"rendered":"<p style=\"text-align: justify;\"><img loading=\"lazy\" decoding=\"async\" class=\"alignleft\" src=\"http:\/\/www.gunisigikitapligi.com\/scripts\/ZeynepCemaliEdebiyatGunuLogos.jpg\" alt=\"\" width=\"86\" height=\"156\" \/>G\u00fcn\u0131\u015f\u0131\u011f\u0131 Kitapl\u0131\u011f\u0131 taraf\u0131ndan bu y\u0131l ikinci kez d\u00fczenlenen \u00e7ocuk ve gen\u00e7lik edebiyat\u0131 konferans\u0131 Zeynep Cemali Edebiyat G\u00fcn\u00fc, <strong>6 Ekim\u2019de Kadir Has \u00dcniversitesi<\/strong>\u2019nde ger\u00e7ekle\u015fecek. \u00c7ocuk ve gen\u00e7lik edebiyat\u0131na emek veren yazarlar, edit\u00f6rler, akademisyenler, yay\u0131nc\u0131lar, ill\u00fcstrat\u00f6rler, \u00e7evirmenler, grafik tasar\u0131mc\u0131lar, k\u00fct\u00fcphaneciler ve e\u011fitimcilerin kat\u0131laca\u011f\u0131 tamg\u00fcnl\u00fck konferansta \u00e7ocuk ve gen\u00e7lik edebiyat\u0131, yay\u0131nc\u0131l\u0131\u011f\u0131n \u00f6nemli konular\u0131 ve 4+4+4\u2019le bi\u00e7imlenen yeni e\u011fitim d\u00f6neminde edebiyat kitaplar\u0131n\u0131n yeri tart\u0131\u015f\u0131lacak.<!--more--><\/p>\n<p style=\"text-align: justify;\">Ad\u0131n\u0131, 2009\u2019da ya\u015fama veda eden usta \u00f6yk\u00fcc\u00fc Zeynep Cemali\u2019den alan konferans\u0131n konu\u015fmac\u0131lar\u0131 aras\u0131nda Selim \u0130leri, Yalva\u00e7 Ural, M\u00fcge \u0130plik\u00e7i, Beh\u00e7et \u00c7elik, Asl\u0131 Tohumcu ve Semih G\u00fcm\u00fc\u015f gibi edebiyat\u00e7\u0131lar\u0131n yan\u0131 s\u0131ra Prof. Dr. \u00dcst\u00fcn Erg\u00fcder, Zekeriya Kaya, Dr. M\u00fcren Beykan gibi e\u011fitim ve yay\u0131nc\u0131l\u0131\u011f\u0131m\u0131z\u0131n \u00f6nde gelen isimleri bulunuyor. Kadir Has \u00dcniversitesi Cibali Yerle\u015fkesi\u2019ndeki Cibali Salonu\u2019nda d\u00fczenlenen konferans\u0131n y\u00f6netimini bu kez edebiyat\u0131m\u0131z\u0131n gen\u00e7 kalemlerinden Onur Caymaz \u00fcstleniyor.<\/p>\n<p style=\"text-align: justify;\">Konferans, \u00fclke genelinde b\u00fcy\u00fck bir kat\u0131l\u0131mla sonu\u00e7lanan Zeynep Cemali \u00d6yk\u00fc Yar\u0131\u015fmas\u0131 2012 \u00d6d\u00fcl T\u00f6reni\u2019ne de ev sahipli\u011fi yapacak. \u0130lk\u00f6\u011fretim 6, 7 ve 8. s\u0131n\u0131f \u00f6\u011frencilerinin kat\u0131ld\u0131\u011f\u0131 \u00f6yk\u00fc yar\u0131\u015fmas\u0131nda 2012\u2019de dereceye giren ilk \u00fc\u00e7 \u00f6\u011frenci, t\u00f6rene aileleri ve \u00f6\u011fretmenleriyle birlikte kat\u0131lacak ve \u00f6d\u00fcllerini usta edebiyat\u00e7\u0131lar\u0131m\u0131z\u0131n elinden alacaklar. T\u00f6renin ard\u0131ndan verilecek kokteylde \u00e7ocuklar, severek okuduklar\u0131 pek \u00e7ok yazarla tan\u0131\u015fma f\u0131rsat\u0131 bulacaklar.<\/p>\n<p style=\"text-align: justify;\">G\u00fcn\u0131\u015f\u0131\u011f\u0131 Kitapl\u0131\u011f\u0131 Genel Yay\u0131n Y\u00f6netmeni Mine Soysal her y\u0131l d\u00fczenlenecek konferans\u0131n, hem yay\u0131nc\u0131l\u0131k sekt\u00f6r\u00fcne hem de \u00e7ocuk ve gen\u00e7lik edebiyat\u0131na farkl\u0131 a\u00e7\u0131lardan \u0131\u015f\u0131k tutacak g\u00fcndemini vurgularken, gerek bilginin gerekse g\u00f6r\u00fc\u015f ve yakla\u015f\u0131mlar\u0131n payla\u015f\u0131lmas\u0131 ve tart\u0131\u015f\u0131lmas\u0131n\u0131n ilgili b\u00fct\u00fcn taraflar i\u00e7in \u00f6nemine i\u015faret ediyor. Konferansa, Ankara \u00dcniversitesi \u00c7ocuk ve Gen\u00e7lik Edebiyat\u0131 Uygulama ve Ara\u015ft\u0131rma Merkezi (\u00c7OGEM), \u00c7ocuk Ara\u015ft\u0131rmalar\u0131 Merkezi (\u00c7AM) ve Uluslararas\u0131 \u00c7ocuk Kitaplar\u0131 Kurulu\u2019nun (IBBY) T\u00fcrkiye temsilcisi olan \u00c7ocuk ve Gen\u00e7lik Yay\u0131nlar\u0131 Derne\u011fi (\u00c7GYD) gibi, alana emek veren kurulu\u015flar destekliyor.<\/p>\n<p style=\"text-align: justify;\"><strong style=\"color: #0000ff;\">Zeynep Cemali Edebiyat G\u00fcn\u00fc<\/strong><\/p>\n<p style=\"text-align: justify;\"><span style=\"color: #0000ff;\"><strong>6 Ekim 2012, Cumartesi<\/strong><\/span><\/p>\n<p style=\"text-align: justify;\"><span style=\"color: #0000ff;\"><strong>PROGRAM\u00a0\u00a0<\/strong>\u00a0\u00a0\u00a0\u00a0\u00a0\u00a0\u00a0\u00a0\u00a0<\/span><\/p>\n<p style=\"text-align: justify;\">08:30\u00a0Kay\u0131t ve ikram<br \/>\n09:30\u00a0A\u00e7\u0131l\u0131\u015f<\/p>\n<p style=\"text-align: justify;\">09:35 \u00a0A\u00e7\u0131\u015f konu\u015fmas\u0131: Yalva\u00e7 Ural<br \/>\n10:00 \u00a0Edebiyat cephesi ve yarat\u0131c\u0131 yazarl\u0131k<br \/>\nSemih G\u00fcm\u00fc\u015f<br \/>\n10:30 \u00a0T\u00fcrk\u00e7e sorunlar\u0131 ve ders kitaplar\u0131m\u0131z<br \/>\nZekeriya Kaya, Ankara \u00dcniversitesi E\u011fitim Bilimleri Fak\u00fcltesi \u00d6\u011fretim G\u00f6revlisi<br \/>\n11:00 \u00a0Kahve molas\u0131<br \/>\n11:20 \u00a0Dijital haklardan FAT\u0130H Projesi\u2019ne yay\u0131nc\u0131l\u0131k sekt\u00f6r\u00fcnde yeni geli\u015fmeler<br \/>\nKenan Kocat\u00fcrk, T\u00fcrkiye Yay\u0131nc\u0131lar Birli\u011fi Genel Sekreteri<br \/>\n11:50 \u00a04+4+4 okuma k\u00fclt\u00fcr\u00fcm\u00fcz\u00fc geli\u015ftirmek i\u00e7in bir f\u0131rsat olabilir mi?<br \/>\nProf. Dr. \u00dcst\u00fcn Erg\u00fcder, ERG Direkt\u00f6r\u00fc<\/p>\n<p style=\"text-align: justify;\">12:35 \u00a0\u00d6\u011fle yeme\u011fi<\/p>\n<p style=\"text-align: justify;\">13:45 \u00a0Bir kitab\u0131 resimlemek ne demek, tasarlamak ne demek?<br \/>\nHuban Korman<br \/>\n14:30 \u00a0PANEL: Gen\u00e7lik edebiyat\u0131 bizde de yaz\u0131labilir mi, yoksa zaten yaz\u0131l\u0131yor mu?<br \/>\nM\u00fcge \u0130plik\u00e7i, Beh\u00e7et \u00c7elik, Asl\u0131 Tohumcu<br \/>\n15:25\u00a0Edebiyattan ya\u015fama s\u00fcz\u00fclen \u00f6yk\u00fcler<br \/>\nSelim \u0130leri<\/p>\n<p style=\"text-align: justify;\">16:05\u00a0\u00d6D\u00dcL T\u00d6REN\u0130<br \/>\nDr. M\u00fcren Beykan<br \/>\nZeynep Cemali \u00d6yk\u00fc Yar\u0131\u015fmas\u0131 2012 sonu\u00e7lar\u0131<\/p>\n<p style=\"text-align: justify;\">16:40\u00a0KOKTEYL<\/p>\n<p style=\"text-align: justify;\">Kaynak ve ileti\u015fim:\u00a0<strong>\u0130leti\u015fim Y\u00f6neticisi Meltem \u0130ge<\/strong>\u00a0(<a href=\"mailto:meltemige@gunisigikitapligi.com\">meltemige@gunisigikitapligi.com<\/a>\u00a0)<\/p>\n","protected":false},"excerpt":{"rendered":"<p>G\u00fcn\u0131\u015f\u0131\u011f\u0131 Kitapl\u0131\u011f\u0131 taraf\u0131ndan bu y\u0131l ikinci kez d\u00fczenlenen \u00e7ocuk ve gen\u00e7lik edebiyat\u0131 konferans\u0131 Zeynep Cemali Edebiyat G\u00fcn\u00fc, 6 Ekim\u2019de Kadir Has \u00dcniversitesi\u2019nde ger\u00e7ekle\u015fecek. \u00c7ocuk ve gen\u00e7lik edebiyat\u0131na emek veren yazarlar, edit\u00f6rler, akademisyenler, yay\u0131nc\u0131lar, ill\u00fcstrat\u00f6rler, \u00e7evirmenler, grafik tasar\u0131mc\u0131lar, k\u00fct\u00fcphaneciler ve e\u011fitimcilerin kat\u0131laca\u011f\u0131 tamg\u00fcnl\u00fck konferansta \u00e7ocuk ve gen\u00e7lik edebiyat\u0131, yay\u0131nc\u0131l\u0131\u011f\u0131n \u00f6nemli konular\u0131 ve 4+4+4\u2019le bi\u00e7imlenen yeni e\u011fitim [&hellip;]<\/p>\n","protected":false},"author":1,"featured_media":0,"comment_status":"open","ping_status":"open","sticky":false,"template":"","format":"standard","meta":{"footnotes":""},"categories":[1],"tags":[209],"class_list":["post-6979","post","type-post","status-publish","format-standard","hentry","category-genel","tag-gunisigi-kitapligi"],"_links":{"self":[{"href":"https:\/\/www.bbyhaber.com\/bby\/wp-json\/wp\/v2\/posts\/6979"}],"collection":[{"href":"https:\/\/www.bbyhaber.com\/bby\/wp-json\/wp\/v2\/posts"}],"about":[{"href":"https:\/\/www.bbyhaber.com\/bby\/wp-json\/wp\/v2\/types\/post"}],"author":[{"embeddable":true,"href":"https:\/\/www.bbyhaber.com\/bby\/wp-json\/wp\/v2\/users\/1"}],"replies":[{"embeddable":true,"href":"https:\/\/www.bbyhaber.com\/bby\/wp-json\/wp\/v2\/comments?post=6979"}],"version-history":[{"count":0,"href":"https:\/\/www.bbyhaber.com\/bby\/wp-json\/wp\/v2\/posts\/6979\/revisions"}],"wp:attachment":[{"href":"https:\/\/www.bbyhaber.com\/bby\/wp-json\/wp\/v2\/media?parent=6979"}],"wp:term":[{"taxonomy":"category","embeddable":true,"href":"https:\/\/www.bbyhaber.com\/bby\/wp-json\/wp\/v2\/categories?post=6979"},{"taxonomy":"post_tag","embeddable":true,"href":"https:\/\/www.bbyhaber.com\/bby\/wp-json\/wp\/v2\/tags?post=6979"}],"curies":[{"name":"wp","href":"https:\/\/api.w.org\/{rel}","templated":true}]}}