{"id":6944,"date":"2012-10-01T09:22:50","date_gmt":"2012-10-01T06:22:50","guid":{"rendered":"http:\/\/www.bbyhaber.com\/bby\/?p=6944"},"modified":"2012-12-06T14:40:59","modified_gmt":"2012-12-06T12:40:59","slug":"turk-kutuphaneciler-dernegi-25-olagan-genel-kurul-toplantisi","status":"publish","type":"post","link":"https:\/\/www.bbyhaber.com\/bby\/2012\/10\/01\/turk-kutuphaneciler-dernegi-25-olagan-genel-kurul-toplantisi","title":{"rendered":"T\u00fcrk K\u00fct\u00fcphaneciler Derne\u011fi 25. Ola\u011fan Genel Kurul Toplant\u0131s\u0131"},"content":{"rendered":"<p style=\"text-align: justify;\">T\u00fcrk K\u00fct\u00fcphaneciler Derne\u011fi Genel Y\u00f6netim Kurulu\u2019nun<strong> 22\/09\/2012<\/strong> tarihinde yapm\u0131\u015f oldu\u011fu toplant\u0131da<strong> 25. Ola\u011fan Genel Kurul Toplant\u0131s\u0131<\/strong>n\u0131n, a\u015fa\u011f\u0131daki g\u00fcndemle <strong><span style=\"color: #0000ff;\">13\/10\/2010 <\/span><\/strong><span style=\"color: #0000ff;\"><span style=\"color: #000000;\">tarihinde saat<\/span><\/span><strong><span style=\"color: #0000ff;\"> 10:00<\/span><\/strong><span style=\"color: #0000ff;\"><span style=\"color: #000000;\">\u2019da<\/span><\/span><strong><span style=\"color: #0000ff;\"> Milli K\u00fct\u00fcphane Toplant\u0131 Salonu<\/span><\/strong>nda yap\u0131lmas\u0131na karar verilmi\u015ftir. <!--more--><\/p>\n<p><strong>G\u00dcNDEM:<\/strong><\/p>\n<p>1-A\u00e7\u0131l\u0131\u015f ve Yoklama<br \/>\n2-Sayg\u0131 Duru\u015fu ve \u0130stiklal Mar\u015f\u0131\u2019n\u0131n okunmas\u0131<br \/>\n3-Ba\u015fkanl\u0131k Divan\u0131n\u0131n olu\u015fturulmas\u0131<br \/>\n4-Y\u00f6netim Kurulu \u00c7al\u0131\u015fma ve Hesap Raporunun okunmas\u0131<br \/>\n5-Denetleme Kurulu Raporunun okunmas\u0131<br \/>\n6-Raporlar \u00dczerinde G\u00f6r\u00fc\u015fme ve Aklama<br \/>\n7-B\u00fct\u00e7e tasar\u0131s\u0131n\u0131n g\u00f6r\u00fc\u015f\u00fclmesi ve kabul\u00fc<br \/>\n8-T\u00fcz\u00fck maddeleri \u00fczerindeki de\u011fi\u015fikliklerin tart\u0131\u015f\u0131lmas\u0131 ve kabul\u00fc<br \/>\n9-Y\u00f6netim Kuruluna verilecek yetkiler<br \/>\n10-Se\u00e7imler<br \/>\n11-Dilek \u00f6neriler ve kapan\u0131\u015f<\/p>\n","protected":false},"excerpt":{"rendered":"<p>T\u00fcrk K\u00fct\u00fcphaneciler Derne\u011fi Genel Y\u00f6netim Kurulu\u2019nun 22\/09\/2012 tarihinde yapm\u0131\u015f oldu\u011fu toplant\u0131da 25. Ola\u011fan Genel Kurul Toplant\u0131s\u0131n\u0131n, a\u015fa\u011f\u0131daki g\u00fcndemle 13\/10\/2010 tarihinde saat 10:00\u2019da Milli K\u00fct\u00fcphane Toplant\u0131 Salonunda yap\u0131lmas\u0131na karar verilmi\u015ftir.<\/p>\n","protected":false},"author":1,"featured_media":0,"comment_status":"open","ping_status":"open","sticky":false,"template":"","format":"standard","meta":{"footnotes":""},"categories":[1607],"tags":[1421,1423,1424,1425,1420,1422,1426,1427],"class_list":["post-6944","post","type-post","status-publish","format-standard","hentry","category-turk-kutuphaneciler-dernegi-tkd","tag-tkd-ankara","tag-tkd-bursa","tag-tkd-diyarbakir","tag-tkd-gaziantep","tag-tkd-istanbul","tag-tkd-izmir","tag-tkd-rize","tag-tkd-yozgat"],"_links":{"self":[{"href":"https:\/\/www.bbyhaber.com\/bby\/wp-json\/wp\/v2\/posts\/6944"}],"collection":[{"href":"https:\/\/www.bbyhaber.com\/bby\/wp-json\/wp\/v2\/posts"}],"about":[{"href":"https:\/\/www.bbyhaber.com\/bby\/wp-json\/wp\/v2\/types\/post"}],"author":[{"embeddable":true,"href":"https:\/\/www.bbyhaber.com\/bby\/wp-json\/wp\/v2\/users\/1"}],"replies":[{"embeddable":true,"href":"https:\/\/www.bbyhaber.com\/bby\/wp-json\/wp\/v2\/comments?post=6944"}],"version-history":[{"count":0,"href":"https:\/\/www.bbyhaber.com\/bby\/wp-json\/wp\/v2\/posts\/6944\/revisions"}],"wp:attachment":[{"href":"https:\/\/www.bbyhaber.com\/bby\/wp-json\/wp\/v2\/media?parent=6944"}],"wp:term":[{"taxonomy":"category","embeddable":true,"href":"https:\/\/www.bbyhaber.com\/bby\/wp-json\/wp\/v2\/categories?post=6944"},{"taxonomy":"post_tag","embeddable":true,"href":"https:\/\/www.bbyhaber.com\/bby\/wp-json\/wp\/v2\/tags?post=6944"}],"curies":[{"name":"wp","href":"https:\/\/api.w.org\/{rel}","templated":true}]}}