{"id":6940,"date":"2012-09-30T23:31:50","date_gmt":"2012-09-30T20:31:50","guid":{"rendered":"http:\/\/www.bbyhaber.com\/bby\/?p=6940"},"modified":"2014-02-19T13:33:07","modified_gmt":"2014-02-19T11:33:07","slug":"stockholm-kutuphanesi-yonetimi-tenten-kitaplari-konusunda-geri-adim-atti","status":"publish","type":"post","link":"https:\/\/www.bbyhaber.com\/bby\/2012\/09\/30\/stockholm-kutuphanesi-yonetimi-tenten-kitaplari-konusunda-geri-adim-atti","title":{"rendered":"Stockholm K\u00fct\u00fcphanesi Y\u00f6netimi Tenten Kitaplar\u0131 Konusunda Geri Ad\u0131m Att\u0131"},"content":{"rendered":"<p style=\"text-align: justify;\">\u00c7izgi roman kahraman\u0131 Tenten kitaplar\u0131nda, Afrikal\u0131lara, Araplara, T\u00fcrklere kar\u015f\u0131 \u0131rk\u00e7\u0131 ve \u00f6n yarg\u0131l\u0131 yakla\u015f\u0131mlar\u0131 nedeniyle Stockholm K\u00fct\u00fcphanesi&#8217;nin raflar\u0131ndan kald\u0131r\u0131laca\u011f\u0131 y\u00f6n\u00fcndeki karar\u0131n geri \u00e7ekildi\u011fi bildirildi. \u0130sve\u00e7 gazetesi Dagens Nyheter&#8217;e, Tenten kitaplar\u0131n\u0131n \u00e7ocuk ve gen\u00e7lik b\u00f6l\u00fcm\u00fcndeki raflardan kald\u0131r\u0131laca\u011f\u0131 y\u00f6n\u00fcnde a\u00e7\u0131klama yapan K\u00fct\u00fcphane Sanat Y\u00f6netmeni Behrang Miri, daha sonra s\u00f6zlerini &#8220;Tenten kitaplar\u0131 okuyucusuyla bulu\u015fmaya devam edecek&#8221; diyerek d\u00fczeltti.<!--more--><\/p>\n<p style=\"text-align: justify;\">Miri, yapt\u0131\u011f\u0131 a\u00e7\u0131klamada, ayr\u0131mc\u0131l\u0131k konusuna dikkati \u00e7ekmek ve tart\u0131\u015fmaya a\u00e7mak i\u00e7in katk\u0131da bulunmak istedi\u011fini belirterek, &#8220;Ancak edebiyat eserlerinin toplat\u0131lmas\u0131n\u0131n yanl\u0131\u015f oldu\u011funu g\u00f6rd\u00fcm&#8221; dedi. K\u00fct\u00fcphanenin K\u00fclt\u00fcr M\u00fcd\u00fcr\u00fc Eric Sj\u00f6str\u00f6m de Tenten kitaplar\u0131n\u0131n k\u00fct\u00fcphanede kalmas\u0131na, var\u0131lan ortak kararla ula\u015f\u0131ld\u0131\u011f\u0131n\u0131, &#8220;e\u015fitlik, ayr\u0131mc\u0131l\u0131k&#8221; sorular\u0131n\u0131n ise tart\u0131\u015f\u0131lmas\u0131na devam edece\u011fini kaydetti.<\/p>\n<p style=\"text-align: justify;\">Gazetede yer alan habere tepki g\u00f6steren \u0130sve\u00e7li yazar ve gazeteciler, Miri&#8217;nin karar\u0131n\u0131 ele\u015ftirdi. Bu arada, K\u00fclt\u00fcr Bakan\u0131 Lena Adelsohn Liljeroth de K\u00fct\u00fcphane Sanat Y\u00f6netmeni Miri&#8217;nin, Tenten kitaplar\u0131n\u0131 raflardan toplatma karar\u0131na \u015fa\u015f\u0131rd\u0131\u011f\u0131n\u0131, bunu do\u011fru bulmad\u0131\u011f\u0131n\u0131 a\u00e7\u0131klad\u0131.<\/p>\n<p style=\"text-align: justify;\">Behrang Miri, Tenten kitaplar\u0131n\u0131 raflardan kald\u0131rma karar\u0131na neden olarak, kitapta Afrika \u00fclkeleri, Araplar ve T\u00fcrkler ile ilgili ger\u00e7e\u011fi yans\u0131tmayan bir\u00e7ok resim ve bilgi bulundu\u011funu, bunlar\u0131n \u00e7ocuklar ve gen\u00e7ler aras\u0131nda as\u0131ls\u0131z korku ve fobi olu\u015fturacak nitelikte oldu\u011funu a\u00e7\u0131klam\u0131\u015ft\u0131. Miri, a\u00e7\u0131klamas\u0131nda, Tenten kitaplar\u0131ndaki bilgilerin &#8220;tam olarak s\u00f6m\u00fcrgeci \u00fclkelerin g\u00f6z\u00fcyle&#8221; yaz\u0131lm\u0131\u015f bilgiler oldu\u011funu bildirmi\u015fti.<\/p>\n<p style=\"text-align: justify;\">Kaynak:http:\/\/www.haberciniz.biz<\/p>\n","protected":false},"excerpt":{"rendered":"<p>\u00c7izgi roman kahraman\u0131 Tenten kitaplar\u0131nda, Afrikal\u0131lara, Araplara, T\u00fcrklere kar\u015f\u0131 \u0131rk\u00e7\u0131 ve \u00f6n yarg\u0131l\u0131 yakla\u015f\u0131mlar\u0131 nedeniyle Stockholm K\u00fct\u00fcphanesi&#8217;nin raflar\u0131ndan kald\u0131r\u0131laca\u011f\u0131 y\u00f6n\u00fcndeki karar\u0131n geri \u00e7ekildi\u011fi bildirildi. \u0130sve\u00e7 gazetesi Dagens Nyheter&#8217;e, Tenten kitaplar\u0131n\u0131n \u00e7ocuk ve gen\u00e7lik b\u00f6l\u00fcm\u00fcndeki raflardan kald\u0131r\u0131laca\u011f\u0131 y\u00f6n\u00fcnde a\u00e7\u0131klama yapan K\u00fct\u00fcphane Sanat Y\u00f6netmeni Behrang Miri, daha sonra s\u00f6zlerini &#8220;Tenten kitaplar\u0131 okuyucusuyla bulu\u015fmaya devam edecek&#8221; diyerek d\u00fczeltti.<\/p>\n","protected":false},"author":1,"featured_media":0,"comment_status":"open","ping_status":"open","sticky":false,"template":"","format":"standard","meta":{"footnotes":""},"categories":[519],"tags":[],"class_list":["post-6940","post","type-post","status-publish","format-standard","hentry","category-sansur-2"],"_links":{"self":[{"href":"https:\/\/www.bbyhaber.com\/bby\/wp-json\/wp\/v2\/posts\/6940"}],"collection":[{"href":"https:\/\/www.bbyhaber.com\/bby\/wp-json\/wp\/v2\/posts"}],"about":[{"href":"https:\/\/www.bbyhaber.com\/bby\/wp-json\/wp\/v2\/types\/post"}],"author":[{"embeddable":true,"href":"https:\/\/www.bbyhaber.com\/bby\/wp-json\/wp\/v2\/users\/1"}],"replies":[{"embeddable":true,"href":"https:\/\/www.bbyhaber.com\/bby\/wp-json\/wp\/v2\/comments?post=6940"}],"version-history":[{"count":0,"href":"https:\/\/www.bbyhaber.com\/bby\/wp-json\/wp\/v2\/posts\/6940\/revisions"}],"wp:attachment":[{"href":"https:\/\/www.bbyhaber.com\/bby\/wp-json\/wp\/v2\/media?parent=6940"}],"wp:term":[{"taxonomy":"category","embeddable":true,"href":"https:\/\/www.bbyhaber.com\/bby\/wp-json\/wp\/v2\/categories?post=6940"},{"taxonomy":"post_tag","embeddable":true,"href":"https:\/\/www.bbyhaber.com\/bby\/wp-json\/wp\/v2\/tags?post=6940"}],"curies":[{"name":"wp","href":"https:\/\/api.w.org\/{rel}","templated":true}]}}