{"id":6919,"date":"2012-09-29T14:11:42","date_gmt":"2012-09-29T11:11:42","guid":{"rendered":"http:\/\/www.bbyhaber.com\/bby\/?p=6919"},"modified":"2012-10-13T22:52:41","modified_gmt":"2012-10-13T19:52:41","slug":"izmir-milli-kutuphane-100-yasinda","status":"publish","type":"post","link":"https:\/\/www.bbyhaber.com\/bby\/2012\/09\/29\/izmir-milli-kutuphane-100-yasinda","title":{"rendered":"\u0130zmir Mill\u00ee K\u00fct\u00fcphane 100 ya\u015f\u0131nda"},"content":{"rendered":"<p style=\"text-align: justify;\">\u0130zmir Mill\u00ee K\u00fct\u00fcphane, 100. y\u0131l\u0131n\u0131 \u00e7e\u015fitli etkinliklerle kutlayacak. <strong>8-12 Ekim 2012<\/strong> aras\u0131nda d\u00fczenleyece\u011fi konser ve k\u00fclt\u00fcr etkinlikleriyle tan\u0131t\u0131m ata\u011f\u0131na ge\u00e7en k\u00fct\u00fcphane, birinci cumhuriyet mimarisinin en g\u00fczel \u00f6rneklerini ta\u015f\u0131yor. B\u00fcnyesinde 800 bin civar\u0131nda kitaba evsahipli\u011fi yaparken cumhuriyetin kurulu\u015fundan bu yana s\u00fcregelen gazete ve dergi koleksiyonlar\u0131yla 4 bini a\u015fk\u0131n orijinal el yazmas\u0131 ve ta\u015f bask\u0131 eserleri b\u00fcnyesinde bar\u0131nd\u0131r\u0131yor. D\u00fcnya edebiyat\u0131n\u0131n tan\u0131nm\u0131\u015f yazarlar\u0131n\u0131n orijinal ilk bask\u0131 eserlerinin de bulundu\u011fu, 1912 y\u0131l\u0131ndan beri \u00fccretsiz hizmet veren k\u00fct\u00fcphane, &#8220;mill\u00ee&#8221; unvan\u0131 ta\u015f\u0131yan bir sivil toplum kurulu\u015fu olarak da faaliyet g\u00f6steriyor. Program detay\u0131 a\u015fa\u011f\u0131dad\u0131r.<!--more--><\/p>\n<p><iframe loading=\"lazy\" src=\"http:\/\/www.youtube.com\/embed\/0Rf4gUA7Q54\" frameborder=\"0\" width=\"420\" height=\"315\"><\/iframe><\/p>\n<p style=\"text-align: justify;\"><span style=\"color: #0000ff;\"><strong>Program Detay\u0131:<\/strong><\/span><\/p>\n<p><strong>08 Ekim 2012 Pazartesi<\/strong><\/p>\n<p>1- Atat\u00fcrk An\u0131t\u0131na \u00e7elenk koyma, Sayg\u0131 Duru\u015fu, Istiklal Mar\u015f\u0131 Saat:10.00<\/p>\n<p>2- Foto\u011fraflar Izmir Milli K\u00fct\u00fcphane Sergisi &#8211; Oda M\u00fczi\u011fi Dinletisi<br \/>\nYer: Vas\u0131f \u00c7\u0131nar Meydan\u0131 Saat:11.00<\/p>\n<p>3- Bir Izmir R\u00fcyas\u0131 II (\u015eiirlerle \u015eark\u0131larla Izmir) Libretto: Dr. Y\u0131lmaz Karakoyunlu Orkestra: Anadolu Filarmoni Orkestras\u0131 \u015eef: Cemil G\u00fcn\u00e7er Solist: Bedia Akart\u00fcrk \u015eiirler: Y\u0131ld\u0131z Kenter &#8211; Dr.Y\u0131lmaz Karakoyunlu &#8211; Av. Ulvi Pu\u011f<br \/>\nYer: Ahmed Adnan Saygun Sanat Merkezi Saat: 20.30<\/p>\n<p><strong>09 Ekim 2012 Sal\u0131<\/strong><\/p>\n<p>G\u00fcrcan \u00d6NER Resim Sergisi &#8211; Oda M\u00fczi\u011fi Dinletisi &#8211; Kokteyl<br \/>\nYer: Izmir Milli K\u00fct\u00fcphane Salonu Saat:17.30<\/p>\n<p><strong>10 Ekim 2012 \u00c7ar\u015famba<\/strong><\/p>\n<p>Izmir Milli K\u00fct\u00fcphane Belgeseli Haz\u0131rlayan ve Sunan: Engin TATLIBAL<br \/>\nYer: Izmir Milli K\u00fct\u00fcphane Salonu Saat:17.00<\/p>\n<p><strong>11 Ekim 2012 Per\u015fembe<\/strong><\/p>\n<p>Sempozyum (1. G\u00fcn) Konu: \u00c7a\u011fda\u015fla\u015fma Hareketinde Izmir ve Milli K\u00fct\u00fcphane<br \/>\nYer: Devlet Opera ve Balesi Elhamra Salonu Saat:10.00<\/p>\n<p><strong>12 Ekim 2012 Cuma<\/strong><\/p>\n<p>1- Sempozyum (2. G\u00fcn) Konu: \u00c7a\u011fda\u015fla\u015fma Hareketinde Izmir ve Milli K\u00fct\u00fcphane<br \/>\nYer: Devlet Opera ve Balesi Elhamra Salonu Saat: 9.00<\/p>\n<p>2- Bir Izmir R\u00fcyas\u0131 Libretto: Dr. Y\u0131lmaz KARAKOYUNLU \u015eef: Cemil G\u00dcNCER Orkestra: Anadolu Filarmoni Orkestras\u0131 Aniataniar: Dr. Y\u0131lmaz KARAKOYUNLU Dr. Ali Nail KUBALI &#8211; Dr. \u00f6zlem \u00c7A\u011eLAYAN &#8211; Av. Ulvi PU\u011e Genel Sanat Y\u00f6netmeni: Kenan GOKKAYA<br \/>\nYer: Devlet Opera ve Balesi Elhamra Salonu Saat: 20.30<\/p>\n<p>Etkinlikler Halka A\u00e7\u0131k \u00dccretsizdir.<\/p>\n<p>Bilgi i\u00e7in : 0 232 484 20 02 &#8211; 484 82 54<\/p>\n<p style=\"text-align: justify;\">Not: T\u00fcm Sempozyum, Sergi, Libretto ve Konser Etkinlikleri halka a\u00e7ik, \u00fccretsiz olup, davetiyeler Izmir Milli K\u00fct\u00fcphanesi binasindan temin edilir.<\/p>\n<p style=\"text-align: justify;\">Kaynak:<strong>izmirmilli<\/strong>kutuphane.com<\/p>\n<p style=\"text-align: justify;\">\n","protected":false},"excerpt":{"rendered":"<p>\u0130zmir Mill\u00ee K\u00fct\u00fcphane, 100. y\u0131l\u0131n\u0131 \u00e7e\u015fitli etkinliklerle kutlayacak. 8-12 Ekim 2012 aras\u0131nda d\u00fczenleyece\u011fi konser ve k\u00fclt\u00fcr etkinlikleriyle tan\u0131t\u0131m ata\u011f\u0131na ge\u00e7en k\u00fct\u00fcphane, birinci cumhuriyet mimarisinin en g\u00fczel \u00f6rneklerini ta\u015f\u0131yor. B\u00fcnyesinde 800 bin civar\u0131nda kitaba evsahipli\u011fi yaparken cumhuriyetin kurulu\u015fundan bu yana s\u00fcregelen gazete ve dergi koleksiyonlar\u0131yla 4 bini a\u015fk\u0131n orijinal el yazmas\u0131 ve ta\u015f bask\u0131 eserleri b\u00fcnyesinde [&hellip;]<\/p>\n","protected":false},"author":1,"featured_media":0,"comment_status":"open","ping_status":"open","sticky":false,"template":"","format":"standard","meta":{"footnotes":""},"categories":[1,1581],"tags":[],"class_list":["post-6919","post","type-post","status-publish","format-standard","hentry","category-genel","category-izmir-milli-kutuphane"],"_links":{"self":[{"href":"https:\/\/www.bbyhaber.com\/bby\/wp-json\/wp\/v2\/posts\/6919"}],"collection":[{"href":"https:\/\/www.bbyhaber.com\/bby\/wp-json\/wp\/v2\/posts"}],"about":[{"href":"https:\/\/www.bbyhaber.com\/bby\/wp-json\/wp\/v2\/types\/post"}],"author":[{"embeddable":true,"href":"https:\/\/www.bbyhaber.com\/bby\/wp-json\/wp\/v2\/users\/1"}],"replies":[{"embeddable":true,"href":"https:\/\/www.bbyhaber.com\/bby\/wp-json\/wp\/v2\/comments?post=6919"}],"version-history":[{"count":0,"href":"https:\/\/www.bbyhaber.com\/bby\/wp-json\/wp\/v2\/posts\/6919\/revisions"}],"wp:attachment":[{"href":"https:\/\/www.bbyhaber.com\/bby\/wp-json\/wp\/v2\/media?parent=6919"}],"wp:term":[{"taxonomy":"category","embeddable":true,"href":"https:\/\/www.bbyhaber.com\/bby\/wp-json\/wp\/v2\/categories?post=6919"},{"taxonomy":"post_tag","embeddable":true,"href":"https:\/\/www.bbyhaber.com\/bby\/wp-json\/wp\/v2\/tags?post=6919"}],"curies":[{"name":"wp","href":"https:\/\/api.w.org\/{rel}","templated":true}]}}