{"id":6910,"date":"2012-09-29T14:38:53","date_gmt":"2012-09-29T11:38:53","guid":{"rendered":"http:\/\/www.bbyhaber.com\/bby\/?p=6910"},"modified":"2012-09-29T14:40:14","modified_gmt":"2012-09-29T11:40:14","slug":"ordu-gazi-il-halk-kutuphanesinde-muze-kartlar-torenle-dagitildi","status":"publish","type":"post","link":"https:\/\/www.bbyhaber.com\/bby\/2012\/09\/29\/ordu-gazi-il-halk-kutuphanesinde-muze-kartlar-torenle-dagitildi","title":{"rendered":"Ordu Gazi \u0130l Halk K\u00fct\u00fcphanesinde M\u00fcze Kartlar T\u00f6renle Da\u011f\u0131t\u0131ld\u0131"},"content":{"rendered":"<p style=\"text-align: justify;\"><img loading=\"lazy\" decoding=\"async\" class=\"alignleft\" src=\"http:\/\/www.bbyhaber.com\/bby\/wp-content\/uploads\/2012\/06\/muze-karti.jpg\" alt=\"\" width=\"262\" height=\"132\" \/><a href=\"http:\/\/www.ordukutup.gov.tr\/\" target=\"_blank\">Ordu Gazi \u0130l Halk K\u00fct\u00fcphanesi<\/a>&#8216;nde\u00a0en \u00e7ok kitap okuyan, en \u00e7ok \u00f6d\u00fcn\u00e7 kitap alan ve k\u00fct\u00fcphaneyi en \u00e7ok kullanan okuyuculara m\u00fcze kart verildi.\u00a0K\u00fct\u00fcphaneler ve Yay\u0131mlar Genel M\u00fcd\u00fcrl\u00fc\u011f\u00fc&#8217;nden g\u00f6nderilen 3 adet m\u00fcze kart\u0131n teslimi Ordu K\u00fclt\u00fcr Turizm \u0130l M\u00fcd\u00fcr\u00fc Erkan G\u00dcLDEREN&#8217; in kat\u0131l\u0131m\u0131yla ger\u00e7ekle\u015ftirilmi\u015ftir. K\u00fct\u00fcphaneyi en \u00e7ok kullanan Arzu G\u00dcNG\u00d6R, Burak T\u00d6STEN ve Selim Koray DEM\u0130REL&#8217;e m\u00fcze kartlar yap\u0131lan t\u00f6ren ile \u00a0teslim edilmi\u015ftir.<\/p>\n<p><!--more--><\/p>\n<p>Kaynak: http:\/\/www.ordukutup.gov.tr<\/p>\n","protected":false},"excerpt":{"rendered":"<p>Ordu Gazi \u0130l Halk K\u00fct\u00fcphanesi&#8216;nde\u00a0en \u00e7ok kitap okuyan, en \u00e7ok \u00f6d\u00fcn\u00e7 kitap alan ve k\u00fct\u00fcphaneyi en \u00e7ok kullanan okuyuculara m\u00fcze kart verildi.\u00a0K\u00fct\u00fcphaneler ve Yay\u0131mlar Genel M\u00fcd\u00fcrl\u00fc\u011f\u00fc&#8217;nden g\u00f6nderilen 3 adet m\u00fcze kart\u0131n teslimi Ordu K\u00fclt\u00fcr Turizm \u0130l M\u00fcd\u00fcr\u00fc Erkan G\u00dcLDEREN&#8217; in kat\u0131l\u0131m\u0131yla ger\u00e7ekle\u015ftirilmi\u015ftir. K\u00fct\u00fcphaneyi en \u00e7ok kullanan Arzu G\u00dcNG\u00d6R, Burak T\u00d6STEN ve Selim Koray DEM\u0130REL&#8217;e m\u00fcze [&hellip;]<\/p>\n","protected":false},"author":1,"featured_media":0,"comment_status":"open","ping_status":"open","sticky":false,"template":"","format":"standard","meta":{"footnotes":""},"categories":[1],"tags":[848,301],"class_list":["post-6910","post","type-post","status-publish","format-standard","hentry","category-genel","tag-halk-kutuphaneleri","tag-muzekart"],"_links":{"self":[{"href":"https:\/\/www.bbyhaber.com\/bby\/wp-json\/wp\/v2\/posts\/6910"}],"collection":[{"href":"https:\/\/www.bbyhaber.com\/bby\/wp-json\/wp\/v2\/posts"}],"about":[{"href":"https:\/\/www.bbyhaber.com\/bby\/wp-json\/wp\/v2\/types\/post"}],"author":[{"embeddable":true,"href":"https:\/\/www.bbyhaber.com\/bby\/wp-json\/wp\/v2\/users\/1"}],"replies":[{"embeddable":true,"href":"https:\/\/www.bbyhaber.com\/bby\/wp-json\/wp\/v2\/comments?post=6910"}],"version-history":[{"count":0,"href":"https:\/\/www.bbyhaber.com\/bby\/wp-json\/wp\/v2\/posts\/6910\/revisions"}],"wp:attachment":[{"href":"https:\/\/www.bbyhaber.com\/bby\/wp-json\/wp\/v2\/media?parent=6910"}],"wp:term":[{"taxonomy":"category","embeddable":true,"href":"https:\/\/www.bbyhaber.com\/bby\/wp-json\/wp\/v2\/categories?post=6910"},{"taxonomy":"post_tag","embeddable":true,"href":"https:\/\/www.bbyhaber.com\/bby\/wp-json\/wp\/v2\/tags?post=6910"}],"curies":[{"name":"wp","href":"https:\/\/api.w.org\/{rel}","templated":true}]}}