{"id":6905,"date":"2012-09-29T00:33:32","date_gmt":"2012-09-28T21:33:32","guid":{"rendered":"http:\/\/www.bbyhaber.com\/bby\/?p=6905"},"modified":"2013-10-25T18:27:48","modified_gmt":"2013-10-25T15:27:48","slug":"avrupa-bilgi-okuryazarligi-konferansi-ecil-2013","status":"publish","type":"post","link":"https:\/\/www.bbyhaber.com\/bby\/2012\/09\/29\/avrupa-bilgi-okuryazarligi-konferansi-ecil-2013","title":{"rendered":"Avrupa Bilgi Okuryazarl\u0131\u011f\u0131 Konferans\u0131-22-25 Ekim 2013"},"content":{"rendered":"<p style=\"text-align: justify;\">Hacettepe \u00dcniversitesi BBY B\u00f6l\u00fcm\u00fc\u00a0ve Zagreb \u00dcniversitesi Bilgi ve \u0130leti\u015fim Bilimleri B\u00f6l\u00fcm\u00fc\u2019n\u00fcn ev sahipli\u011fini yapt\u0131\u011f\u0131 <span style=\"color: #0000ff;\"><strong>Avrupa Bilgi Okuryazarl\u0131\u011f\u0131 Konferans\u0131 (ECIL 2013), 22-25 Ekim 2013\u2019de \u0130stanbul<\/strong><\/span>\u2019da ger\u00e7ekle\u015ftirilecektir.<!--more--><\/p>\n<p style=\"text-align: justify;\">Ana temas\u0131 Bilgi Okuryazarl\u0131\u011f\u0131, Medya Okuryazarl\u0131\u011f\u0131, Ya\u015fam Boyu \u00d6\u011frenme olan ECIL, ara\u015ft\u0131rmac\u0131lar\u0131, bilgi profesyonellerini, medya uzmanlar\u0131n\u0131, e\u011fitimcileri, karar al\u0131c\u0131lar\u0131, i\u015fverenleri ve t\u00fcm d\u00fcnyadan bilgi ve deneyimlerini payla\u015facak, g\u00fcncel konular\u0131, geli\u015fmeleri, standartlar\u0131, teknikleri, meydan okumalar\u0131, teori ve iyi uygulamalar\u0131 tart\u0131\u015facak di\u011fer ilgili taraflar\u0131 bir araya getirmeyi hedeflemektedir.<\/p>\n<p style=\"text-align: justify;\"><strong><a href=\"http:\/\/www.ilconf.org\/\" target=\"_blank\">Konferans web sayfas\u0131 i\u00e7in t\u0131klay\u0131n\u0131z<\/a><\/strong><\/p>\n","protected":false},"excerpt":{"rendered":"<p>Hacettepe \u00dcniversitesi BBY B\u00f6l\u00fcm\u00fc\u00a0ve Zagreb \u00dcniversitesi Bilgi ve \u0130leti\u015fim Bilimleri B\u00f6l\u00fcm\u00fc\u2019n\u00fcn ev sahipli\u011fini yapt\u0131\u011f\u0131 Avrupa Bilgi Okuryazarl\u0131\u011f\u0131 Konferans\u0131 (ECIL 2013), 22-25 Ekim 2013\u2019de \u0130stanbul\u2019da ger\u00e7ekle\u015ftirilecektir.<\/p>\n","protected":false},"author":1,"featured_media":0,"comment_status":"open","ping_status":"open","sticky":false,"template":"","format":"standard","meta":{"footnotes":""},"categories":[],"tags":[1395,60,372],"class_list":["post-6905","post","type-post","status-publish","format-standard","hentry","tag-bby-mesleki-etkinlikler-arsivi","tag-bilgi-okuryazarligi","tag-medya-okuryazarligi"],"_links":{"self":[{"href":"https:\/\/www.bbyhaber.com\/bby\/wp-json\/wp\/v2\/posts\/6905"}],"collection":[{"href":"https:\/\/www.bbyhaber.com\/bby\/wp-json\/wp\/v2\/posts"}],"about":[{"href":"https:\/\/www.bbyhaber.com\/bby\/wp-json\/wp\/v2\/types\/post"}],"author":[{"embeddable":true,"href":"https:\/\/www.bbyhaber.com\/bby\/wp-json\/wp\/v2\/users\/1"}],"replies":[{"embeddable":true,"href":"https:\/\/www.bbyhaber.com\/bby\/wp-json\/wp\/v2\/comments?post=6905"}],"version-history":[{"count":0,"href":"https:\/\/www.bbyhaber.com\/bby\/wp-json\/wp\/v2\/posts\/6905\/revisions"}],"wp:attachment":[{"href":"https:\/\/www.bbyhaber.com\/bby\/wp-json\/wp\/v2\/media?parent=6905"}],"wp:term":[{"taxonomy":"category","embeddable":true,"href":"https:\/\/www.bbyhaber.com\/bby\/wp-json\/wp\/v2\/categories?post=6905"},{"taxonomy":"post_tag","embeddable":true,"href":"https:\/\/www.bbyhaber.com\/bby\/wp-json\/wp\/v2\/tags?post=6905"}],"curies":[{"name":"wp","href":"https:\/\/api.w.org\/{rel}","templated":true}]}}