{"id":6891,"date":"2012-09-26T21:49:17","date_gmt":"2012-09-26T18:49:17","guid":{"rendered":"http:\/\/www.bbyhaber.com\/bby\/?p=6891"},"modified":"2013-02-03T12:57:06","modified_gmt":"2013-02-03T10:57:06","slug":"4-aydir-ilce-halk-kutuphanesi-kapali-ilgaz","status":"publish","type":"post","link":"https:\/\/www.bbyhaber.com\/bby\/2012\/09\/26\/4-aydir-ilce-halk-kutuphanesi-kapali-ilgaz","title":{"rendered":"4 ayd\u0131r il\u00e7e halk k\u00fct\u00fcphanesi kapal\u0131-Ilgaz"},"content":{"rendered":"<p style=\"text-align: justify;\">\u0130nternettin yayg\u0131nla\u015fmas\u0131 ile k\u00fct\u00fcphanelere olan ilgi azalsa da yinede iyi bir ara\u015ft\u0131rma ve okuma al\u0131\u015fkanl\u0131\u011f\u0131 kazan\u0131lmas\u0131 a\u00e7\u0131s\u0131ndan k\u00fct\u00fcphaneler yine bir numara. \u00d6zellikle ta\u015frada Anadolu\u2019da bir\u00e7ok yerde k\u00fct\u00fcphane olmazken, mevcut olanlarda ayakta durmaya \u00e7al\u0131\u015f\u0131yor. Ilgaz \u0130l\u00e7e merkezinde bulunan Halk K\u00fct\u00fcphanesi g\u00f6revli memurun emekli olmas\u0131 nedeniyle yakla\u015f\u0131k 4 ayd\u0131r kapal\u0131 durumda.<!--more--><\/p>\n<p style=\"text-align: justify;\">En \u00e7ok \u0130lk\u00f6\u011fretim Okulu \u00f6\u011frencilerinin yararland\u0131\u011f\u0131, yeti\u015fkinlerinde zaman zaman u\u011frad\u0131\u011f\u0131 il\u00e7e halk k\u00fct\u00fcphanesi okullar\u0131n a\u00e7\u0131lmas\u0131na ra\u011fmen halen kapal\u0131 durumda. Vatanda\u015flar buran\u0131n nas\u0131l kapal\u0131 oldu\u011funu bir t\u00fcrl\u00fc anlayamad\u0131klar\u0131n\u0131 belirterek\u201dburas\u0131 bir Devlet dairesi de\u011filmi nas\u0131l kapal\u0131 olur\u201ddiye dert yan\u0131yorlar.<\/p>\n<p style=\"text-align: justify;\">Kaynak: http:\/\/www.ilgazhaber.com<\/p>\n","protected":false},"excerpt":{"rendered":"<p>\u0130nternettin yayg\u0131nla\u015fmas\u0131 ile k\u00fct\u00fcphanelere olan ilgi azalsa da yinede iyi bir ara\u015ft\u0131rma ve okuma al\u0131\u015fkanl\u0131\u011f\u0131 kazan\u0131lmas\u0131 a\u00e7\u0131s\u0131ndan k\u00fct\u00fcphaneler yine bir numara. \u00d6zellikle ta\u015frada Anadolu\u2019da bir\u00e7ok yerde k\u00fct\u00fcphane olmazken, mevcut olanlarda ayakta durmaya \u00e7al\u0131\u015f\u0131yor. Ilgaz \u0130l\u00e7e merkezinde bulunan Halk K\u00fct\u00fcphanesi g\u00f6revli memurun emekli olmas\u0131 nedeniyle yakla\u015f\u0131k 4 ayd\u0131r kapal\u0131 durumda.<\/p>\n","protected":false},"author":1,"featured_media":0,"comment_status":"open","ping_status":"open","sticky":false,"template":"","format":"standard","meta":{"footnotes":""},"categories":[1582],"tags":[848],"class_list":["post-6891","post","type-post","status-publish","format-standard","hentry","category-kapali-kutuphaneler","tag-halk-kutuphaneleri"],"_links":{"self":[{"href":"https:\/\/www.bbyhaber.com\/bby\/wp-json\/wp\/v2\/posts\/6891"}],"collection":[{"href":"https:\/\/www.bbyhaber.com\/bby\/wp-json\/wp\/v2\/posts"}],"about":[{"href":"https:\/\/www.bbyhaber.com\/bby\/wp-json\/wp\/v2\/types\/post"}],"author":[{"embeddable":true,"href":"https:\/\/www.bbyhaber.com\/bby\/wp-json\/wp\/v2\/users\/1"}],"replies":[{"embeddable":true,"href":"https:\/\/www.bbyhaber.com\/bby\/wp-json\/wp\/v2\/comments?post=6891"}],"version-history":[{"count":0,"href":"https:\/\/www.bbyhaber.com\/bby\/wp-json\/wp\/v2\/posts\/6891\/revisions"}],"wp:attachment":[{"href":"https:\/\/www.bbyhaber.com\/bby\/wp-json\/wp\/v2\/media?parent=6891"}],"wp:term":[{"taxonomy":"category","embeddable":true,"href":"https:\/\/www.bbyhaber.com\/bby\/wp-json\/wp\/v2\/categories?post=6891"},{"taxonomy":"post_tag","embeddable":true,"href":"https:\/\/www.bbyhaber.com\/bby\/wp-json\/wp\/v2\/tags?post=6891"}],"curies":[{"name":"wp","href":"https:\/\/api.w.org\/{rel}","templated":true}]}}