{"id":6843,"date":"2012-09-23T00:07:11","date_gmt":"2012-09-22T21:07:11","guid":{"rendered":"http:\/\/www.bbyhaber.com\/bby\/?p=6843"},"modified":"2012-09-23T00:08:00","modified_gmt":"2012-09-22T21:08:00","slug":"odemisteki-iki-kutuphane-kultur-merkezindeki-tek-cati-altinda-hizmet-verecek","status":"publish","type":"post","link":"https:\/\/www.bbyhaber.com\/bby\/2012\/09\/23\/odemisteki-iki-kutuphane-kultur-merkezindeki-tek-cati-altinda-hizmet-verecek","title":{"rendered":"\u00d6demi\u015fteki \u0130ki K\u00fct\u00fcphane K\u00fclt\u00fcr Merkezindeki Tek \u00c7at\u0131 Alt\u0131nda Hizmet Verecek"},"content":{"rendered":"<p style=\"text-align: justify;\">\u0130zmir-\u00d6demi\u015f\u2019teki il\u00e7e halk k\u00fct\u00fcphanesi ile belediye k\u00fct\u00fcphanesinin K\u00fclt\u00fcr Merkezi\u2019ne ta\u015f\u0131nma i\u015flemleri ba\u015flad\u0131. Her iki k\u00fct\u00fcphane ta\u015f\u0131nman\u0131n ard\u0131ndan \u00d6demi\u015f Belediyesi\u2019nce haz\u0131rl\u0131k \u00e7al\u0131\u015fmalar\u0131 devam eden K\u00fclt\u00fcr Merkezi\u2019nde hizmet verecek. Tarihi Lise binas\u0131n\u0131n restorasyon \u00e7al\u0131\u015fmalar\u0131n\u0131n devam etmesi nedeniyle 3 y\u0131ld\u0131r \u00d6demi\u015f Sanayi Sitesi Sosyal Tesisleri\u2019nde hizmet veren \u0130l\u00e7e Halk K\u00fct\u00fcphanesi m\u00fcd\u00fcr\u00fc Orhan Acar ve g\u00f6revliler K\u00fclt\u00fcr Merkezi\u2019ne ta\u015f\u0131nacak kitaplar\u0131 toplayarak kolileri haz\u0131rlamaya ba\u015flad\u0131lar.<!--more--><\/p>\n<p style=\"text-align: justify;\">Ge\u00e7ici olarak \u00d6demi\u015f Belediyesi\u2019ne de ev sahipli\u011fi yapacak K\u00fclt\u00fcr Merkezi\u2019nin son kat\u0131ndaki b\u00fcy\u00fck salonda yer alacak k\u00fct\u00fcphanede \u0130l\u00e7e Halk K\u00fct\u00fcphanesi ile Belediye K\u00fct\u00fcphanesi\u2019nden gelen kitaplar \u00d6demi\u015f\u2019in b\u00fcy\u00fck bir k\u00fct\u00fcphaneye sahip olmas\u0131n\u0131 sa\u011flayacak.<\/p>\n<p style=\"text-align: justify;\">Kas\u0131m ay\u0131 sonu itibariyle \u00e7al\u0131\u015fmalar\u0131 tamamlayarak hem k\u00fct\u00fcphaneyi hem de belediye hizmet binas\u0131n\u0131 hizmete sunmak istediklerini ifade eden Belediye Ba\u015fkan\u0131 Bekir Keskin, \u201cG\u00fcn\u00fcm\u00fczde internet kitap okumaya olan ilgiyi azaltsa da yine de il\u00e7emizin kitaplara d\u00fc\u015fk\u00fcn gen\u00e7leri, vatanda\u015flar\u0131 var. Daha \u00f6nce ayr\u0131 mekanlarda hizmet veren k\u00fct\u00fcphanelerimizi K\u00fclt\u00fcr Merkezi\u2019nde bulu\u015fturuyoruz. Modern bir \u015fekilde dekore edilen yeni k\u00fct\u00fcphanemizin okuma tutkunlar\u0131na g\u00fczel bir ortam sunaca\u011f\u0131na inan\u0131yoruz. Teknolojinin geli\u015fti\u011fi g\u00fcn\u00fcm\u00fczde herkes bir t\u0131kla bilgiye ula\u015f\u0131rken, ben yine de t\u00fcm gen\u00e7lere g\u00fcnde en az yar\u0131m saat kitap okumalar\u0131n\u0131 tavsiye ediyorum\u201d dedi.<\/p>\n<p style=\"text-align: justify;\">Kaynak: www.iha.com.tr<\/p>\n","protected":false},"excerpt":{"rendered":"<p>\u0130zmir-\u00d6demi\u015f\u2019teki il\u00e7e halk k\u00fct\u00fcphanesi ile belediye k\u00fct\u00fcphanesinin K\u00fclt\u00fcr Merkezi\u2019ne ta\u015f\u0131nma i\u015flemleri ba\u015flad\u0131. Her iki k\u00fct\u00fcphane ta\u015f\u0131nman\u0131n ard\u0131ndan \u00d6demi\u015f Belediyesi\u2019nce haz\u0131rl\u0131k \u00e7al\u0131\u015fmalar\u0131 devam eden K\u00fclt\u00fcr Merkezi\u2019nde hizmet verecek. Tarihi Lise binas\u0131n\u0131n restorasyon \u00e7al\u0131\u015fmalar\u0131n\u0131n devam etmesi nedeniyle 3 y\u0131ld\u0131r \u00d6demi\u015f Sanayi Sitesi Sosyal Tesisleri\u2019nde hizmet veren \u0130l\u00e7e Halk K\u00fct\u00fcphanesi m\u00fcd\u00fcr\u00fc Orhan Acar ve g\u00f6revliler K\u00fclt\u00fcr Merkezi\u2019ne ta\u015f\u0131nacak [&hellip;]<\/p>\n","protected":false},"author":1,"featured_media":0,"comment_status":"open","ping_status":"open","sticky":false,"template":"","format":"standard","meta":{"footnotes":""},"categories":[1],"tags":[848],"class_list":["post-6843","post","type-post","status-publish","format-standard","hentry","category-genel","tag-halk-kutuphaneleri"],"_links":{"self":[{"href":"https:\/\/www.bbyhaber.com\/bby\/wp-json\/wp\/v2\/posts\/6843"}],"collection":[{"href":"https:\/\/www.bbyhaber.com\/bby\/wp-json\/wp\/v2\/posts"}],"about":[{"href":"https:\/\/www.bbyhaber.com\/bby\/wp-json\/wp\/v2\/types\/post"}],"author":[{"embeddable":true,"href":"https:\/\/www.bbyhaber.com\/bby\/wp-json\/wp\/v2\/users\/1"}],"replies":[{"embeddable":true,"href":"https:\/\/www.bbyhaber.com\/bby\/wp-json\/wp\/v2\/comments?post=6843"}],"version-history":[{"count":0,"href":"https:\/\/www.bbyhaber.com\/bby\/wp-json\/wp\/v2\/posts\/6843\/revisions"}],"wp:attachment":[{"href":"https:\/\/www.bbyhaber.com\/bby\/wp-json\/wp\/v2\/media?parent=6843"}],"wp:term":[{"taxonomy":"category","embeddable":true,"href":"https:\/\/www.bbyhaber.com\/bby\/wp-json\/wp\/v2\/categories?post=6843"},{"taxonomy":"post_tag","embeddable":true,"href":"https:\/\/www.bbyhaber.com\/bby\/wp-json\/wp\/v2\/tags?post=6843"}],"curies":[{"name":"wp","href":"https:\/\/api.w.org\/{rel}","templated":true}]}}