{"id":6826,"date":"2012-09-20T14:17:21","date_gmt":"2012-09-20T11:17:21","guid":{"rendered":"http:\/\/www.bbyhaber.com\/bby\/?p=6826"},"modified":"2012-09-20T14:17:35","modified_gmt":"2012-09-20T11:17:35","slug":"moskovada-turk-kutuphanesi-acildi","status":"publish","type":"post","link":"https:\/\/www.bbyhaber.com\/bby\/2012\/09\/20\/moskovada-turk-kutuphanesi-acildi","title":{"rendered":"Moskova\u2019da T\u00fcrk k\u00fct\u00fcphanesi a\u00e7\u0131ld\u0131"},"content":{"rendered":"<p style=\"text-align: justify;\">Kremlin saray\u0131 yak\u0131nl\u0131\u011f\u0131ndaki Moskova Devlet K\u00fct\u00fcphanesi\u2019ne ba\u011fl\u0131 \u015earkiyat Edebiyat\u0131 M\u00fczesi\u2019nde kurulan T\u00fcrk Kitapl\u0131\u011f\u0131 B\u00f6l\u00fcm\u00fc\u2019n\u00fcn a\u00e7\u0131l\u0131\u015f t\u00f6renine T\u00fcrkiye K\u00fclt\u00fcr ve Turizm Bakanl\u0131\u011f\u0131 M\u00fcste\u015far\u0131 \u00d6zg\u00fcr \u00d6zaslan, Rusya Federal Turizm Ajans\u0131 Rosturizm Ba\u015fkan Yard\u0131mc\u0131s\u0131 Yevgeniy Pisarevski\u2019nin de aralar\u0131nda bulundu\u011fu \u00e7ok say\u0131da misafir kat\u0131ld\u0131.<!--more--><\/p>\n<p style=\"text-align: justify;\">Rusya ile T\u00fcrkiye aras\u0131ndaki k\u00fclt\u00fcrel ili\u015fkilerin geli\u015fimi a\u00e7\u0131s\u0131ndan hayati \u00f6nem ta\u015f\u0131yan kitapl\u0131\u011f\u0131n a\u00e7\u0131l\u0131\u015f t\u00f6reninde bir konu\u015fma yapan K\u00fclt\u00fcr ve Turizm Bakanl\u0131\u011f\u0131 M\u00fcste\u015far\u0131 \u00d6zg\u00fcr \u00d6zaslan, \u201c\u00dclkemizin k\u00fclt\u00fcr, sanat ve edebiyat alan\u0131nda sayg\u0131n bir yer edinmesi i\u00e7in bakanl\u0131k olarak \u00e7e\u015fitli projeler y\u00fcr\u00fct\u00fcyoruz. Bu \u00e7er\u00e7evede 2004 y\u0131l\u0131ndan beri her \u00fclkede T\u00fcrkiye Kitapl\u0131klar\u0131 a\u00e7\u0131yoruz. Projenin amac\u0131, T\u00fcrkiye k\u00fclt\u00fcr\u00fc hakk\u0131nda ara\u015ft\u0131rma ve inceleme yapmak isteyenlere kaynak sa\u011flamak\u201d dedi.<\/p>\n<p style=\"text-align: justify;\">Son be\u015f y\u0131l i\u00e7inde 67 \u00fclkede 100\u2019den fazla merkeze 40 binden fazla eser g\u00f6nderdiklerini belirten \u00d6zaslan, \u201cBug\u00fcnk\u00fc t\u00f6reni sadece bir kitapl\u0131\u011f\u0131n a\u00e7\u0131l\u0131\u015f\u0131 olarak de\u011ferlendirmek \u00e7ok yanl\u0131\u015f olur. Bu etkinlik \u00fclkelerimiz aras\u0131ndaki k\u00fclt\u00fcrel i\u015fbirli\u011finin ba\u015flang\u0131c\u0131d\u0131r. \u00d6zellikle yay\u0131n de\u011fi\u015fimi, deneyimlerin payla\u015f\u0131m\u0131, sanatsal etkinliklerin yap\u0131lmas\u0131 ve kar\u015f\u0131l\u0131kl\u0131 olarak k\u00fct\u00fcphanelerde Rusya ve T\u00fcrkiye stand\u0131n\u0131n olu\u015fturulmas\u0131 gibi faaliyetler \u00f6n planda geliyor\u201d dedi.<\/p>\n<p style=\"text-align: justify;\">T\u00f6rende bir konu\u015fma yapan Moskova Devlet K\u00fct\u00fcphanesi Genel M\u00fcd\u00fcr\u00fc Viktor Fyodorov ise T\u00fcrkiye ile Rusya aras\u0131ndaki dostluk ili\u015fkilerinin \u00e7ok eski tarihlere dayand\u0131\u011f\u0131n\u0131 belirtirken, \u201cMaalesef k\u00fct\u00fcphanenin a\u00e7\u0131lmas\u0131nda ge\u00e7 kal\u0131nd\u0131. Ama yine de aram\u0131zdaki dostluk ili\u015fkilerinin k\u0131ymetinin bilinmesi a\u00e7\u0131s\u0131ndan bu ad\u0131m\u0131n at\u0131lmas\u0131nda eme\u011fi ge\u00e7en herkese te\u015fekk\u00fcr ediyorum\u201d dedi.<\/p>\n<p style=\"text-align: justify;\">\u0130HA\u2019ya \u00f6zel a\u00e7\u0131klamada bulunan M\u00fcste\u015far \u00d6zg\u00fcr \u00d6zaslan, Bu y\u0131l Mart ay\u0131 i\u00e7inde yapt\u0131\u011f\u0131m\u0131z ziyarette Rusya Devlet K\u00fct\u00fcphanesi yetkilileriyle g\u00f6r\u00fc\u015fme yapt\u0131k. Sa\u011f olsunlar, yapt\u0131\u011f\u0131m\u0131z toplant\u0131da k\u00fct\u00fcphanenin Edebiyat b\u00f6l\u00fcm\u00fcnde T\u00fcrk Kitapl\u0131\u011f\u0131 olu\u015fturulmas\u0131 hususunda g\u00f6r\u00fc\u015f birli\u011fine vard\u0131k. Buraya se\u00e7kin eserler arma\u011fan ettik. Eyl\u00fcl ay\u0131nda Moskova Uluslar Aras\u0131 Kitap Fuar\u0131&#8217;nda sergiledi\u011fimiz eserler i\u00e7inden bin 200 kayna\u011f\u0131 Rusya&#8217;daki \u00e7e\u015fitli \u00fcniversitelere arma\u011fan edece\u011fiz. \u00d6te yandan Rusya Devlet K\u00fct\u00fcphanesi ve \u0130stanbul Beyaz\u0131t Devlet K\u00fct\u00fcphanesi aras\u0131nda karde\u015f k\u00fct\u00fcphane olarak ili\u015fkilerin geli\u015ftirilmesini arzu ediyoruz\u201d \u015feklinde konu\u015ftu.<\/p>\n<p style=\"text-align: justify;\">Kaynak: http:\/\/haber.mynet.com<\/p>\n","protected":false},"excerpt":{"rendered":"<p>Kremlin saray\u0131 yak\u0131nl\u0131\u011f\u0131ndaki Moskova Devlet K\u00fct\u00fcphanesi\u2019ne ba\u011fl\u0131 \u015earkiyat Edebiyat\u0131 M\u00fczesi\u2019nde kurulan T\u00fcrk Kitapl\u0131\u011f\u0131 B\u00f6l\u00fcm\u00fc\u2019n\u00fcn a\u00e7\u0131l\u0131\u015f t\u00f6renine T\u00fcrkiye K\u00fclt\u00fcr ve Turizm Bakanl\u0131\u011f\u0131 M\u00fcste\u015far\u0131 \u00d6zg\u00fcr \u00d6zaslan, Rusya Federal Turizm Ajans\u0131 Rosturizm Ba\u015fkan Yard\u0131mc\u0131s\u0131 Yevgeniy Pisarevski\u2019nin de aralar\u0131nda bulundu\u011fu \u00e7ok say\u0131da misafir kat\u0131ld\u0131.<\/p>\n","protected":false},"author":1,"featured_media":0,"comment_status":"open","ping_status":"open","sticky":false,"template":"","format":"standard","meta":{"footnotes":""},"categories":[1],"tags":[1410],"class_list":["post-6826","post","type-post","status-publish","format-standard","hentry","category-genel","tag-uluslararasi-kutuphane-haberleri"],"_links":{"self":[{"href":"https:\/\/www.bbyhaber.com\/bby\/wp-json\/wp\/v2\/posts\/6826"}],"collection":[{"href":"https:\/\/www.bbyhaber.com\/bby\/wp-json\/wp\/v2\/posts"}],"about":[{"href":"https:\/\/www.bbyhaber.com\/bby\/wp-json\/wp\/v2\/types\/post"}],"author":[{"embeddable":true,"href":"https:\/\/www.bbyhaber.com\/bby\/wp-json\/wp\/v2\/users\/1"}],"replies":[{"embeddable":true,"href":"https:\/\/www.bbyhaber.com\/bby\/wp-json\/wp\/v2\/comments?post=6826"}],"version-history":[{"count":0,"href":"https:\/\/www.bbyhaber.com\/bby\/wp-json\/wp\/v2\/posts\/6826\/revisions"}],"wp:attachment":[{"href":"https:\/\/www.bbyhaber.com\/bby\/wp-json\/wp\/v2\/media?parent=6826"}],"wp:term":[{"taxonomy":"category","embeddable":true,"href":"https:\/\/www.bbyhaber.com\/bby\/wp-json\/wp\/v2\/categories?post=6826"},{"taxonomy":"post_tag","embeddable":true,"href":"https:\/\/www.bbyhaber.com\/bby\/wp-json\/wp\/v2\/tags?post=6826"}],"curies":[{"name":"wp","href":"https:\/\/api.w.org\/{rel}","templated":true}]}}