{"id":6812,"date":"2012-09-18T09:50:00","date_gmt":"2012-09-18T06:50:00","guid":{"rendered":"http:\/\/www.bbyhaber.com\/bby\/?p=6812"},"modified":"2012-11-27T23:33:41","modified_gmt":"2012-11-27T21:33:41","slug":"nufus-ve-vatandaslik-isleri-sozlesmeli-personel-alim-ilani-son-basvuru-tarihi-09-10-2012","status":"publish","type":"post","link":"https:\/\/www.bbyhaber.com\/bby\/2012\/09\/18\/nufus-ve-vatandaslik-isleri-sozlesmeli-personel-alim-ilani-son-basvuru-tarihi-09-10-2012","title":{"rendered":"N\u00fcfus ve Vatanda\u015fl\u0131k \u0130\u015fleri S\u00f6zle\u015fmeli Personel Al\u0131m \u0130lan\u0131-Son Ba\u015fvuru Tarihi-09.10.2012"},"content":{"rendered":"<p style=\"text-align: justify;\"><a href=\"http:\/\/www.bbyhaber.com\/bby\/category\/bby-is-ilanlari\/\"><img loading=\"lazy\" decoding=\"async\" class=\"alignleft\" src=\"http:\/\/www.bbyhaber.com\/bby\/wp-content\/uploads\/is-ilanlari-arsivi.jpg\" alt=\"\" width=\"250\" height=\"150\" \/><\/a>\u0130\u00e7i\u015fleri Bakanl\u0131\u011f\u0131 N\u00fcfus ve Vatanda\u015fl\u0131k \u0130\u015fleri Genel M\u00fcd\u00fcrl\u00fc\u011f\u00fcnde bo\u015f bulunan 1 adet M\u00fctercim-Terc\u00fcman ve <span style=\"color: #ff0000;\"><strong>9 adet Ar\u015fiv Uzman\u0131<\/strong><\/span> pozisyonlar\u0131nda istihdam edilmek \u00fczere, 06.06.1978 tarihli ve 7\/15754 say\u0131l\u0131 Bakanlar Kurulu Karar\u0131 ile y\u00fcr\u00fcrl\u00fc\u011fe konulan &#8220;S\u00f6zle\u015fmeli Personel \u00c7al\u0131\u015ft\u0131r\u0131lmas\u0131na \u0130li\u015fkin Esaslar&#8221;\u0131n &#8220;S\u0131nav \u015eart\u0131&#8221; ba\u015fl\u0131kl\u0131 Ek 2 nci maddesinin (c) bendinde belirtilen usul ve esaslara g\u00f6re, 657 say\u0131l\u0131 Devlet Memurlar\u0131 Kanununun 4\/B maddesi gere\u011fince s\u00f6zle\u015fmeli personel al\u0131m\u0131 yap\u0131lacakt\u0131r.<!--more--><\/p>\n<p style=\"text-align: justify;\"><strong><span style=\"color: #0000ff;\">AR\u015e\u0130V UZMANI<\/span> POZ\u0130SYONU \u0130\u00c7\u0130N ARANILACAK N\u0130TEL\u0130KLER:<\/strong><\/p>\n<p style=\"text-align: justify;\">a) Fak\u00fcltelerin en az 4 y\u0131ll\u0131k lisans e\u011fitimi veren; T\u00fcrk Dili ve Edebiyat\u0131, Arap Dili ve Edebiyat\u0131, Tarih, Eski Yaz\u0131, \u0130lahiyat, <span style=\"color: #0000ff;\"><strong>Bilgi ve Belge Y\u00f6netimi, Ar\u015fivcilik, K\u00fct\u00fcphanecilik,<\/strong><\/span> Tarih \u00f6\u011fretmenli\u011fi, T\u00fcrk\u00e7e \u00d6\u011fretmenli\u011fi Lisans Programlar\u0131 veya bunlara denkli\u011fi Y\u00fcksek\u00f6\u011fretim Kurulu taraf\u0131ndan kabul edilen yurtd\u0131\u015f\u0131ndaki en az 4 (d\u00f6rt) y\u0131l s\u00fcreli Fak\u00fcltelerin birinden mezun olmak.<\/p>\n<p style=\"text-align: justify;\">b) <strong>07-08 Temmuz 2012 Kamu Personel Se\u00e7me S\u0131nav\u0131 KPSS P3 (B) grubu puan t\u00fcr\u00fcnden en az 70<\/strong> puan alm\u0131\u015f olmak.<\/p>\n<p style=\"text-align: justify;\">c) Arap\u00e7a ve Osmanl\u0131ca yaz\u0131lm\u0131\u015f ar\u015fiv kay\u0131tlar\u0131n\u0131 okuyabilmek. Bu kay\u0131tlar\u0131n incelenmesi ve de\u011ferlendirilmesi konusunda tecr\u00fcbeli olmak.<\/p>\n<p style=\"text-align: justify;\"><strong>BA\u015eVURU:<\/strong><\/p>\n<p style=\"text-align: justify;\">a) <span style=\"color: #0000ff;\"><strong>24.09.2012-09.10.2012<\/strong><\/span> tarihleri aras\u0131nda, son g\u00fcn\u00fc mesai saati bitimine kadar, <a href=\"http:\/\/www.icisleri.gov.tr\/\" target=\"_blank\">www.icisleri.gov.tr<\/a> ve <a href=\"http:\/\/www.nvi.gov.tr\/NVI.html\" target=\"_blank\">www.nvi.gov.tr<\/a> adreslerinden Ba\u015fvuru Formunu eksiksiz ve do\u011fru bir \u015fekilde doldurmak suretiyle elektronik ortamda yapacaklard\u0131r. Adaylar internet \u00fczerinden ba\u015fvurduklar\u0131 unvana g\u00f6re formu doldurduktan sonra formun \u00e7\u0131kt\u0131s\u0131n\u0131 al\u0131p imzalayacak ve bu formu s\u00f6zl\u00fc s\u0131nav sonunda atanmaya hak kazanmalar\u0131 halinde istenen belgeler kapsam\u0131nda kuruma sunacaklard\u0131r.<\/p>\n<p style=\"text-align: justify;\">b) Adaylar internet \u00fczerinden ba\u015fvurular\u0131n\u0131 yapt\u0131ktan sonra herhangi bir bilgiyi yanl\u0131\u015f girdiklerini fark ederlerse ba\u015fvurular\u0131n son g\u00fcn\u00fc mesai saati sonuna kadar ilk ald\u0131klar\u0131 \u015fifre ile ya da yeniden \u015fifre alarak kendilerine ait form \u00fczerinde d\u00fczeltme yapabilirler.<\/p>\n<p style=\"text-align: justify;\">c) Birden fazla pozisyona ba\u015fvuru yap\u0131ld\u0131\u011f\u0131 takdirde ba\u015fvurular\u0131n her ikisi de ge\u00e7ersiz say\u0131lacakt\u0131r.<\/p>\n<p style=\"text-align: justify;\">\u00e7) Elektronik ortamda ba\u015fvuru yap\u0131lmadan \u015fahsen veya sadece posta yoluyla yap\u0131lan ba\u015fvurular kabul edilmeyecektir.<\/p>\n<p style=\"text-align: justify;\"><span style=\"color: #0000ff;\"><a href=\"http:\/\/ilan.memurlar.net\/ilan\/20336\/\" target=\"_blank\"><span style=\"color: #0000ff;\">Detayl\u0131 bilgi ve belge i\u00e7in t\u0131klay\u0131n\u0131z.<\/span><\/a><\/span><\/p>\n","protected":false},"excerpt":{"rendered":"<p>\u0130\u00e7i\u015fleri Bakanl\u0131\u011f\u0131 N\u00fcfus ve Vatanda\u015fl\u0131k \u0130\u015fleri Genel M\u00fcd\u00fcrl\u00fc\u011f\u00fcnde bo\u015f bulunan 1 adet M\u00fctercim-Terc\u00fcman ve 9 adet Ar\u015fiv Uzman\u0131 pozisyonlar\u0131nda istihdam edilmek \u00fczere, 06.06.1978 tarihli ve 7\/15754 say\u0131l\u0131 Bakanlar Kurulu Karar\u0131 ile y\u00fcr\u00fcrl\u00fc\u011fe konulan &#8220;S\u00f6zle\u015fmeli Personel \u00c7al\u0131\u015ft\u0131r\u0131lmas\u0131na \u0130li\u015fkin Esaslar&#8221;\u0131n &#8220;S\u0131nav \u015eart\u0131&#8221; ba\u015fl\u0131kl\u0131 Ek 2 nci maddesinin (c) bendinde belirtilen usul ve esaslara g\u00f6re, 657 say\u0131l\u0131 Devlet [&hellip;]<\/p>\n","protected":false},"author":1,"featured_media":0,"comment_status":"open","ping_status":"open","sticky":false,"template":"","format":"standard","meta":{"footnotes":""},"categories":[],"tags":[1393],"class_list":["post-6812","post","type-post","status-publish","format-standard","hentry","tag-bby-is-ilanlari-arsivi"],"_links":{"self":[{"href":"https:\/\/www.bbyhaber.com\/bby\/wp-json\/wp\/v2\/posts\/6812"}],"collection":[{"href":"https:\/\/www.bbyhaber.com\/bby\/wp-json\/wp\/v2\/posts"}],"about":[{"href":"https:\/\/www.bbyhaber.com\/bby\/wp-json\/wp\/v2\/types\/post"}],"author":[{"embeddable":true,"href":"https:\/\/www.bbyhaber.com\/bby\/wp-json\/wp\/v2\/users\/1"}],"replies":[{"embeddable":true,"href":"https:\/\/www.bbyhaber.com\/bby\/wp-json\/wp\/v2\/comments?post=6812"}],"version-history":[{"count":0,"href":"https:\/\/www.bbyhaber.com\/bby\/wp-json\/wp\/v2\/posts\/6812\/revisions"}],"wp:attachment":[{"href":"https:\/\/www.bbyhaber.com\/bby\/wp-json\/wp\/v2\/media?parent=6812"}],"wp:term":[{"taxonomy":"category","embeddable":true,"href":"https:\/\/www.bbyhaber.com\/bby\/wp-json\/wp\/v2\/categories?post=6812"},{"taxonomy":"post_tag","embeddable":true,"href":"https:\/\/www.bbyhaber.com\/bby\/wp-json\/wp\/v2\/tags?post=6812"}],"curies":[{"name":"wp","href":"https:\/\/api.w.org\/{rel}","templated":true}]}}