{"id":6802,"date":"2012-09-17T10:27:39","date_gmt":"2012-09-17T07:27:39","guid":{"rendered":"http:\/\/www.bbyhaber.com\/bby\/?p=6802"},"modified":"2012-09-17T10:27:54","modified_gmt":"2012-09-17T07:27:54","slug":"dikkat-sosyal-aglarda-makale-e-kitap-paylasimina-artik-son","status":"publish","type":"post","link":"https:\/\/www.bbyhaber.com\/bby\/2012\/09\/17\/dikkat-sosyal-aglarda-makale-e-kitap-paylasimina-artik-son","title":{"rendered":"Dikkat! Sosyal a\u011flarda makale, e-kitap payla\u015f\u0131m\u0131na art\u0131k son"},"content":{"rendered":"<p style=\"text-align: justify;\">K\u00fclt\u00fcr ve Turizm Bakanl\u0131\u011f\u0131 taraf\u0131ndan yenilenen \u201cFikir ve Sanat Eserleri Kanun Tasar\u0131s\u0131\u201d y\u00fcr\u00fcrl\u00fc\u011fe girdi\u011finde, facebook, twitter gibi sosyal payla\u015f\u0131m sitelerinden m\u00fczik, film, <strong>e-kitap<\/strong> ve <strong>makale<\/strong> payla\u015fman\u0131n cezas\u0131 artacak. K\u00fclt\u00fcr ve Turizm Bakan\u0131 Ertu\u011frul G\u00fcnay, 5846 say\u0131l\u0131 Fikir ve Sanat Eserleri Kanun Tasar\u0131s\u0131\u2019nda de\u011fi\u015fiklik yap\u0131lmas\u0131n\u0131 \u00f6ng\u00f6ren tasla\u011f\u0131n 20 Eyl\u00fcl\u2019de AB temsilcilerinin g\u00f6r\u00fc\u015f\u00fcne sunulaca\u011f\u0131n\u0131 sunulaca\u011f\u0131n\u0131 ve ekimde TBMM g\u00fcndemine getirilmesinin hedeflendi\u011fini kaydetti. G\u00fcnay, \u201c\u0130zinsiz m\u00fczik, film, <strong>e-kitap<\/strong> indirmenin ve payla\u015fman\u0131n tabii ki kar\u015f\u0131l\u0131\u011f\u0131 olacak\u201d dedi. <!--more--><\/p>\n<p style=\"text-align: justify;\">En az bin lira ceza kesilecek<\/p>\n<p style=\"text-align: justify;\">K\u00fclt\u00fcr Bakanl\u0131\u011f\u0131 Telif Haklar\u0131 Genel M\u00fcd\u00fcr\u00fc Do\u00e7. Dr. Abdurrahman \u00c7elik yeni d\u00fczenlemenin Fransa ve ABD\u2019de iyi sonu\u00e7lar verdi\u011fini s\u00f6yledi. D\u00fczenlemenin Adalet Bakanl\u0131\u011f\u0131, Telif Haklar\u0131 Genel M\u00fcd\u00fcrl\u00fc\u011f\u00fc. Telekom\u00fcnikasyon \u0130leti\u015fim Ba\u015fkanl\u0131\u011f\u0131, meslek birlikleri taraf\u0131ndan olu\u015fturuldu\u011funu anlatan \u00c7elik, \u015funlar\u0131 s\u00f6yledi:<\/p>\n<p style=\"text-align: justify;\">\u201cEn son 2004\u2019te de\u011fi\u015fen kanunda \u00f6nemli de\u011fi\u015fikliklere gidirildi. Facebook, twitter gibi sosyal payla\u015f\u0131m a\u011flar\u0131yla film, <strong>e- kitap, makale<\/strong>, m\u00fczik payla\u015f\u0131m\u0131nda bulanan ya da bir ki\u015finin payla\u015f\u0131m\u0131n\u0131 al\u0131p tekrar payla\u015fan ki\u015filer ilk \u00f6nce uyar\u0131lacak. Ki\u015fi \u00fc\u00e7 kez uyar\u0131ld\u0131ktan sonra payla\u015f\u0131ma devam ediyorsa bin ile 50 bin TL aras\u0131nda ceza \u00f6deyecek. T\u00fcrkiye\u2019de en \u00e7ok 18-24 ya\u015flar\u0131ndaki ki\u015filer internetten film, m\u00fczik payla\u015f\u0131m\u0131nda bulunuyor. Veliler \u00e7ocuklar\u0131n\u0131n ne yapt\u0131klar\u0131n\u0131 bilmedikleri i\u00e7in uyar\u0131da bulunam\u0131yor. Bu nedenle amac\u0131m\u0131z insanlar\u0131 cezaland\u0131rmak de\u011fil bilin\u00e7lendirmek. Fransa\u2019da sistem uyguland\u0131\u011f\u0131nda uyar\u0131lanlar\u0131n y\u00fczde 95\u2019i bir daha eser payla\u015fmam\u0131\u015f.\u201d<\/p>\n<p style=\"text-align: justify;\">Korsana kar\u015f\u0131 robot yaz\u0131l\u0131m<\/p>\n<p style=\"text-align: justify;\">\u201cTasar\u0131 i\u00e7in yeni bir sistem de olu\u015fturuldu. Meslek birliklerinin olu\u015fturdu\u011fu veri tabanlar\u0131n\u0131n bulunaca\u011f\u0131 sistemde, her bir eser i\u00e7inde de \u00f6zel bir kod olacak. Robot yaz\u0131l\u0131m, bu kodlara sahip herhangi bir eserin ba\u015fka bir bilgisayara g\u00f6nderilmesi veya payla\u015f\u0131lmas\u0131n\u0131 an\u0131nda tespit edecek. Sistem internetten indirdi\u011finiz <strong>e-kitap<\/strong> ve filmi mail yolu ile payla\u015f\u0131m\u0131n\u0131z dahilinde devreye girecek ve payla\u015fan ki\u015fi ceza \u00f6deyecek.\u201d<\/p>\n<p style=\"text-align: justify;\">Kaynak: http:\/\/haber.gazetevatan.com\/<\/p>\n","protected":false},"excerpt":{"rendered":"<p>K\u00fclt\u00fcr ve Turizm Bakanl\u0131\u011f\u0131 taraf\u0131ndan yenilenen \u201cFikir ve Sanat Eserleri Kanun Tasar\u0131s\u0131\u201d y\u00fcr\u00fcrl\u00fc\u011fe girdi\u011finde, facebook, twitter gibi sosyal payla\u015f\u0131m sitelerinden m\u00fczik, film, e-kitap ve makale payla\u015fman\u0131n cezas\u0131 artacak. K\u00fclt\u00fcr ve Turizm Bakan\u0131 Ertu\u011frul G\u00fcnay, 5846 say\u0131l\u0131 Fikir ve Sanat Eserleri Kanun Tasar\u0131s\u0131\u2019nda de\u011fi\u015fiklik yap\u0131lmas\u0131n\u0131 \u00f6ng\u00f6ren tasla\u011f\u0131n 20 Eyl\u00fcl\u2019de AB temsilcilerinin g\u00f6r\u00fc\u015f\u00fcne sunulaca\u011f\u0131n\u0131 sunulaca\u011f\u0131n\u0131 ve ekimde [&hellip;]<\/p>\n","protected":false},"author":1,"featured_media":0,"comment_status":"open","ping_status":"open","sticky":false,"template":"","format":"standard","meta":{"footnotes":""},"categories":[1480,1481,1],"tags":[],"class_list":["post-6802","post","type-post","status-publish","format-standard","hentry","category-e-book","category-e-kitap","category-genel"],"_links":{"self":[{"href":"https:\/\/www.bbyhaber.com\/bby\/wp-json\/wp\/v2\/posts\/6802"}],"collection":[{"href":"https:\/\/www.bbyhaber.com\/bby\/wp-json\/wp\/v2\/posts"}],"about":[{"href":"https:\/\/www.bbyhaber.com\/bby\/wp-json\/wp\/v2\/types\/post"}],"author":[{"embeddable":true,"href":"https:\/\/www.bbyhaber.com\/bby\/wp-json\/wp\/v2\/users\/1"}],"replies":[{"embeddable":true,"href":"https:\/\/www.bbyhaber.com\/bby\/wp-json\/wp\/v2\/comments?post=6802"}],"version-history":[{"count":0,"href":"https:\/\/www.bbyhaber.com\/bby\/wp-json\/wp\/v2\/posts\/6802\/revisions"}],"wp:attachment":[{"href":"https:\/\/www.bbyhaber.com\/bby\/wp-json\/wp\/v2\/media?parent=6802"}],"wp:term":[{"taxonomy":"category","embeddable":true,"href":"https:\/\/www.bbyhaber.com\/bby\/wp-json\/wp\/v2\/categories?post=6802"},{"taxonomy":"post_tag","embeddable":true,"href":"https:\/\/www.bbyhaber.com\/bby\/wp-json\/wp\/v2\/tags?post=6802"}],"curies":[{"name":"wp","href":"https:\/\/api.w.org\/{rel}","templated":true}]}}