{"id":679,"date":"2011-11-01T15:08:29","date_gmt":"2011-11-01T12:08:29","guid":{"rendered":"http:\/\/www.bbyhaber.com\/bby\/?p=679"},"modified":"2013-01-14T13:23:11","modified_gmt":"2013-01-14T11:23:11","slug":"kulturel-mirasimiz-israil%e2%80%99in-elinde-esir","status":"publish","type":"post","link":"https:\/\/www.bbyhaber.com\/bby\/2011\/11\/01\/kulturel-mirasimiz-israil%e2%80%99in-elinde-esir","title":{"rendered":"K\u00fclt\u00fcrel miras\u0131m\u0131z \u0130srail\u2019in elinde esir"},"content":{"rendered":"<p align=\"justify\">\u0130srail Ulusal K\u00fct\u00fcphanesi\u2019nde \u0130slam Tarihi\u2019ne ili\u015fkin 100 bin kitap ve 2 bin el yazmas\u0131 eser bulunuyor. Ayr\u0131ca, aralar\u0131nda Sultan 1. Selim\u2019in m\u00fchr\u00fc bulunan 600 y\u0131l \u00f6nce yaz\u0131lm\u0131\u015f \u015fahs\u0131 mushaf\u0131 da var. \u0130srailliler eserlerin \u2018sat\u0131n al\u0131nd\u0131\u011f\u0131n\u0131\u2019 savunuyor. Mescid-i Aksa El Yazmalar\u0131 Dairesi Ba\u015fkan\u0131 Bukeyrat ise eserlerin, ABD i\u015fgaliyle birlikte Irak Merkez M\u00fczesi\u2019nden \u00e7al\u0131nd\u0131\u011f\u0131n\u0131 iddia etti. <!--more-->Eserlerin ya\u011fmalanm\u0131\u015f olabilece\u011fini kaydeden Prof. Dr. Ahmet Akg\u00fcnd\u00fcz, ge\u00e7mi\u015fte \u0130sraillilerin Musul\u2019daki bir k\u00fct\u00fcphaneyi de ya\u011fmalamak istedi\u011fini aktard\u0131. Prof. Dr. Semih Yal\u00e7\u0131n ise eserler hangi \u00fclkeye aits, o devletin k\u00fct\u00fcphanesinde yer almas\u0131 gerekti\u011fini s\u00f6yledi.<\/p>\n<p align=\"justify\">Filistin\u2019i i\u015fgal edip bu \u00fclkeyi ya\u011fmalayan \u0130srail, g\u00f6zlerini \u015fimdi de \u0130slam tarihinin nadide yazma eserlerine dikti. K\u00fct\u00fcphanede, \u0130slam Tarihi\u2019ne ili\u015fkin 100 bin kitap ve 2 bin el yazmas\u0131 eser bulunuyor. Ayr\u0131ca aralar\u0131nda, Sultan I. Selim\u2019in, \u00fczerinde m\u00fchr\u00fc bulunan 600 y\u0131l \u00f6nce yaz\u0131lm\u0131\u015f \u015fahsi mushaf\u0131 da var. \u0130srailliler bu eserleri sat\u0131n ald\u0131klar\u0131n\u0131 iddia ederken, Filistinliler bu eserlerin baz\u0131lar\u0131n\u0131n ABD i\u015fgali sonras\u0131 Ba\u011fdat\u2019tan ya\u011fmalanarak \u0130srail\u2019e getirildi\u011fini s\u00f6yl\u00fcyor. Bir eser hangi \u00fclkede yaz\u0131ld\u0131ysa eserin o \u00fclkenin k\u00fct\u00fcphanesinde olmas\u0131 gerekti\u011fini dile getiren tarih\u00e7iler ve hukuk\u00e7ular, eserleri \u0130srail\u2019in elinde olan \u00fclkelerin diplomatik yoldan harekete ge\u00e7mesi gerekti\u011fini kaydetti.<\/p>\n<p align=\"justify\">Sultan Selim\u2019in yazmas\u0131 \u0130srail\u2019de<\/p>\n<p align=\"justify\">\u0130srail ulusal K\u00fct\u00fcphanesi\u2019nde, saf alt\u0131nla bezenmi\u015f ve \u0130slami nak\u0131\u015flarla s\u00fcsl\u00fc, tarihi 1200 y\u0131l \u00f6ncesine dayanan K\u00fbf\u00ee hatt\u0131yla yaz\u0131lm\u0131\u015f bir Kuran-\u0131 Kerim mushaf\u0131 bulunuyor. Ayr\u0131ca aralar\u0131nda, Sultan I. Selim\u2019in, \u00fczerinde m\u00fchr\u00fc bulunan 600 y\u0131l \u00f6nce yaz\u0131lm\u0131\u015f \u015fahsi mushaf\u0131 \u0130srail k\u00fct\u00fcphanesinde. Uzmanlara g\u00f6re, 1982 y\u0131l\u0131nda kurulan ve 5 milyondan fazla kitab\u0131n bulundu\u011fu \u0130srail Milli K\u00fct\u00fcphanesi\u2019nde, \u0130slam ve \u0130slam Tarihi\u2019ne ili\u015fkin 100 bin kitap ve 2 bin el yazmas\u0131 eser bulunuyor. \u0130srailliler, Yahudi \u0130slam Tarihi ara\u015ft\u0131rmac\u0131s\u0131 Abraham \u015ealomYahuda\u2019n\u0131n Osmanl\u0131 \u0130mparatorlu\u011fu\u2019nun \u00e7\u00f6k\u00fc\u015f\u00fcnden sonra olu\u015fturdu\u011funu iddia ediyor. Mescid-i Aksa El Yazmalar\u0131 Dairesi Ba\u015fkan\u0131 Nacih Bukeyrat ise, bu eserlerin 2003 y\u0131l\u0131nda ABD\u2019nin i\u015fgalinin ard\u0131ndan, Ba\u011fdat\u2019taki Irak Merkez M\u00fczesi\u2019nden \u00e7al\u0131nd\u0131\u011f\u0131n\u0131 savundu.<\/p>\n<p align=\"justify\">\u0130srail\u2019in Filistin topraklar\u0131n\u0131 i\u015fgal etmekle yetinmedi\u011fini k\u00fclt\u00fcrel miras\u0131m\u0131z\u0131 da ya\u011fmalad\u0131\u011f\u0131n\u0131 dile getiren Osmanl\u0131 Ara\u015ft\u0131rmalar\u0131 Vakf\u0131 Kurucusu ve M\u00fctevelli Heyeti Ba\u015fkan\u0131 Prof. Dr. Ahmet Akg\u00fcnd\u00fcz, \u201c\u0130srail Irak\u2019tan \u00e7alm\u0131\u015f olabilir. Bir ara\u015ft\u0131rma i\u00e7in Musul ar\u015fivine ba\u015fvurdum. bir ger\u00e7ekle kar\u015f\u0131la\u015ft\u0131m. Irak sava\u015f\u0131nda \u0130srailliler, Musul ar\u015fivini ya\u011fmalamak istemi\u015f. Ancak b\u00f6lgedeki ki\u015filer engel olmu\u015flar. Ard\u0131ndan da ar\u015fivi Ba\u011fdat\u2019a ta\u015f\u0131m\u0131\u015flar. \u0130sraillilerin, bizim sadece petrol\u00fcm\u00fcze de\u011fil miras\u0131m\u0131za da g\u00f6z dikti\u011fini g\u00f6r\u00fcyoruz burada\u201d dedi. Ge\u00e7mi\u015fte T\u00fcrkiye\u2019nin ar\u015fiv ve K\u00fct\u00fcphane konusunda titiz olmad\u0131\u011f\u0131n\u0131 hat\u0131rlatan Akg\u00fcnd\u00fcz, Osmanl\u0131\u2019ya ait eserlerin ar\u015fivlerden al\u0131narak, \u0130srail\u2019e sat\u0131lm\u0131\u015f da olabilece\u011fini s\u00f6yledi.<\/p>\n<p align=\"justify\">Eserler miras\u00e7\u0131lara aittir<\/p>\n<p align=\"justify\">Tarihi eserlerin men\u015feinde ve \u00e7\u0131k\u0131\u015f yerinde olmas\u0131 gerekti\u011fini vurgulayan Gazi \u00dcniversitesi Tarih B\u00f6l\u00fcm\u00fc Ba\u015fkan\u0131 Prof. Dr. Semih Yal\u00e7\u0131n, \u201cTarihi \u00f6nemi haiz eserlerin miras\u00e7\u0131s\u0131nda olmas\u0131 gerekir. Bu eserlerin sahibi de ge\u00e7mi\u015fte Osmanl\u0131 devleti ise bu g\u00fcn de devam\u0131 niteli\u011finde olan T\u00fcrkiye Cumhuriyetidir\u201d dedi. Eserler T\u00fcrkiye ya da Irak\u2019tan \u00e7al\u0131nm\u0131\u015fsa gerekli giri\u015fimlerin ba\u015flat\u0131lmas\u0131 gerekti\u011fini kaydeden Yal\u00e7\u0131n, \u201cSon y\u0131llarda bununla ilgili k\u00fclt\u00fcr bakanl\u0131\u011f\u0131n\u0131n \u00e7al\u0131\u015fmalar\u0131 iyi g\u00f6r\u00fcn\u00fcyor. Nitekim son zamanlarda ba\u015fbakan\u0131n \u00f6zel u\u00e7a\u011f\u0131yla \u201cYorgun Herakles\u201d heykeli T\u00fcrkiye\u2019ye getirilmi\u015fti. Tarihi eserlerin bu t\u00fcrden bir ya\u011fma anlay\u0131\u015f\u0131n\u0131n \u00f6n\u00fcne ge\u00e7ilmesi i\u00e7in bu gibi politikalar\u0131n devam ettirilmesi gerekir\u201d ifadelerini kulland\u0131.<\/p>\n<p align=\"justify\">Diplomatik giri\u015fim ba\u015flat\u0131lmal\u0131<\/p>\n<p align=\"justify\">Eserin ait oldu\u011fu \u00fclkelerin giri\u015fimde bulunmas\u0131 halinde geri alabileceklerini s\u00f6yleyen Yeditepe \u00dcniversitesi Devletler Hukuku \u00d6\u011fretim \u00dcyesi Prof. Dr. Ya\u015far G\u00fcrb\u00fcz, \u201cDiplomatik yoldan giri\u015fim yap\u0131lmal\u0131\u201d dedi. G\u00fcrb\u00fcz, \u201cE\u011fer bu eserler gayri hukuki yolla Ba\u011fdat taki m\u00fczeden al\u0131nd\u0131ysa \u0131rak h\u00fck\u00fcmetinin devreye girmesi gerekir\u201d diye konu\u015ftu.<strong><\/strong><\/p>\n<p align=\"justify\">M\u00fccahid Aydemir \/ Milat Gazetesi<\/p>\n<p align=\"justify\">Kaynak: haber10.com<\/p>\n","protected":false},"excerpt":{"rendered":"<p>\u0130srail Ulusal K\u00fct\u00fcphanesi\u2019nde \u0130slam Tarihi\u2019ne ili\u015fkin 100 bin kitap ve 2 bin el yazmas\u0131 eser bulunuyor. Ayr\u0131ca, aralar\u0131nda Sultan 1. Selim\u2019in m\u00fchr\u00fc bulunan 600 y\u0131l \u00f6nce yaz\u0131lm\u0131\u015f \u015fahs\u0131 mushaf\u0131 da var. \u0130srailliler eserlerin \u2018sat\u0131n al\u0131nd\u0131\u011f\u0131n\u0131\u2019 savunuyor. Mescid-i Aksa El Yazmalar\u0131 Dairesi Ba\u015fkan\u0131 Bukeyrat ise eserlerin, ABD i\u015fgaliyle birlikte Irak Merkez M\u00fczesi\u2019nden \u00e7al\u0131nd\u0131\u011f\u0131n\u0131 iddia etti.<\/p>\n","protected":false},"author":1,"featured_media":0,"comment_status":"open","ping_status":"open","sticky":false,"template":"","format":"standard","meta":{"footnotes":""},"categories":[1500,1509],"tags":[1096,438,61,1441],"class_list":["post-679","post","type-post","status-publish","format-standard","hentry","category-nadir-eserler","category-yazma-eserler","tag-arsivcilik","tag-el-yazmalari","tag-kulturel-miras","tag-yazma-eser-kutuphaneleri"],"_links":{"self":[{"href":"https:\/\/www.bbyhaber.com\/bby\/wp-json\/wp\/v2\/posts\/679"}],"collection":[{"href":"https:\/\/www.bbyhaber.com\/bby\/wp-json\/wp\/v2\/posts"}],"about":[{"href":"https:\/\/www.bbyhaber.com\/bby\/wp-json\/wp\/v2\/types\/post"}],"author":[{"embeddable":true,"href":"https:\/\/www.bbyhaber.com\/bby\/wp-json\/wp\/v2\/users\/1"}],"replies":[{"embeddable":true,"href":"https:\/\/www.bbyhaber.com\/bby\/wp-json\/wp\/v2\/comments?post=679"}],"version-history":[{"count":0,"href":"https:\/\/www.bbyhaber.com\/bby\/wp-json\/wp\/v2\/posts\/679\/revisions"}],"wp:attachment":[{"href":"https:\/\/www.bbyhaber.com\/bby\/wp-json\/wp\/v2\/media?parent=679"}],"wp:term":[{"taxonomy":"category","embeddable":true,"href":"https:\/\/www.bbyhaber.com\/bby\/wp-json\/wp\/v2\/categories?post=679"},{"taxonomy":"post_tag","embeddable":true,"href":"https:\/\/www.bbyhaber.com\/bby\/wp-json\/wp\/v2\/tags?post=679"}],"curies":[{"name":"wp","href":"https:\/\/api.w.org\/{rel}","templated":true}]}}