{"id":6774,"date":"2012-09-13T13:06:21","date_gmt":"2012-09-13T10:06:21","guid":{"rendered":"http:\/\/www.bbyhaber.com\/bby\/?p=6774"},"modified":"2012-10-06T11:53:28","modified_gmt":"2012-10-06T08:53:28","slug":"bilgi-okuryazarligi-konferansi-iii-5-ekim-2012-istanbul-sehir-universitesi","status":"publish","type":"post","link":"https:\/\/www.bbyhaber.com\/bby\/2012\/09\/13\/bilgi-okuryazarligi-konferansi-iii-5-ekim-2012-istanbul-sehir-universitesi","title":{"rendered":"Bilgi Okuryazarl\u0131\u011f\u0131 Konferans\u0131 III, 5 Ekim 2012 \u0130stanbul \u015eehir \u00dcniversitesi"},"content":{"rendered":"<p style=\"text-align: justify;\">&#8220;Bilgi Okuryazarl\u0131\u011f\u0131 II Projesi&#8221; Yarat\u0131c\u0131 K\u00fct\u00fcphane Giri\u015fimleri Tan\u0131t\u0131m Grubu ve \u0130stanbul \u0130l Milli E\u011fitim M\u00fcd\u00fcrl\u00fc\u011f\u00fc i\u015fbirli\u011fiyle y\u00fcr\u00fct\u00fclen, \u00f6\u011fretmenlerin ve e\u011fitim y\u00f6neticilerinin bilgi okuryazarl\u0131\u011f\u0131 fark\u0131ndal\u0131klar\u0131n\u0131n artt\u0131r\u0131lmas\u0131n\u0131 ve temel bilgi okuryazarl\u0131\u011f\u0131 yetkinliklerinin geli\u015ftirilmesini ama\u00e7layan bir sosyal sorumluluk projesidir.<!--more--><\/p>\n<p style=\"text-align: justify;\">Proje faaliyetlerinden biri olarak d\u00fczenlenen <strong>\u201cBilgi Okuryazarl\u0131\u011f\u0131 Konferans\u0131 III : &#8220;Ele\u015ftirel D\u00fc\u015f\u00fcnme, Ya\u015fam Boyu \u00d6\u011frenme, Bilgi ve Medya Okuryazarl\u0131\u011f\u0131&#8221;<\/strong> ad\u0131yla 5 Ekim 2012 tarihinde \u0130stanbul \u015eehir \u00dcniversitesi ev sahipli\u011finde ger\u00e7ekle\u015ftirilecektir.<\/p>\n<p style=\"text-align: justify;\">Konferans\u0131n davetli konu\u015fmac\u0131s\u0131 Medya Okuryazarl\u0131\u011f\u0131 konusundaki fikir \u00f6nderlerinden biri olan Prof.\u00a0 Renee Hobbs. \u0130leti\u015fim Bilimleri Profes\u00f6r\u00fc olan Renee Hobbs, University of Rhode Island b\u00fcnyesinde bulunan ve\u00a0 i\u00e7erisinde Gazetecilik, Film\/Medya, \u0130leti\u015fim Ara\u015ft\u0131rmalar\u0131, Halkla \u0130li\u015fkiler, Yaz\u0131 ve Hitabet, K\u00fct\u00fcphane ve Enformasyon Y\u00fcksek Lisans programlar\u0131n\u0131 bar\u0131nd\u0131ran Harrington School of Communication and Media\u2019n\u0131n kurucu direkt\u00f6r\u00fcd\u00fcr.<\/p>\n<p style=\"text-align: justify;\">Sabah oturumunda kamu, sivil toplum ve \u00fcniversite temsilcilerinin kat\u0131l\u0131m\u0131 ile a\u011f\u0131rl\u0131kl\u0131 olarak medya ve bilgi okuryazarl\u0131\u011f\u0131 konular\u0131nda payla\u015f\u0131mlarda bulunulacak olan konferans\u0131n Prof. Renee Hobbs taraf\u0131ndan y\u00f6netilecek \u00f6\u011fleden sonra oturumunda ise bir dizi \u00e7al\u0131\u015ftay ger\u00e7ekle\u015ftirilecektir. \u0130zleyicilerin aktif kat\u0131l\u0131m\u0131n\u0131n beklendi\u011fi \u00e7al\u0131\u015ftaylarda: Medya ve Bilgi Okuryazarl\u0131\u011f\u0131 e\u011fitiminde k\u00fcresel geli\u015fmeler, e\u011fitimin d\u00f6n\u00fc\u015ft\u00fcr\u00fclmesi: bilginin dijitalle\u015fmesinden sonra ihtiya\u00e7 duydu\u011fumuz temel yetkinlikler ve beceriler ve t\u00fcm \u00f6\u011frenenlerin ihtiya\u00e7lar\u0131n\u0131n kar\u015f\u0131lanmas\u0131 ele al\u0131nacak ve tart\u0131\u015f\u0131lacakt\u0131r.<\/p>\n<p style=\"text-align: justify;\">Toplant\u0131n\u0131n sonunda e\u011fitimcilerin, akademisyenlerin ve k\u00fct\u00fcphanecilerin kat\u0131l\u0131m\u0131yla bu konunun \u00f6nemi ve yap\u0131lmas\u0131 gerekenlerle ilgili bir deklarasyon haz\u0131rlanarak ilgili taraflar\u0131n dikkatine sunulmas\u0131 planlanmaktad\u0131r.<\/p>\n<p style=\"text-align: justify;\">Bilgi okuryazarl\u0131\u011f\u0131, medya okuryazarl\u0131\u011f\u0131, k\u00fct\u00fcphane, \u00f6\u011fretmen ve \u00f6\u011frenci e\u011fitimi ba\u011flam\u0131nda \u00fclkemiz ad\u0131na uygulanabilir somut \u00f6nerilerin geli\u015ftirilmesi ama\u00e7lanan konferansa siz meslekta\u015flar\u0131m\u0131z\u0131n kat\u0131l\u0131m ve katk\u0131s\u0131n\u0131n da b\u00fcy\u00fck bir \u00f6nem ta\u015f\u0131d\u0131\u011f\u0131na inan\u0131yoruz.<\/p>\n<p style=\"text-align: justify;\"><span style=\"color: #0000ff;\"><strong>Konferans hakk\u0131nda ayr\u0131nt\u0131l\u0131 bilgiye<\/strong><\/span> <a href=\"http:\/\/bilgiokuryazarligi.ilipg.org\/\" target=\"_blank\">http:\/\/bilgiokuryazarligi.ilipg.org\/<\/a> adresinden ula\u015fabilirsiniz.<\/p>\n<p style=\"text-align: justify;\">Konferansa kat\u0131l\u0131m kontenjanla s\u0131n\u0131rl\u0131d\u0131r. \u00d6\u011frenci ba\u015fvurular\u0131 ise ayr\u0131ca de\u011ferlendirilecektir.<\/p>\n<p style=\"text-align: justify;\"><strong><span style=\"color: #0000ff;\"><a href=\"http:\/\/bilgiokuryazarligi.ilipg.org\/content\/konferans-kayit-formu\" target=\"_blank\"><span style=\"color: #0000ff;\">Kay\u0131t i\u00e7in t\u0131klay\u0131n\u0131z.<\/span><\/a><\/span><\/strong><\/p>\n<p style=\"text-align: justify;\"><strong><span style=\"color: #0000ff;\"><a href=\"http:\/\/bilgiokuryazarligi.ilipg.org\/sites\/bilgiokuryazarligi.ilipg.org\/files\/il_conference-2012-program.pdf\" target=\"_blank\">Konferans program detay\u0131 i\u00e7in <span style=\"color: #0000ff;\">t\u0131klay\u0131n\u0131z.<\/span><\/a><\/span><\/strong><\/p>\n<p style=\"text-align: justify;\">Kaynak:<\/p>\n<p style=\"text-align: justify;\">Yarat\u0131c\u0131 K\u00fct\u00fcphane Giri\u015fimleri Tan\u0131m Grubu ad\u0131na<br \/>\nMehmet MANYAS<br \/>\nTKD \u0130stanbul \u015eubesi Ba\u015fkan\u0131<\/p>\n","protected":false},"excerpt":{"rendered":"<p>&#8220;Bilgi Okuryazarl\u0131\u011f\u0131 II Projesi&#8221; Yarat\u0131c\u0131 K\u00fct\u00fcphane Giri\u015fimleri Tan\u0131t\u0131m Grubu ve \u0130stanbul \u0130l Milli E\u011fitim M\u00fcd\u00fcrl\u00fc\u011f\u00fc i\u015fbirli\u011fiyle y\u00fcr\u00fct\u00fclen, \u00f6\u011fretmenlerin ve e\u011fitim y\u00f6neticilerinin bilgi okuryazarl\u0131\u011f\u0131 fark\u0131ndal\u0131klar\u0131n\u0131n artt\u0131r\u0131lmas\u0131n\u0131 ve temel bilgi okuryazarl\u0131\u011f\u0131 yetkinliklerinin geli\u015ftirilmesini ama\u00e7layan bir sosyal sorumluluk projesidir.<\/p>\n","protected":false},"author":1,"featured_media":0,"comment_status":"open","ping_status":"open","sticky":false,"template":"","format":"standard","meta":{"footnotes":""},"categories":[],"tags":[1395],"class_list":["post-6774","post","type-post","status-publish","format-standard","hentry","tag-bby-mesleki-etkinlikler-arsivi"],"_links":{"self":[{"href":"https:\/\/www.bbyhaber.com\/bby\/wp-json\/wp\/v2\/posts\/6774"}],"collection":[{"href":"https:\/\/www.bbyhaber.com\/bby\/wp-json\/wp\/v2\/posts"}],"about":[{"href":"https:\/\/www.bbyhaber.com\/bby\/wp-json\/wp\/v2\/types\/post"}],"author":[{"embeddable":true,"href":"https:\/\/www.bbyhaber.com\/bby\/wp-json\/wp\/v2\/users\/1"}],"replies":[{"embeddable":true,"href":"https:\/\/www.bbyhaber.com\/bby\/wp-json\/wp\/v2\/comments?post=6774"}],"version-history":[{"count":0,"href":"https:\/\/www.bbyhaber.com\/bby\/wp-json\/wp\/v2\/posts\/6774\/revisions"}],"wp:attachment":[{"href":"https:\/\/www.bbyhaber.com\/bby\/wp-json\/wp\/v2\/media?parent=6774"}],"wp:term":[{"taxonomy":"category","embeddable":true,"href":"https:\/\/www.bbyhaber.com\/bby\/wp-json\/wp\/v2\/categories?post=6774"},{"taxonomy":"post_tag","embeddable":true,"href":"https:\/\/www.bbyhaber.com\/bby\/wp-json\/wp\/v2\/tags?post=6774"}],"curies":[{"name":"wp","href":"https:\/\/api.w.org\/{rel}","templated":true}]}}