{"id":6763,"date":"2012-09-12T09:50:25","date_gmt":"2012-09-12T06:50:25","guid":{"rendered":"http:\/\/www.bbyhaber.com\/bby\/?p=6763"},"modified":"2012-09-12T09:50:32","modified_gmt":"2012-09-12T06:50:32","slug":"orman-ve-su-isleri-bakanligi-elektronik-belge-yonetim-sistemine-geciyor","status":"publish","type":"post","link":"https:\/\/www.bbyhaber.com\/bby\/2012\/09\/12\/orman-ve-su-isleri-bakanligi-elektronik-belge-yonetim-sistemine-geciyor","title":{"rendered":"Orman ve Su \u0130\u015fleri Bakanl\u0131\u011f\u0131 Elektronik Belge Y\u00f6netim Sistemine Ge\u00e7iyor"},"content":{"rendered":"<p style=\"text-align: justify;\">Orman ve Su \u0130\u015fleri Bakanl\u0131\u011f\u0131 taraf\u0131ndan \u00e7al\u0131\u015fmalar\u0131 y\u00fcr\u00fct\u00fclen ve 17 Eyl\u00fcl tarihi itibariyle t\u00fcm bakanl\u0131k ta\u015fra birimlerinde kullan\u0131lmaya ba\u015flan\u0131lmas\u0131 beklenilen Elektronik Belge Y\u00f6netim Sistemi ile t\u00fcm kurum i\u00e7i yaz\u0131\u015fmalar elektronik ortamda yap\u0131lmaya ba\u015flanacak. <!--more--><\/p>\n<p style=\"text-align: justify;\">Sistem sayesinde ka\u011f\u0131t sarfiyat\u0131n\u0131n azalarak, i\u015flemlerin h\u0131zlanaca\u011f\u0131n\u0131 ve posta masraflar\u0131ndan tasarruf edilmi\u015f olaca\u011f\u0131na i\u015faret eden Orman ve Su \u0130\u015fleri Bakanl\u0131\u011f\u0131 Sakarya \u015eube M\u00fcd\u00fcr\u00fc Osman Demirel, EBYS sistemine ge\u00e7i\u015f \u00e7al\u0131\u015fmalar\u0131 kapsam\u0131nda \u015fube m\u00fcd\u00fcrl\u00fcklerinde personele e\u011fitim verilmeye ba\u015fland\u0131\u011f\u0131n\u0131 belirterek, 17 Eyl\u00fcl tarihinden \u00f6nce t\u00fcm e\u011fitim \u00e7al\u0131\u015fmalar\u0131n\u0131n tamamlanmas\u0131n\u0131 planlad\u0131klar\u0131n\u0131 kaydetti.<\/p>\n<p style=\"text-align: justify;\">Kaynak: http:\/\/www.iha.com.tr\/<\/p>\n","protected":false},"excerpt":{"rendered":"<p>Orman ve Su \u0130\u015fleri Bakanl\u0131\u011f\u0131 taraf\u0131ndan \u00e7al\u0131\u015fmalar\u0131 y\u00fcr\u00fct\u00fclen ve 17 Eyl\u00fcl tarihi itibariyle t\u00fcm bakanl\u0131k ta\u015fra birimlerinde kullan\u0131lmaya ba\u015flan\u0131lmas\u0131 beklenilen Elektronik Belge Y\u00f6netim Sistemi ile t\u00fcm kurum i\u00e7i yaz\u0131\u015fmalar elektronik ortamda yap\u0131lmaya ba\u015flanacak.<\/p>\n","protected":false},"author":1,"featured_media":0,"comment_status":"open","ping_status":"open","sticky":false,"template":"","format":"standard","meta":{"footnotes":""},"categories":[1482,1483,1],"tags":[1412],"class_list":["post-6763","post","type-post","status-publish","format-standard","hentry","category-ebys","category-elektronik-belge-yonetim-sistemi","category-genel","tag-belge-yonetimi"],"_links":{"self":[{"href":"https:\/\/www.bbyhaber.com\/bby\/wp-json\/wp\/v2\/posts\/6763"}],"collection":[{"href":"https:\/\/www.bbyhaber.com\/bby\/wp-json\/wp\/v2\/posts"}],"about":[{"href":"https:\/\/www.bbyhaber.com\/bby\/wp-json\/wp\/v2\/types\/post"}],"author":[{"embeddable":true,"href":"https:\/\/www.bbyhaber.com\/bby\/wp-json\/wp\/v2\/users\/1"}],"replies":[{"embeddable":true,"href":"https:\/\/www.bbyhaber.com\/bby\/wp-json\/wp\/v2\/comments?post=6763"}],"version-history":[{"count":0,"href":"https:\/\/www.bbyhaber.com\/bby\/wp-json\/wp\/v2\/posts\/6763\/revisions"}],"wp:attachment":[{"href":"https:\/\/www.bbyhaber.com\/bby\/wp-json\/wp\/v2\/media?parent=6763"}],"wp:term":[{"taxonomy":"category","embeddable":true,"href":"https:\/\/www.bbyhaber.com\/bby\/wp-json\/wp\/v2\/categories?post=6763"},{"taxonomy":"post_tag","embeddable":true,"href":"https:\/\/www.bbyhaber.com\/bby\/wp-json\/wp\/v2\/tags?post=6763"}],"curies":[{"name":"wp","href":"https:\/\/api.w.org\/{rel}","templated":true}]}}