{"id":6761,"date":"2012-09-12T09:47:48","date_gmt":"2012-09-12T06:47:48","guid":{"rendered":"http:\/\/www.bbyhaber.com\/bby\/?p=6761"},"modified":"2012-09-12T09:51:00","modified_gmt":"2012-09-12T06:51:00","slug":"gorme-engellilere-kutuphane-hizmeti","status":"publish","type":"post","link":"https:\/\/www.bbyhaber.com\/bby\/2012\/09\/12\/gorme-engellilere-kutuphane-hizmeti","title":{"rendered":"G\u00f6rme engellilere k\u00fct\u00fcphane hizmeti"},"content":{"rendered":"<p style=\"text-align: justify;\">\u0130l Halk K\u00fct\u00fcphanesi, &#8220;Okumak g\u00f6rmektir&#8221; projesi kapsam\u0131nda g\u00f6rme engellilerin e\u011fitim ve bilgiye ula\u015fmalar\u0131 amac\u0131yla eri\u015fim programlar\u0131n\u0131 hizmete a\u00e7t\u0131. Bing\u00f6l K\u00fclt\u00fcr ve Turizm M\u00fcd\u00fcrl\u00fc\u011f\u00fc \u0130l Halk K\u00fct\u00fcphanesi taraf\u0131ndan B\u0130YED Projesi kapsam\u0131nda olu\u015fturulan birim sayesinde engelli vatanda\u015flar\u0131n da k\u00fct\u00fcphaneden yararlanmalar\u0131 m\u00fcmk\u00fcn olacak. <!--more--><\/p>\n<p style=\"text-align: justify;\">Program kapsam\u0131nda Bing\u00f6l \u0130l Halk K\u00fct\u00fcphanesi\u2019nde olu\u015fturulan birimde Zoomtext (Ekran B\u00fcy\u00fctme Program\u0131), Cleorview (Masa\u00fcst\u00fc B\u00fcy\u00fcte\u00e7 Sistemi), Eyepol (Kitap Okuma Makinas\u0131), Window-eyes (Ekran Okuma Program\u0131) sayesinde g\u00f6rme engelliler istedi\u011fi bilgiye ula\u015fabilecek. Az g\u00f6renlerin ve g\u00f6rme engellilerin bilgiye eri\u015fimleri ve bilgi ihtiya\u00e7lar\u0131n\u0131 kar\u015f\u0131lamalar\u0131 i\u00e7in BiYED kapsam\u0131ndaki programlar\u0131n okuyucular\u0131n hizmetine sunuldu\u011fu belirten K\u00fct\u00fcphane M\u00fcd\u00fcr Vekili M. \u0130nan \u0130\u015flek \u015funlar\u0131 s\u00f6yledi:<\/p>\n<p style=\"text-align: justify;\">\u201cToplumda ya\u015fayan ki\u015filer aras\u0131nda hi\u00e7bir ay\u0131r\u0131m g\u00f6zetmeden e\u011fitim, bilgi ve k\u00fclt\u00fcr\u00a0 gereksinimlerini kar\u015f\u0131l\u0131ks\u0131z yerine getirmeyi ve bo\u015f zamanlar\u0131n\u0131 de\u011ferlendirmeyi ama\u00e7layan halk k\u00fct\u00fcphaneleri, g\u00f6rme engelli vatanda\u015flar\u0131n\u0131n e\u011fitim ve bilgiye ula\u015fmalar\u0131 amac\u0131yla &#8220;okumak g\u00f6rmektir&#8221; projesi kapsam\u0131nda g\u00f6rme engellilerin faydalanacaklar\u0131 eri\u015fim programlar\u0131 hizmeti vermektedir. G\u00f6rme engeli vatanda\u015flar\u0131m\u0131z\u0131n bilgiye eri\u015fimlerini rahatl\u0131kla bu hizmetlerden yararlanmalar\u0131n\u0131 bekliyoruz.\u201d dedi. Ayr\u0131ca K\u00fclt\u00fcr ve Turizm Bakanl\u0131\u011f\u0131, K\u00fct\u00fcphaneler ve Yay\u0131mlar Genel M\u00fcd\u00fcrl\u00fc\u011f\u00fc taraf\u0131ndan abone olunan &#8220;Alt\u0131 noktan\u0131n sesi CD, Temel Engeliler Dergisi S\u00fcreli Yay\u0131nlar\u0131\u201dn\u0131n da d\u00fczenli olarak \u0130l Halk K\u00fct\u00fcphanesinde raflarda, yer ald\u0131\u011f\u0131 belirtildi.<\/p>\n<p style=\"text-align: justify;\">Kaynak: http:\/\/www.bingolgazetesi.com.tr<\/p>\n","protected":false},"excerpt":{"rendered":"<p>\u0130l Halk K\u00fct\u00fcphanesi, &#8220;Okumak g\u00f6rmektir&#8221; projesi kapsam\u0131nda g\u00f6rme engellilerin e\u011fitim ve bilgiye ula\u015fmalar\u0131 amac\u0131yla eri\u015fim programlar\u0131n\u0131 hizmete a\u00e7t\u0131. Bing\u00f6l K\u00fclt\u00fcr ve Turizm M\u00fcd\u00fcrl\u00fc\u011f\u00fc \u0130l Halk K\u00fct\u00fcphanesi taraf\u0131ndan B\u0130YED Projesi kapsam\u0131nda olu\u015fturulan birim sayesinde engelli vatanda\u015flar\u0131n da k\u00fct\u00fcphaneden yararlanmalar\u0131 m\u00fcmk\u00fcn olacak.<\/p>\n","protected":false},"author":1,"featured_media":0,"comment_status":"open","ping_status":"open","sticky":false,"template":"","format":"standard","meta":{"footnotes":""},"categories":[1485,1,1487],"tags":[204,848],"class_list":["post-6761","post","type-post","status-publish","format-standard","hentry","category-engelliler-icin-kutuphane","category-genel","category-gorme-engelli-kutuphane","tag-bilgiye-erisimde-engelli-degilsiniz-projesi","tag-halk-kutuphaneleri"],"_links":{"self":[{"href":"https:\/\/www.bbyhaber.com\/bby\/wp-json\/wp\/v2\/posts\/6761"}],"collection":[{"href":"https:\/\/www.bbyhaber.com\/bby\/wp-json\/wp\/v2\/posts"}],"about":[{"href":"https:\/\/www.bbyhaber.com\/bby\/wp-json\/wp\/v2\/types\/post"}],"author":[{"embeddable":true,"href":"https:\/\/www.bbyhaber.com\/bby\/wp-json\/wp\/v2\/users\/1"}],"replies":[{"embeddable":true,"href":"https:\/\/www.bbyhaber.com\/bby\/wp-json\/wp\/v2\/comments?post=6761"}],"version-history":[{"count":0,"href":"https:\/\/www.bbyhaber.com\/bby\/wp-json\/wp\/v2\/posts\/6761\/revisions"}],"wp:attachment":[{"href":"https:\/\/www.bbyhaber.com\/bby\/wp-json\/wp\/v2\/media?parent=6761"}],"wp:term":[{"taxonomy":"category","embeddable":true,"href":"https:\/\/www.bbyhaber.com\/bby\/wp-json\/wp\/v2\/categories?post=6761"},{"taxonomy":"post_tag","embeddable":true,"href":"https:\/\/www.bbyhaber.com\/bby\/wp-json\/wp\/v2\/tags?post=6761"}],"curies":[{"name":"wp","href":"https:\/\/api.w.org\/{rel}","templated":true}]}}