{"id":6745,"date":"2012-09-09T23:03:30","date_gmt":"2012-09-09T20:03:30","guid":{"rendered":"http:\/\/www.bbyhaber.com\/bby\/?p=6745"},"modified":"2013-03-14T09:14:13","modified_gmt":"2013-03-14T07:14:13","slug":"5-kutuphane-ve-enformasyon-kongresi","status":"publish","type":"post","link":"https:\/\/www.bbyhaber.com\/bby\/2012\/09\/09\/5-kutuphane-ve-enformasyon-kongresi","title":{"rendered":"5. Almanya K\u00fct\u00fcphane &#038; Enformasyon Kongresi-11-14 Mart 2013,Leipzig\/Almanya"},"content":{"rendered":"<p style=\"text-align: justify;\">K\u00fct\u00fcphane ve Enformasyon Almanya Derne\u011fi BID (Bibliothek &amp; Information Deutschland), 2000 y\u0131l\u0131ndan bu yana her \u00fc\u00e7 y\u0131lda bir k\u00fct\u00fcphane ve enformasyon alan\u0131nda kongreler d\u00fczenlemektedir. Alman k\u00fct\u00fcphanecili\u011fi ve enformasyon y\u00f6netimi alan\u0131nda geni\u015f \u00e7apl\u0131 meslek i\u00e7i e\u011fitimler ve \u00e7al\u0131\u015ftaylardan olu\u015fan kongrelerin be\u015fincisi, <strong><span style=\"color: #0000ff;\">11-14 Mart 2013<\/span><\/strong> tarihleri aras\u0131nda <strong><span style=\"color: #0000ff;\">Almanya\u2019n\u0131n Leipzig<\/span><\/strong> \u015fehrinde d\u00fczenlenecektir. 5. K\u00fct\u00fcphane ve Enformasyon Almanya\u2013Leipzig 2013 Kongresi\u2019ne T\u00fcrkiye, konuk \u00fclke olarak kat\u0131lacak ve konuk \u00fclke etkinlikleri, K\u00fct\u00fcphaneler ve Yay\u0131mlar Genel M\u00fcd\u00fcrl\u00fc\u011f\u00fc taraf\u0131ndan koordine edilecektir.<!--more--><\/p>\n<p style=\"text-align: justify;\">\u201cBilgi D\u00fcnyalar\u0131n\u0131 Yeniden Tasarlamak\u201d temal\u0131 Kongre\u2019nin D\u00fczenleme Kurulu; k\u00fct\u00fcphanecileri, halk k\u00fct\u00fcphaneleri, akademik k\u00fct\u00fcphaneler ile bilgi merkezlerinde \u00e7al\u0131\u015fan uzmanlar\u0131, k\u00fct\u00fcphanecilik dernekleri ve firmalar\u0131n temsilcilerini ve yurtd\u0131\u015f\u0131ndan uzmanlar\u0131, k\u00fct\u00fcphanecilik ve enformasyon sekt\u00f6r\u00fcn\u00fcn g\u00fcncel sorunlar\u0131n\u0131 ve gelece\u011fine ili\u015fkin ba\u015fl\u0131ca noktalar\u0131 tart\u0131\u015fmak \u00fczere davet etmektedir. 2013 y\u0131l\u0131 Kongresi\u2019nde T\u00fcrkiye\u2019nin konuk \u00fclke olmas\u0131 dolay\u0131s\u0131yla, T\u00fcrk kat\u0131l\u0131mc\u0131lar\u0131n sunumlar\u0131yla Kongre\u2019ye katk\u0131da bulunmalar\u0131, \u00f6zellikle arzu edilmektedir.<\/p>\n<p style=\"text-align: justify;\">Kongrede, \u201cK\u00fct\u00fcphane ve enformasyon merkezlerinde bilgi d\u00fcnyalar\u0131 nas\u0131l tasarlanmal\u0131d\u0131r ki modern insanlar bu d\u00fcnyalara dalmaktan keyif als\u0131n?\u201d sorusundan hareketle, k\u00fct\u00fcphanecilik hizmetlerine y\u00f6nelik farkl\u0131 beklentilerin neler oldu\u011fu ve bunlar\u0131n nas\u0131l hayata ge\u00e7irilebilece\u011fi ile g\u00fcn\u00fcm\u00fczdeki k\u00fct\u00fcphanecilik uygulamalar\u0131nda siyasal, hukuksal ve etik \u00e7er\u00e7eve ko\u015fullar\u0131na de\u011finilecektir. Bu ba\u011flamda, kongrede sunulacak bildirilerin konular\u0131:<\/p>\n<p style=\"text-align: justify;\">1.\u00a0\u00a0\u00a0\u00a0\u00a0\u00a0Politika ve etik aras\u0131nda k\u00fct\u00fcphane<\/p>\n<p style=\"text-align: justify;\">2.\u00a0\u00a0\u00a0\u00a0\u00a0\u00a0Hedef kitlelerin beklentileri ve sunulan hizmetler<\/p>\n<p style=\"text-align: justify;\">3.\u00a0\u00a0\u00a0\u00a0\u00a0\u00a0Bilgiyi d\u00fczenlemek ve korumak<\/p>\n<p style=\"text-align: justify;\">4.\u00a0\u00a0\u00a0\u00a0\u00a0\u00a0Dijital bilginin katma de\u011feri<\/p>\n<p style=\"text-align: justify;\">5.\u00a0\u00a0\u00a0\u00a0\u00a0\u00a0Bilgi d\u00fcnyalar\u0131n\u0131n mek\u00e2nsal tasar\u0131m\u0131<\/p>\n<p style=\"text-align: justify;\">6.\u00a0\u00a0\u00a0\u00a0\u00a0\u00a0Yeni hizmetlerin gerektirdi\u011fi uzmanla\u015fma<\/p>\n<p style=\"text-align: justify;\">olarak belirlenmi\u015ftir.<\/p>\n<p style=\"text-align: justify;\">Sunumlar\u0131n, yukar\u0131da s\u00f6z\u00fc edilen konular\u0131 T\u00fcrk bak\u0131\u015f a\u00e7\u0131s\u0131ndan ele al\u0131r nitelikte, \u0130ngilizce veya Almanca dillerinden birinde yap\u0131lmas\u0131 ve s\u00fcresinin 20 dakikay\u0131 a\u015fmamas\u0131 beklenmektedir. Kongre \u00e7er\u00e7evesinde ger\u00e7ekle\u015ftirilecek tekil sunumlar (en fazla 2000 karakterden olu\u015fan \u00f6zeti ile birlikte), tart\u0131\u015fma etkinli\u011fi, poster sunumu, \u00e7al\u0131\u015ftay, \u00e7al\u0131\u015fma grubu oturumu (a\u00e7\u0131k ya da kapal\u0131), kurul toplant\u0131s\u0131, genel kurul toplant\u0131s\u0131, e\u011fitim gezisi ve di\u011fer etkinlikler i\u00e7in ba\u015fvurular,\u00a0<span><span><a href=\"https:\/\/www2.kit.de\/profileportal\/login\/bid13\/de \" target=\"_blank\"><span>https:\/\/www2.kit.de\/<span>profileportal\/login\/bid13\/de<\/span><\/span>\u00a0<\/a><\/span><\/span>internet adresindeki \u00e7evrimi\u00e7i ba\u015fvuru formu \u00fczerinden ger\u00e7ekle\u015ftirilecektir. <span style=\"color: #0000ff;\"><strong>Sunumlar i\u00e7in son ba\u015fvuru tarihi 15 Eyl\u00fcl 2012\u2019dir.<\/strong><\/span><\/p>\n<p style=\"text-align: justify;\">\u00a0Sunum ba\u015fvurular\u0131n\u0131n de\u011ferlendirilmesi, her bir konu ba\u015fl\u0131\u011f\u0131 i\u00e7in ba\u011f\u0131ms\u0131z bilirki\u015filer taraf\u0131ndan yap\u0131lacak ve belirlenen sunumlar do\u011frultusunda kongre program\u0131 olu\u015fturulacakt\u0131r. Program\u0131n belirlenmesinin ard\u0131ndan poster sunumlar\u0131n g\u00f6nderim \u00e7a\u011fr\u0131s\u0131nda bulunulacakt\u0131r. Tekil sunumlara kat\u0131lacak konu\u015fmac\u0131lara, Leipzig Kitap Fuar\u0131\u2019na giri\u015f i\u00e7in anahtar kart verilecek, ula\u015f\u0131m ve konaklama giderleri kar\u015f\u0131lanmayacakt\u0131r. Etkinlilik ba\u015fvurular\u0131 hakk\u0131nda daha ayr\u0131nt\u0131l\u0131 bilgi almak isteyenler, K.I.T. Group Firmas\u0131\u2019ndan Say\u0131n L\u00f6hr-Freund ile <span><a href=\"mailto:bidkongress2013abstracts@kit-group.org\"><span><span>bidkongress2013abstracts@kit-group.org<\/span><\/span><\/a><\/span>\u00a0<span>adresi \u00fczerinden ba\u011flant\u0131 kurabileceklerdir.<\/span><\/p>\n<p style=\"text-align: justify;\"><span>Kaynak: http:\/\/www.kygm.gov.tr<\/span><\/p>\n","protected":false},"excerpt":{"rendered":"<p>K\u00fct\u00fcphane ve Enformasyon Almanya Derne\u011fi BID (Bibliothek &amp; Information Deutschland), 2000 y\u0131l\u0131ndan bu yana her \u00fc\u00e7 y\u0131lda bir k\u00fct\u00fcphane ve enformasyon alan\u0131nda kongreler d\u00fczenlemektedir. Alman k\u00fct\u00fcphanecili\u011fi ve enformasyon y\u00f6netimi alan\u0131nda geni\u015f \u00e7apl\u0131 meslek i\u00e7i e\u011fitimler ve \u00e7al\u0131\u015ftaylardan olu\u015fan kongrelerin be\u015fincisi, 11-14 Mart 2013 tarihleri aras\u0131nda Almanya\u2019n\u0131n Leipzig \u015fehrinde d\u00fczenlenecektir. 5. K\u00fct\u00fcphane ve Enformasyon Almanya\u2013Leipzig 2013 [&hellip;]<\/p>\n","protected":false},"author":1,"featured_media":0,"comment_status":"open","ping_status":"open","sticky":false,"template":"","format":"standard","meta":{"footnotes":""},"categories":[],"tags":[1395],"class_list":["post-6745","post","type-post","status-publish","format-standard","hentry","tag-bby-mesleki-etkinlikler-arsivi"],"_links":{"self":[{"href":"https:\/\/www.bbyhaber.com\/bby\/wp-json\/wp\/v2\/posts\/6745"}],"collection":[{"href":"https:\/\/www.bbyhaber.com\/bby\/wp-json\/wp\/v2\/posts"}],"about":[{"href":"https:\/\/www.bbyhaber.com\/bby\/wp-json\/wp\/v2\/types\/post"}],"author":[{"embeddable":true,"href":"https:\/\/www.bbyhaber.com\/bby\/wp-json\/wp\/v2\/users\/1"}],"replies":[{"embeddable":true,"href":"https:\/\/www.bbyhaber.com\/bby\/wp-json\/wp\/v2\/comments?post=6745"}],"version-history":[{"count":0,"href":"https:\/\/www.bbyhaber.com\/bby\/wp-json\/wp\/v2\/posts\/6745\/revisions"}],"wp:attachment":[{"href":"https:\/\/www.bbyhaber.com\/bby\/wp-json\/wp\/v2\/media?parent=6745"}],"wp:term":[{"taxonomy":"category","embeddable":true,"href":"https:\/\/www.bbyhaber.com\/bby\/wp-json\/wp\/v2\/categories?post=6745"},{"taxonomy":"post_tag","embeddable":true,"href":"https:\/\/www.bbyhaber.com\/bby\/wp-json\/wp\/v2\/tags?post=6745"}],"curies":[{"name":"wp","href":"https:\/\/api.w.org\/{rel}","templated":true}]}}