{"id":6735,"date":"2012-09-08T19:28:52","date_gmt":"2012-09-08T16:28:52","guid":{"rendered":"http:\/\/www.bbyhaber.com\/bby\/?p=6735"},"modified":"2012-11-27T23:33:57","modified_gmt":"2012-11-27T21:33:57","slug":"deniz-kuvvetleri-komutanligi-2012-yili-2-donem-memur-alim-ilani-son-basvuru-tarihi-10-10-2012","status":"publish","type":"post","link":"https:\/\/www.bbyhaber.com\/bby\/2012\/09\/08\/deniz-kuvvetleri-komutanligi-2012-yili-2-donem-memur-alim-ilani-son-basvuru-tarihi-10-10-2012","title":{"rendered":"Deniz Kuvvetleri Komutanl\u0131\u011f\u0131 2012 Y\u0131l\u0131 2.D\u00f6nem Memur Al\u0131m \u0130lan\u0131-Son Ba\u015fvuru Tarihi-10.10.2012"},"content":{"rendered":"<p style=\"text-align: justify;\"><a href=\"http:\/\/www.bbyhaber.com\/bby\/category\/bby-is-ilanlari\/\"><img loading=\"lazy\" decoding=\"async\" class=\"alignleft\" src=\"http:\/\/www.bbyhaber.com\/bby\/wp-content\/uploads\/is-ilanlari-arsivi.jpg\" alt=\"\" width=\"250\" height=\"150\" \/><\/a>Deniz Kuvvetleri Komutanl\u0131\u011f\u0131 Kararg\u00e2h\u0131 ile Ba\u011fl\u0131 Birlik ve Kurumlar\u0131nda istihdam edilmek \u00fczere \u201cMilli Savunma Bakanl\u0131\u011f\u0131, Genelkurmay Ba\u015fkanl\u0131\u011f\u0131 ve Kuvvet Komutanl\u0131klar\u0131nda \u0130lk Defa Devlet Memurlu\u011funa Atanacaklar \u0130\u00e7in Yap\u0131lacak S\u0131navlar Hakk\u0131nda Y\u00f6netmelik\u201d h\u00fckm\u00fc do\u011frultusunda 657 Say\u0131l\u0131 Devlet Memurlar\u0131 Kanununa tabi olarak a\u015fa\u011f\u0131da bulunan s\u0131n\u0131flarda DEVLET MEMURU al\u0131m\u0131 yap\u0131lacakt\u0131r. BBY B\u00f6l\u00fcm\u00fcne ayr\u0131lan kadro say\u0131s\u0131 ve detaylar a\u015fa\u011f\u0131dad\u0131r:<!--more--><\/p>\n<table width=\"340\" border=\"1\" cellspacing=\"0\" cellpadding=\"0\">\n<tbody>\n<tr>\n<td rowspan=\"2\" width=\"34\">\n<p align=\"center\"><strong>S\u0131n\u0131f\u0131<\/strong><\/p>\n<\/td>\n<td rowspan=\"2\" width=\"82\">\n<p align=\"center\"><strong>Unvan\u0131-Adet<\/strong><\/p>\n<\/td>\n<td rowspan=\"2\" width=\"55\">\n<p align=\"center\"><strong>\u0130l<\/strong><\/p>\n<\/td>\n<td colspan=\"3\" valign=\"top\"><strong>657 say\u0131l\u0131 devlet memuru kanunun 48\u2019inci maddesinde belirtilen genel ve \u00f6zel \u015fartlar d\u0131\u015f\u0131nda adaylarda aran\u0131lacak nitelik\/\u015fartlar<\/strong><\/td>\n<td valign=\"top\" width=\"338\"><strong>\u00a0<\/strong><\/td>\n<\/tr>\n<tr>\n<td width=\"147\">\n<p align=\"center\"><strong>\u00d6\u011frenim Durumu<\/strong><\/p>\n<\/td>\n<td width=\"253\">\n<p align=\"center\"><strong>Ya\u015f Durumu<\/strong><\/p>\n<\/td>\n<td width=\"143\">\n<p align=\"center\"><strong>Cinsiyet<\/strong><\/p>\n<\/td>\n<td width=\"338\">\n<p align=\"center\"><strong>Merkezi S\u0131nav Notu<\/strong><\/p>\n<\/td>\n<\/tr>\n<tr>\n<td width=\"34\">\n<p align=\"center\">THS<\/p>\n<\/td>\n<td width=\"82\">\n<p align=\"center\">K\u00fct\u00fcphaneci-1<\/p>\n<\/td>\n<td width=\"55\">\n<p align=\"center\">\u0130stanbul<\/p>\n<\/td>\n<td width=\"147\">\n<p align=\"center\">Fak\u00fcltelerin K\u00fct\u00fcphanecilik\/ Dok\u00fcmantasyon ve Enformasyon \/ Bilgi ve Belge Y\u00f6netimi\/ Ar\u015fivcilik\/ K\u00fct\u00fcphanecilik ve Bilgi \u00c7al\u0131\u015fmalar\u0131 B\u00f6l\u00fcm\u00fc mezunu olmak.<\/p>\n<\/td>\n<td width=\"253\">\n<p align=\"center\">Ba\u015fvuru tarihi itibariyle 18 ya\u015f\u0131n\u0131 tamamlam\u0131\u015f, 36 ya\u015f\u0131ndan g\u00fcn almam\u0131\u015f olmak<\/p>\n<\/td>\n<td width=\"143\">\n<p align=\"center\">E\/B<\/p>\n<\/td>\n<td width=\"338\">\n<p align=\"center\">KPSSP3&#8217;den<\/p>\n<p>asgari 65 notu bulunmas\u0131.<\/td>\n<\/tr>\n<tr>\n<td colspan=\"7\">\n<p style=\"text-align: justify;\"><span style=\"color: #000000;\"><strong><strong>Ba\u015fvurular; <span style=\"color: #ff0000;\">17 Eyl\u00fcl 2012<\/span> Pazartesi g\u00fcn\u00fc saat <span style=\"color: #ff0000;\">10:00\u2019da<\/span> ba\u015flay\u0131p, <span style=\"color: #ff0000;\">10 Ekim 2012<\/span> \u00c7ar\u015famba g\u00fcn\u00fc saat <span style=\"color: #ff0000;\">14:00\u2019da<\/span> sona erecektir.\u00a0 <a href=\"http:\/\/www.dzkk.tsk.tr\/\" target=\"_blank\"><span style=\"color: #000000;\">http:\/\/www.dzkk.tsk.tr\/<\/span><\/a> internet adresi \u2018\u2019Personel\/\u00d6\u011frenci Al\u0131mlar\u0131\u2019\u2019 linki alt\u0131ndaki\u00a0 \u201c2012 y\u0131l\u0131 A\u00e7\u0131ktan Devlet Memuru Al\u0131m\u0131\u201d\u00a0 sayfas\u0131na girilerek yap\u0131lacakt\u0131r.<\/strong><\/strong><\/span><\/p>\n<p><span style=\"color: #0000ff;\"><strong>\u00a0<a href=\"http:\/\/www.dzkk.tsk.tr\/turkce\/PERSONEL.php?strAnaFrame=personel&amp;strIFrame=PersonelALIMLARI\" target=\"_blank\"><span style=\"color: #0000ff;\">Detayl\u0131 bilgi ve belge i\u00e7in t\u0131klay\u0131n\u0131z<\/span><\/a><\/strong><\/span><\/td>\n<\/tr>\n<\/tbody>\n<\/table>\n","protected":false},"excerpt":{"rendered":"<p>Deniz Kuvvetleri Komutanl\u0131\u011f\u0131 Kararg\u00e2h\u0131 ile Ba\u011fl\u0131 Birlik ve Kurumlar\u0131nda istihdam edilmek \u00fczere \u201cMilli Savunma Bakanl\u0131\u011f\u0131, Genelkurmay Ba\u015fkanl\u0131\u011f\u0131 ve Kuvvet Komutanl\u0131klar\u0131nda \u0130lk Defa Devlet Memurlu\u011funa Atanacaklar \u0130\u00e7in Yap\u0131lacak S\u0131navlar Hakk\u0131nda Y\u00f6netmelik\u201d h\u00fckm\u00fc do\u011frultusunda 657 Say\u0131l\u0131 Devlet Memurlar\u0131 Kanununa tabi olarak a\u015fa\u011f\u0131da bulunan s\u0131n\u0131flarda DEVLET MEMURU al\u0131m\u0131 yap\u0131lacakt\u0131r. BBY B\u00f6l\u00fcm\u00fcne ayr\u0131lan kadro say\u0131s\u0131 ve detaylar a\u015fa\u011f\u0131dad\u0131r:<\/p>\n","protected":false},"author":1,"featured_media":0,"comment_status":"open","ping_status":"open","sticky":false,"template":"","format":"standard","meta":{"footnotes":""},"categories":[],"tags":[1393,382],"class_list":["post-6735","post","type-post","status-publish","format-standard","hentry","tag-bby-is-ilanlari-arsivi","tag-tsk-is-ilanlari"],"_links":{"self":[{"href":"https:\/\/www.bbyhaber.com\/bby\/wp-json\/wp\/v2\/posts\/6735"}],"collection":[{"href":"https:\/\/www.bbyhaber.com\/bby\/wp-json\/wp\/v2\/posts"}],"about":[{"href":"https:\/\/www.bbyhaber.com\/bby\/wp-json\/wp\/v2\/types\/post"}],"author":[{"embeddable":true,"href":"https:\/\/www.bbyhaber.com\/bby\/wp-json\/wp\/v2\/users\/1"}],"replies":[{"embeddable":true,"href":"https:\/\/www.bbyhaber.com\/bby\/wp-json\/wp\/v2\/comments?post=6735"}],"version-history":[{"count":0,"href":"https:\/\/www.bbyhaber.com\/bby\/wp-json\/wp\/v2\/posts\/6735\/revisions"}],"wp:attachment":[{"href":"https:\/\/www.bbyhaber.com\/bby\/wp-json\/wp\/v2\/media?parent=6735"}],"wp:term":[{"taxonomy":"category","embeddable":true,"href":"https:\/\/www.bbyhaber.com\/bby\/wp-json\/wp\/v2\/categories?post=6735"},{"taxonomy":"post_tag","embeddable":true,"href":"https:\/\/www.bbyhaber.com\/bby\/wp-json\/wp\/v2\/tags?post=6735"}],"curies":[{"name":"wp","href":"https:\/\/api.w.org\/{rel}","templated":true}]}}