{"id":6398,"date":"2012-09-07T09:51:28","date_gmt":"2012-09-07T06:51:28","guid":{"rendered":"http:\/\/www.bbyhaber.com\/bby\/?p=6398"},"modified":"2012-11-27T23:34:38","modified_gmt":"2012-11-27T21:34:38","slug":"cankiri-karatekin-universitesi-ogretim-uyesi-alim-ilani-son-basvuru-tarihi-21-09-2012","status":"publish","type":"post","link":"https:\/\/www.bbyhaber.com\/bby\/2012\/09\/07\/cankiri-karatekin-universitesi-ogretim-uyesi-alim-ilani-son-basvuru-tarihi-21-09-2012","title":{"rendered":"\u00c7ank\u0131r\u0131 Karatekin \u00dcniversitesi \u00d6\u011fretim \u00dcyesi al\u0131m ilan\u0131-Son Ba\u015fvuru Tarihi-21.09.2012"},"content":{"rendered":"<p style=\"text-align: justify;\"><a href=\"http:\/\/www.bbyhaber.com\/bby\/category\/bby-is-ilanlari\/\"><img loading=\"lazy\" decoding=\"async\" class=\"alignleft\" src=\"http:\/\/www.bbyhaber.com\/bby\/wp-content\/uploads\/is-ilanlari-arsivi.jpg\" alt=\"\" width=\"250\" height=\"150\" \/><\/a>\u00c7ank\u0131r\u0131 Karatekin \u00dcniversitesi \u00d6\u011fretim \u00dcyesi al\u0131m ilan\u0131-\u00d6\u011fretim \u00dcyesi kadrosuna ba\u015fvuracak adaylar\u0131n \u201c\u00c7ank\u0131r\u0131 Karatekin \u00dcniversitesi \u00d6\u011fretim \u00dcyeli\u011fi Kadrolar\u0131na Ba\u015fvurma, Y\u00fckseltilme ve Atanmayla \u0130lgili De\u011ferlendirme Y\u00f6nergesi\u201d nde \u00f6ng\u00f6r\u00fclen \u015fartlar\u0131 sa\u011flam\u0131\u015f olmalar\u0131 gerekir.<!--more--><\/p>\n<table width=\"468\" border=\"1\">\n<tbody>\n<tr>\n<td width=\"139\"><strong>B\u00f6l\u00fcm-<\/strong><br \/>\n<strong>Anabilim Dal<\/strong><\/td>\n<td width=\"59\"><strong>Unvan-Adet<\/strong><\/td>\n<td width=\"441\"><strong>A\u00e7\u0131klama<\/strong><\/td>\n<\/tr>\n<tr>\n<td>BBY-<br \/>\nBilgi Y\u00f6netimi ve Teknolojisi<\/td>\n<td><strong>Yrd.Do\u00e7.<\/strong><strong>-1<\/strong><\/td>\n<td>Bilgi ve Belge Y\u00f6netimi (BBY) anabilim dal\u0131nda doktora yapm\u0131\u015f olmak ve a\u00e7\u0131keri\u015fim,elektronik kaynaklar ve derleme alan\u0131nda \u00e7al\u0131\u015f\u0131yor olmak.<\/td>\n<\/tr>\n<tr>\n<td>BBY-<br \/>\nK\u00fct\u00fcphanecilik<\/td>\n<td><strong>Yrd.Do\u00e7.<\/strong><strong>-1<\/strong><\/td>\n<td>K\u00fct\u00fcphanecilik alan\u0131nda doktora yapm\u0131\u015f olmak<\/td>\n<\/tr>\n<tr>\n<td>BBY-<br \/>\nAr\u015fivcilik<\/td>\n<td><strong>Yrd.Do\u00e7.<\/strong><strong>-1<\/strong><\/td>\n<td><\/td>\n<\/tr>\n<tr>\n<td colspan=\"3\"><span style=\"color: #0000ff;\"><strong>\u0130lan Yay\u0131m Tarihi\u00a0:<\/strong><\/span> <strong>07\/09\/2012<\/strong><br \/>\n<strong><span style=\"color: #0000ff;\">Son M\u00fcracaat Tarihi ve Saati\u00a0:<\/span><\/strong> <strong>21\/09\/2012\u00a0Saat : 17:00<\/strong><\/td>\n<\/tr>\n<\/tbody>\n<\/table>\n<p>&nbsp;<\/p>\n<ul>\n<li><span style=\"color: #ff0000;\"><strong><a href=\"http:\/\/karatekin.edu.tr\/DuyuruDetay.aspx?ID=700\" target=\"_blank\"><span style=\"color: #ff0000;\">Detayl\u0131 bilgi ve belge i\u00e7in t\u0131klay\u0131n\u0131z<\/span><\/a><\/strong><\/span><\/li>\n<\/ul>\n","protected":false},"excerpt":{"rendered":"<p>\u00c7ank\u0131r\u0131 Karatekin \u00dcniversitesi \u00d6\u011fretim \u00dcyesi al\u0131m ilan\u0131-\u00d6\u011fretim \u00dcyesi kadrosuna ba\u015fvuracak adaylar\u0131n \u201c\u00c7ank\u0131r\u0131 Karatekin \u00dcniversitesi \u00d6\u011fretim \u00dcyeli\u011fi Kadrolar\u0131na Ba\u015fvurma, Y\u00fckseltilme ve Atanmayla \u0130lgili De\u011ferlendirme Y\u00f6nergesi\u201d nde \u00f6ng\u00f6r\u00fclen \u015fartlar\u0131 sa\u011flam\u0131\u015f olmalar\u0131 gerekir.<\/p>\n","protected":false},"author":1,"featured_media":0,"comment_status":"open","ping_status":"open","sticky":false,"template":"","format":"standard","meta":{"footnotes":""},"categories":[1508],"tags":[1393],"class_list":["post-6398","post","type-post","status-publish","format-standard","hentry","category-universite-kutuphaneleri-is-ilanlari","tag-bby-is-ilanlari-arsivi"],"_links":{"self":[{"href":"https:\/\/www.bbyhaber.com\/bby\/wp-json\/wp\/v2\/posts\/6398"}],"collection":[{"href":"https:\/\/www.bbyhaber.com\/bby\/wp-json\/wp\/v2\/posts"}],"about":[{"href":"https:\/\/www.bbyhaber.com\/bby\/wp-json\/wp\/v2\/types\/post"}],"author":[{"embeddable":true,"href":"https:\/\/www.bbyhaber.com\/bby\/wp-json\/wp\/v2\/users\/1"}],"replies":[{"embeddable":true,"href":"https:\/\/www.bbyhaber.com\/bby\/wp-json\/wp\/v2\/comments?post=6398"}],"version-history":[{"count":0,"href":"https:\/\/www.bbyhaber.com\/bby\/wp-json\/wp\/v2\/posts\/6398\/revisions"}],"wp:attachment":[{"href":"https:\/\/www.bbyhaber.com\/bby\/wp-json\/wp\/v2\/media?parent=6398"}],"wp:term":[{"taxonomy":"category","embeddable":true,"href":"https:\/\/www.bbyhaber.com\/bby\/wp-json\/wp\/v2\/categories?post=6398"},{"taxonomy":"post_tag","embeddable":true,"href":"https:\/\/www.bbyhaber.com\/bby\/wp-json\/wp\/v2\/tags?post=6398"}],"curies":[{"name":"wp","href":"https:\/\/api.w.org\/{rel}","templated":true}]}}