{"id":6393,"date":"2012-09-06T23:44:03","date_gmt":"2012-09-06T20:44:03","guid":{"rendered":"http:\/\/www.bbyhaber.com\/bby\/?p=6393"},"modified":"2013-03-06T11:59:07","modified_gmt":"2013-03-06T09:59:07","slug":"tkd-baskanindan-teknik-kadroda-yasanan-son-gelismelere-dair-bir-aciklama","status":"publish","type":"post","link":"https:\/\/www.bbyhaber.com\/bby\/2012\/09\/06\/tkd-baskanindan-teknik-kadroda-yasanan-son-gelismelere-dair-bir-aciklama","title":{"rendered":"TKD Ba\u015fkan\u0131ndan Teknik Kadroda ya\u015fanan son geli\u015fmelere dair bir a\u00e7\u0131klama"},"content":{"rendered":"<p style=\"text-align: justify;\">Y\u00d6K\u2019\u00fcn Teknik Lisansiyer say\u0131lmad\u0131\u011f\u0131m\u0131za dair karar\u0131ndan sonra, beni de arayan baz\u0131 arkada\u015flar Teknik Kadrodan \u00e7\u0131kart\u0131ld\u0131k m\u0131? Diye soruyorlar.<\/p>\n<p style=\"text-align: justify;\">Arkada\u015flar bizim Teknik Kadrodan \u00e7\u0131kart\u0131lmam\u0131z diye bir \u015fey s\u00f6z konusu de\u011fil. E\u011fer biz teknik lisansiyer say\u0131lsayd\u0131k C BEND\u0130 i\u00e7in hak kazanacakt\u0131k. \u00a0Yoksa \u015fu anda bizim kazan\u0131mlar\u0131m\u0131zdan geriye d\u00f6n\u00fc\u015f diye bir \u015fey yok.<!--more--><\/p>\n<p style=\"text-align: justify;\">Sayg\u0131lar\u0131mla<\/p>\n<p style=\"text-align: justify;\">Ali Fuat Kartal<\/p>\n<p style=\"text-align: justify;\">TKD Genel Ba\u015fkan\u0131<\/p>\n<p style=\"text-align: justify;\">Kaynak: K\u00fct\u00fcp-L<\/p>\n","protected":false},"excerpt":{"rendered":"<p>Y\u00d6K\u2019\u00fcn Teknik Lisansiyer say\u0131lmad\u0131\u011f\u0131m\u0131za dair karar\u0131ndan sonra, beni de arayan baz\u0131 arkada\u015flar Teknik Kadrodan \u00e7\u0131kart\u0131ld\u0131k m\u0131? Diye soruyorlar. Arkada\u015flar bizim Teknik Kadrodan \u00e7\u0131kart\u0131lmam\u0131z diye bir \u015fey s\u00f6z konusu de\u011fil. E\u011fer biz teknik lisansiyer say\u0131lsayd\u0131k C BEND\u0130 i\u00e7in hak kazanacakt\u0131k. \u00a0Yoksa \u015fu anda bizim kazan\u0131mlar\u0131m\u0131zdan geriye d\u00f6n\u00fc\u015f diye bir \u015fey yok.<\/p>\n","protected":false},"author":1,"featured_media":0,"comment_status":"open","ping_status":"open","sticky":false,"template":"","format":"standard","meta":{"footnotes":""},"categories":[1474,1505],"tags":[1398,51,50],"class_list":["post-6393","post","type-post","status-publish","format-standard","hentry","category-ali-fuat-kartal","category-teknik-kadro","tag-bby-ozluk-haklari","tag-teknik-kadro-kutuphaneci","tag-ths-kutuphaneci"],"_links":{"self":[{"href":"https:\/\/www.bbyhaber.com\/bby\/wp-json\/wp\/v2\/posts\/6393"}],"collection":[{"href":"https:\/\/www.bbyhaber.com\/bby\/wp-json\/wp\/v2\/posts"}],"about":[{"href":"https:\/\/www.bbyhaber.com\/bby\/wp-json\/wp\/v2\/types\/post"}],"author":[{"embeddable":true,"href":"https:\/\/www.bbyhaber.com\/bby\/wp-json\/wp\/v2\/users\/1"}],"replies":[{"embeddable":true,"href":"https:\/\/www.bbyhaber.com\/bby\/wp-json\/wp\/v2\/comments?post=6393"}],"version-history":[{"count":0,"href":"https:\/\/www.bbyhaber.com\/bby\/wp-json\/wp\/v2\/posts\/6393\/revisions"}],"wp:attachment":[{"href":"https:\/\/www.bbyhaber.com\/bby\/wp-json\/wp\/v2\/media?parent=6393"}],"wp:term":[{"taxonomy":"category","embeddable":true,"href":"https:\/\/www.bbyhaber.com\/bby\/wp-json\/wp\/v2\/categories?post=6393"},{"taxonomy":"post_tag","embeddable":true,"href":"https:\/\/www.bbyhaber.com\/bby\/wp-json\/wp\/v2\/tags?post=6393"}],"curies":[{"name":"wp","href":"https:\/\/api.w.org\/{rel}","templated":true}]}}