{"id":6390,"date":"2012-09-06T20:45:47","date_gmt":"2012-09-06T17:45:47","guid":{"rendered":"http:\/\/www.bbyhaber.com\/bby\/?p=6390"},"modified":"2012-09-06T20:45:47","modified_gmt":"2012-09-06T17:45:47","slug":"izmir-ticaret-borsasi-belevi-beldesinde-kutuphane-acti","status":"publish","type":"post","link":"https:\/\/www.bbyhaber.com\/bby\/2012\/09\/06\/izmir-ticaret-borsasi-belevi-beldesinde-kutuphane-acti","title":{"rendered":"\u0130zmir Ticaret Borsas\u0131 Belevi Beldesinde k\u00fct\u00fcphane a\u00e7t\u0131"},"content":{"rendered":"<p style=\"text-align: justify;\">\u0130zmir Ticaret Borsas\u0131 (\u0130TB), kurulu\u015funun 120. y\u0131l\u0131 an\u0131s\u0131na Belevi beldesinde k\u00fct\u00fcphane a\u00e7t\u0131. K\u00fct\u00fcphanenin a\u00e7\u0131l\u0131\u015f t\u00f6renine Sel\u00e7uk Kaymakam\u0131 Ayhan Boyac\u0131, \u0130zmir B\u00fcy\u00fck\u015fehir Belediye Ba\u015fkan Vekili S\u0131rr\u0131 Aydo\u011fan, Belevi Belediye Ba\u015fkan\u0131 \u00d6zcan I\u015f\u0131k, \u0130zmir Ticaret Borsas\u0131 Y\u00f6netim Kurulu Ba\u015fkan\u0131 I\u015f\u0131nsu Kestelli, i\u015f adamlar\u0131, \u00f6\u011frenciler ve Belevi halk\u0131 kat\u0131ld\u0131.<!--more--><\/p>\n<p style=\"text-align: justify;\">Bir konu\u015fma yapan Belevi Belediye Ba\u015fkan\u0131 \u00d6zcan I\u015f\u0131k, kendisinin ba\u015fkanl\u0131\u011f\u0131 d\u00f6neminde b\u00f6yle son derece \u00f6nemli bir k\u00fct\u00fcphanenin Belevi beldesine kazand\u0131r\u0131lmas\u0131ndan dolay\u0131 \u00e7ok mutlu oldu\u011funu ifade etti. Belevili hay\u0131rsever vatanda\u015f \u015eakir Kayayur\u2019un bu binay\u0131 k\u00fct\u00fcphane yap\u0131lmas\u0131 gerek\u00e7esiyle Belevi Belediyesi&#8217;ne ba\u011f\u0131\u015flad\u0131\u011f\u0131n\u0131 belirten Ba\u015fkan I\u015f\u0131k, belediye olarak k\u00fct\u00fcphane binas\u0131n\u0131n restorasyonunu yapt\u0131klar\u0131n\u0131, daha sonra \u0130zmir Ticaret Borsas\u0131&#8217;n\u0131n b\u00fcy\u00fck katk\u0131lar\u0131yla k\u00fct\u00fcphanenin olu\u015fturuldu\u011funu ifade etti. I\u015f\u0131k, k\u00fct\u00fcphane binas\u0131n\u0131 Belevi Belediyesi&#8217;ne ba\u011f\u0131\u015flayan hay\u0131rsever vatanda\u015f \u015eakir Kayayurt ba\u015fta olmak \u00fczere, binan\u0131n olu\u015fturulmas\u0131nda b\u00fcy\u00fck emek harcayan belediye \u00e7al\u0131\u015fanlar\u0131na ve bu konuda t\u00fcm donan\u0131m\u0131 sa\u011flayan \u0130zmir Ticaret Borsas\u0131 Y\u00f6netim Kurulu&#8217;na te\u015fekk\u00fcr etti.<\/p>\n<p style=\"text-align: justify;\">\u0130zmir Ticaret Borsas\u0131 Y\u00f6netim Kurulu Ba\u015fkan\u0131 I\u015f\u0131nsu Kestelli ise, \u0130zmir Ticaret Borsas\u0131 olarak pamuk \u00fczerine \u00e7al\u0131\u015facak bir lisansl\u0131 depo yat\u0131r\u0131m\u0131 yapma karar\u0131 al\u0131nd\u0131\u011f\u0131nda Belevi beldesinde karar k\u0131ld\u0131klar\u0131n\u0131 belirterek, \u201cBelevi, tarih ve do\u011fan\u0131n ekonomiyle bulu\u015ftu\u011fu, co\u011frafi a\u00e7\u0131dan avantajl\u0131, \u00e7al\u0131\u015fkan ve e\u011fitimli insanlar\u0131n beldesi olarak g\u00f6nl\u00fcm\u00fcz\u00fc fethetti. Toplam 11 milyon lira harcad\u0131\u011f\u0131m\u0131z lisansl\u0131 depoculuk yat\u0131r\u0131m\u0131m\u0131z EL\u0130DA\u015e, \u00e7ok yak\u0131nda faaliyete ge\u00e7ecek. Bu yat\u0131r\u0131m\u0131n b\u00f6lgemize \u00f6nemli bir hareketlilik getirmesini bekliyoruz\u201d dedi.<\/p>\n<p style=\"text-align: justify;\">EL\u0130DA\u015e\u2019\u0131n Ba\u015fkan\u0131 bar\u0131\u015f Kocag\u00f6z\u2019\u00fcn Belevi\u2019ye bir k\u00fct\u00fcphane yapma fikrini kendileriyle payla\u015ft\u0131\u011f\u0131nda y\u00f6netim kurulu olarak \u00e7ok sevindiklerini belirten Kestelli, \u201cT\u00fcrkiye\u2019nin ilk borsas\u0131 olan \u0130zmir Ticaret Borsas\u0131\u2019n\u0131n 120. kurulu\u015f y\u0131l d\u00f6n\u00fcm\u00fcne yak\u0131\u015fan bir giri\u015fim ba\u015flatt\u0131k. Belevi k\u00fct\u00fcphanesi bir anda ger\u00e7ek bir imeceye d\u00f6n\u00fc\u015ft\u00fc. Hay\u0131rsever vatanda\u015f\u0131m\u0131z \u015eakir Kayayurt, kendisine ait binan\u0131n k\u00fct\u00fcphane yap\u0131lmas\u0131na onay verdi ve bununla birlikte kitap ba\u011f\u0131\u015f\u0131 kampanyas\u0131na giri\u015ftik. Bug\u00fcn en az bin 505 kitapla k\u00fct\u00fcphanemizi a\u00e7\u0131yoruz\u201d diye konu\u015ftu.<\/p>\n<p style=\"text-align: justify;\">Belevi beldesinin okulla\u015fma oran\u0131n\u0131 y\u00fczde y\u00fcze \u00e7\u0131kard\u0131\u011f\u0131n\u0131, yap\u0131lan s\u0131navlarda \u00e7ok ba\u015far\u0131l\u0131 sonu\u00e7lar elde eden bir belde oldu\u011funu vurgulayan \u0130zmir Ticaret Borsas\u0131 Y\u00f6netim Kurulu Ba\u015fkan\u0131 I\u015f\u0131nsu Kestelli, \u201c\u0130nan\u0131yorum ki, 120. Y\u0131l K\u00fct\u00fcphanesi ile beldemizde zaman daha da k\u0131ymetlenecek, Belevi\u2019nin \u0131\u015f\u0131\u011f\u0131 daha da artacakt\u0131r. Ben bu anlamda bu hay\u0131rl\u0131 i\u015fe vesile olan Belevi belediye Ba\u015fkan\u0131m\u0131za, \u00e7al\u0131\u015fma arkada\u015f\u0131m Bar\u0131\u015f Kocag\u00f6z\u2019e, hay\u0131rsever hem\u015fehrimiz \u015eakir Kayayurt\u2019a ve kitap ba\u011f\u0131\u015f\u0131nda bulunan herkese \u015f\u00fckranlar\u0131m\u0131 sunuyorum\u201d dedi.<\/p>\n<p style=\"text-align: justify;\">B\u00f6yle son derece \u00f6nemli ve anlaml\u0131 bir a\u00e7\u0131l\u0131\u015fta bulunmaktan dolay\u0131 duydu\u011fu memnuniyeti dile getiren \u0130zmir B\u00fcy\u00fck\u015fehir Belediye Ba\u015fkan Vekili S\u0131rr\u0131 Aydo\u011fan, \u00f6ncelikle bu k\u00fct\u00fcphanenin a\u00e7\u0131lmas\u0131na sebep olan Belevi Belediye Ba\u015fkan\u0131, hay\u0131rsever vatanda\u015f ve \u0130zmir Ticaret Borsas\u0131 Ba\u015fkan\u0131&#8217;na te\u015fekk\u00fcr etti. Bir binan\u0131n k\u00fct\u00fcphane olarak ba\u011f\u0131\u015flanmas\u0131n\u0131n, bilime, sevgiye, sayg\u0131ya ve pozitif bilgilere ilgi duyulmas\u0131 oldu\u011funu s\u00f6yleyen Aydo\u011fan, \u201cBen bu k\u00fct\u00fcphanenin a\u00e7\u0131lmas\u0131n\u0131 \u015f\u00f6yle de\u011ferlendiriyorum; bug\u00fcn Belevi\u2019de bir \u00fcniversite a\u00e7\u0131l\u0131yor. K\u00fc\u00e7\u00fck m\u00fctevaz\u0131 bir \u00fcniversite bu ama b\u00fcy\u00fcyecek. Ege \u00fcniversitesi ilk a\u00e7\u0131ld\u0131\u011f\u0131nda 3-4 hoca, iki bina vard\u0131. Ama \u015funu da biliyorum ki, ger\u00e7ek \u00fcniversiteler k\u00fct\u00fcphanelerdir\u201d diye konu\u015ftu.<\/p>\n<p style=\"text-align: justify;\">\u0130zmir Ticaret Borsas\u0131&#8217;n\u0131n 120. y\u0131l\u0131n\u0131 doldurmas\u0131n\u0131n ticaretteki \u00f6nemi ortaya koydu\u011funu ifade eden Sel\u00e7uk Kaymakam\u0131 Ayhan Boyac\u0131, bu anlamda \u00f6ncelikle bu k\u00fct\u00fcphanenin Belevi beldesine kazand\u0131r\u0131lmas\u0131na vesile olan herkese te\u015fekk\u00fcr etti. \u00d6\u011frencilere seslenen Kaymakam Boyac\u0131, \u201cBu k\u00fclfetin kar\u015f\u0131l\u0131\u011f\u0131 siz \u00f6\u011frenciler i\u00e7in. Mutlaka okuyun\u201d \u00e7a\u011fr\u0131s\u0131nda bulundu.<\/p>\n<p style=\"text-align: justify;\">Konu\u015fmalar\u0131n ard\u0131ndan k\u00fct\u00fcphane binas\u0131n\u0131 ba\u011f\u0131\u015flayan hay\u0131rsever vatanda\u015f \u015eakir Kayayurt i\u00e7in plaket verildi. Mazereti nedeniyle t\u00f6rene kat\u0131lamayan Kayayurt\u2019un plaketini Belevi Belediye Ba\u015fkan\u0131 \u00d6zcan I\u015f\u0131k ald\u0131.<\/p>\n<p style=\"text-align: justify;\">K\u00fct\u00fcphanenin a\u00e7\u0131l\u0131\u015f kurdelesini Sel\u00e7uk Kaymakam\u0131 Ayhan Boyac\u0131, \u0130zmir B\u00fcy\u00fck\u015fehir Belediye Ba\u015fkan Vekili S\u0131rr\u0131 Aydo\u011fan, Belevi Belediye Ba\u015fkan\u0131 \u00d6zcan I\u015f\u0131k, \u0130zmir Ticaret Borsas\u0131 Y\u00f6netim Kurulu Ba\u015fkan\u0131 I\u015f\u0131nsu Kestelli ve Belevili \u00f6\u011frenciler kesti. Daha sonra t\u00fcm kat\u0131l\u0131mc\u0131lara Ege y\u00f6resine ait ke\u015fkek, lokma ve ayran ikram\u0131 yap\u0131ld\u0131.<\/p>\n<p style=\"text-align: justify;\">Kaynak: http:\/\/www.haberciniz.biz<\/p>\n","protected":false},"excerpt":{"rendered":"<p>\u0130zmir Ticaret Borsas\u0131 (\u0130TB), kurulu\u015funun 120. y\u0131l\u0131 an\u0131s\u0131na Belevi beldesinde k\u00fct\u00fcphane a\u00e7t\u0131. K\u00fct\u00fcphanenin a\u00e7\u0131l\u0131\u015f t\u00f6renine Sel\u00e7uk Kaymakam\u0131 Ayhan Boyac\u0131, \u0130zmir B\u00fcy\u00fck\u015fehir Belediye Ba\u015fkan Vekili S\u0131rr\u0131 Aydo\u011fan, Belevi Belediye Ba\u015fkan\u0131 \u00d6zcan I\u015f\u0131k, \u0130zmir Ticaret Borsas\u0131 Y\u00f6netim Kurulu Ba\u015fkan\u0131 I\u015f\u0131nsu Kestelli, i\u015f adamlar\u0131, \u00f6\u011frenciler ve Belevi halk\u0131 kat\u0131ld\u0131.<\/p>\n","protected":false},"author":1,"featured_media":0,"comment_status":"open","ping_status":"open","sticky":false,"template":"","format":"standard","meta":{"footnotes":""},"categories":[1],"tags":[],"class_list":["post-6390","post","type-post","status-publish","format-standard","hentry","category-genel"],"_links":{"self":[{"href":"https:\/\/www.bbyhaber.com\/bby\/wp-json\/wp\/v2\/posts\/6390"}],"collection":[{"href":"https:\/\/www.bbyhaber.com\/bby\/wp-json\/wp\/v2\/posts"}],"about":[{"href":"https:\/\/www.bbyhaber.com\/bby\/wp-json\/wp\/v2\/types\/post"}],"author":[{"embeddable":true,"href":"https:\/\/www.bbyhaber.com\/bby\/wp-json\/wp\/v2\/users\/1"}],"replies":[{"embeddable":true,"href":"https:\/\/www.bbyhaber.com\/bby\/wp-json\/wp\/v2\/comments?post=6390"}],"version-history":[{"count":0,"href":"https:\/\/www.bbyhaber.com\/bby\/wp-json\/wp\/v2\/posts\/6390\/revisions"}],"wp:attachment":[{"href":"https:\/\/www.bbyhaber.com\/bby\/wp-json\/wp\/v2\/media?parent=6390"}],"wp:term":[{"taxonomy":"category","embeddable":true,"href":"https:\/\/www.bbyhaber.com\/bby\/wp-json\/wp\/v2\/categories?post=6390"},{"taxonomy":"post_tag","embeddable":true,"href":"https:\/\/www.bbyhaber.com\/bby\/wp-json\/wp\/v2\/tags?post=6390"}],"curies":[{"name":"wp","href":"https:\/\/api.w.org\/{rel}","templated":true}]}}