{"id":6321,"date":"2012-09-02T12:38:17","date_gmt":"2012-09-02T09:38:17","guid":{"rendered":"http:\/\/www.bbyhaber.com\/bby\/?p=6321"},"modified":"2012-09-07T12:55:17","modified_gmt":"2012-09-07T09:55:17","slug":"kultur-ve-turizm-bakanliginin-tasra-teskilatinda-bulunan-kurumlarin-belediyelere-devri","status":"publish","type":"post","link":"https:\/\/www.bbyhaber.com\/bby\/2012\/09\/02\/kultur-ve-turizm-bakanliginin-tasra-teskilatinda-bulunan-kurumlarin-belediyelere-devri","title":{"rendered":"K\u00fclt\u00fcr ve Turizm Bakanl\u0131\u011f\u0131&#8217;n\u0131n ta\u015fra te\u015fkilat\u0131nda bulunan kurumlar\u0131n belediyelere devri"},"content":{"rendered":"<p style=\"text-align: justify;\">K\u00fclt\u00fcr ve Turizm Bakanl\u0131\u011f\u0131\u2019nda Devlet Tiyatrolar\u0131\u2019n\u0131n \u201ct\u00fczel kimli\u011fini\u201d kald\u0131ran yasa tasar\u0131s\u0131 tasla\u011f\u0131 \u00e7al\u0131\u015fmalar\u0131n\u0131n ard\u0131ndan, daha \u00f6nce \u201ckad\u00fck\u201d olan ve bakanl\u0131\u011f\u0131n ta\u015fra te\u015fkilat\u0131nda bulunan k\u00fct\u00fcphaneler, m\u00fczeler ile g\u00fczel sanat galerilerinin de il \u00f6zel idareleri ve belediyelerine devredilmesini \u00f6ng\u00f6ren tasar\u0131 yeniden g\u00fcndeme geldi.<!--more--><\/p>\n<p>K\u00fclt\u00fcr ve Turizm Bakan\u0131&#8217;n\u0131n daha \u00f6nceki y\u0131llara ait bir konu\u015fmas\u0131:<iframe loading=\"lazy\" src=\"http:\/\/www.dailymotion.com\/embed\/video\/xdm8z8\" frameborder=\"0\" width=\"480\" height=\"360\"><\/iframe><br \/>\n<a href=\"http:\/\/www.dailymotion.com\/video\/xdm8z8_halk-kutuphanelerinin-devir-konusu_news\" target=\"_blank\">halk k\u00fct\u00fcphanelerinin devir konusu<\/a> <em>ile <a href=\"http:\/\/www.dailymotion.com\/bbyhaber\" target=\"_blank\">bbyhaber<\/a><\/em><\/p>\n<p style=\"text-align: justify;\">2008 y\u0131l\u0131nda Meclis\u2019e gelen \u201cK\u00fclt\u00fcr ve Turizm Bakanl\u0131\u011f\u0131\u2019n\u0131n Baz\u0131 Ta\u015fra Kurulu\u015flar\u0131n\u0131n \u0130l \u00d6zel \u0130dareleri ve Belediyelere Devredilmesi \u0130le Baz\u0131 Kanun H\u00fckm\u00fcnde Kararnamelerde De\u011fi\u015fiklik Yap\u0131lmas\u0131na Dair Yasa Tasar\u0131s\u0131\u201dn\u0131 yeniden g\u00fcndeme alan bakanl\u0131\u011f\u0131n ta\u015fra te\u015fkilat\u0131nda bulunan k\u00fct\u00fcphane, k\u00fclt\u00fcr merkezi, dan\u0131\u015fma b\u00fcrosu, g\u00fczel sanatlar galerisi ve m\u00fczelerin belediye s\u0131n\u0131rlar\u0131 i\u00e7inde belediyelere ve bu s\u0131n\u0131rlar d\u0131\u015f\u0131nda il \u00f6zel idarelerine devredilmesi amac\u0131yla haz\u0131rlad\u0131\u011f\u0131 tasar\u0131n\u0131n yeniden d\u00fczenlenerek TBMM\u2019ye g\u00f6nderilmesi bekleniyor.<\/p>\n<p style=\"text-align: justify;\">\u00c7al\u0131\u015fmalar\u0131n gerek\u00e7esi ise \u201c20. y\u00fczy\u0131l boyunca a\u015f\u0131r\u0131 derecede merkezile\u015fen kamu y\u00f6netimi sistemimiz kendinden beklenen stratejik liderli\u011fi ve politika belirleme \u00f6zelli\u011fini yitirerek gereksiz ayr\u0131nt\u0131lara ve k\u0131rtasiyecili\u011fe bo\u011fulan bir yap\u0131ya b\u00fcr\u00fcnm\u00fc\u015ft\u00fcr. Bunun sonucunda merkezi idare taraf\u0131ndan y\u00fcr\u00fct\u00fclmesi gereken koordinasyon ve denetim zay\u0131flam\u0131\u015f, kaynak israf\u0131 artm\u0131\u015f ve hizmet kalitesi d\u00fc\u015ferek halk\u0131n talep ve beklentilerine yeterince yan\u0131t olu\u015fturamam\u0131\u015ft\u0131r\u201d diye a\u00e7\u0131klan\u0131yor. Yani taslak K\u00fclt\u00fcr ve Turizm Bakanl\u0131\u011f\u0131\u2019n\u0131n k\u00fc\u00e7\u00fclmesini \u00f6ng\u00f6r\u00fcyor.<\/p>\n<p style=\"text-align: justify;\">Taslakta yer alan ve bakanl\u0131\u011f\u0131n ta\u015fra te\u015fkilat\u0131nda bulunan k\u00fct\u00fcphaneler ile m\u00fczelerin gelece\u011fine y\u00f6nelik baz\u0131 d\u00fczenlemeler \u015f\u00f6yle:<\/p>\n<p style=\"text-align: justify;\">&#8211; Bakanl\u0131\u011f\u0131n ta\u015fra te\u015fkilat\u0131nda bulunup, belediye s\u0131n\u0131rlar\u0131 i\u00e7inde yer alan g\u00fczel sanatlar galerileri, m\u00fcze, k\u00fct\u00fcphane, k\u00fclt\u00fcr merkezleri ile dan\u0131\u015fma b\u00fcrolar\u0131 belediyelere; bunlardan belediye s\u0131n\u0131rlar\u0131 d\u0131\u015f\u0131nda kalanlar ile il halk k\u00fct\u00fcphaneleri ve arkeolojik eser bulunan m\u00fczeler il \u00f6zel idarelerine devredilmi\u015f ve il m\u00fcd\u00fcrl\u00fckleri kald\u0131r\u0131lm\u0131\u015ft\u0131r.<\/p>\n<p style=\"text-align: justify;\">&#8211; Devredilen te\u015fkilata ait ara\u00e7, gere\u00e7 ve di\u011fer ta\u015f\u0131n\u0131rlar ile hak, alacak ve bor\u00e7lar ilgisine g\u00f6re il \u00f6zel idarelerine ve belediyelere, kald\u0131r\u0131lan il m\u00fcd\u00fcrl\u00fcklerine ait olanlar ise il \u00f6zel idarelerine devredilir.<\/p>\n<p style=\"text-align: justify;\">&#8211; Bu yasa uyar\u0131nca yap\u0131lacak devir i\u015flemleri yasan\u0131n y\u00fcr\u00fcrl\u00fck tarihinden itibaren 6 ay i\u00e7inde arkeolojik eser bulunan m\u00fczelerin devir i\u015flemleri ise en ge\u00e7 2 y\u0131l i\u00e7inde tamamlan\u0131r.<\/p>\n<p style=\"text-align: justify;\">Personel de belediyelerin<\/p>\n<p style=\"text-align: justify;\">Yasa tasar\u0131s\u0131 tasla\u011f\u0131 devredilmesi planlanan kurumlar\u0131n personellerinin de devrini \u00f6ng\u00f6r\u00fcyor. Bundan b\u00f6yle bakanl\u0131\u011f\u0131n ta\u015fra te\u015fkilat\u0131nda bulunan 657 say\u0131l\u0131 yasaya ba\u011fl\u0131 memurlar da tasar\u0131n\u0131n yasala\u015fmas\u0131 halinde belediye personeli olacak. Yan\u0131 s\u0131ra s\u00f6z konusu yasa tasar\u0131s\u0131 tasla\u011f\u0131nda baz\u0131 m\u00fczeler de tek m\u00fcze \u00e7at\u0131s\u0131 alt\u0131nda toplanacak. \u00d6rne\u011fin Ankara\u2019daki Kurtulu\u015f Sava\u015f\u0131 M\u00fczesi, Cumhuriyet M\u00fczesi, Etnografya M\u00fczesi gibi m\u00fczeler art\u0131k do\u011frudan bakanl\u0131\u011fa de\u011fil, Ankara Anadolu Medeniyetleri M\u00fczesi Ba\u015fkanl\u0131\u011f\u0131\u2019na ba\u011fl\u0131 olacak. \u0130stanbul\u2019daki T\u00fcrk ve \u0130slam Eserleri M\u00fczesi, Galata Mevlevihanesi M\u00fczesi, Y\u0131ld\u0131z Saray\u0131 M\u00fczesi ve T\u00fcrbeler M\u00fczesi de yine \u0130stanbul T\u00fcrk ve \u0130slam Eserleri M\u00fcze Ba\u015fkanl\u0131\u011f\u0131\u2019na ba\u011flanacak.<\/p>\n<p style=\"text-align: justify;\">Kaynak: http:\/\/www.cumhuriyet.com.tr<\/p>\n<p style=\"text-align: justify;\"><span style=\"color: #0000ff;\"><strong>\u0130lgili Makale ve Tezler:<\/strong><\/span><\/p>\n<ul>\n<li><a href=\"http:\/\/tk.kutuphaneci.org.tr\/index.php\/tk\/article\/viewArticle\/2124\" target=\"_blank\">\u00d6zel \u0130darelere Devir: Halk K\u00fct\u00fcphanelerinin Gelece\u011fi<\/a><\/li>\n<li><a href=\"http:\/\/tk.kutuphaneci.org.tr\/index.php\/tk\/article\/viewArticle\/2221\" target=\"_blank\">T\u00fcrkiye\u2019de Halk K\u00fct\u00fcphanelerinin Yerel Y\u00f6netimlere Devredilme S\u00fcreci \u00dczerine Ankara \u00d6zel \u0130dare Y\u00f6neticilerinin D\u00fc\u015f\u00fcnceleri<\/a><\/li>\n<li><a href=\"http:\/\/adu.mitosweb.com\/browse\/77102\/\" target=\"_blank\">T\u00fcrkiye\u2019de halk k\u00fct\u00fcphanesi hizmetlerinin yerel y\u00f6netimlere devri konusunda k\u00fct\u00fcphane y\u00f6neticileri ve k\u00fct\u00fcphanecilerin yakla\u015f\u0131mlar\u0131<\/a><\/li>\n<\/ul>\n","protected":false},"excerpt":{"rendered":"<p>K\u00fclt\u00fcr ve Turizm Bakanl\u0131\u011f\u0131\u2019nda Devlet Tiyatrolar\u0131\u2019n\u0131n \u201ct\u00fczel kimli\u011fini\u201d kald\u0131ran yasa tasar\u0131s\u0131 tasla\u011f\u0131 \u00e7al\u0131\u015fmalar\u0131n\u0131n ard\u0131ndan, daha \u00f6nce \u201ckad\u00fck\u201d olan ve bakanl\u0131\u011f\u0131n ta\u015fra te\u015fkilat\u0131nda bulunan k\u00fct\u00fcphaneler, m\u00fczeler ile g\u00fczel sanat galerilerinin de il \u00f6zel idareleri ve belediyelerine devredilmesini \u00f6ng\u00f6ren tasar\u0131 yeniden g\u00fcndeme geldi.<\/p>\n","protected":false},"author":1,"featured_media":0,"comment_status":"open","ping_status":"open","sticky":false,"template":"","format":"standard","meta":{"footnotes":""},"categories":[],"tags":[848,368],"class_list":["post-6321","post","type-post","status-publish","format-standard","hentry","tag-halk-kutuphaneleri","tag-halk-kutuphanelerinin-devri"],"_links":{"self":[{"href":"https:\/\/www.bbyhaber.com\/bby\/wp-json\/wp\/v2\/posts\/6321"}],"collection":[{"href":"https:\/\/www.bbyhaber.com\/bby\/wp-json\/wp\/v2\/posts"}],"about":[{"href":"https:\/\/www.bbyhaber.com\/bby\/wp-json\/wp\/v2\/types\/post"}],"author":[{"embeddable":true,"href":"https:\/\/www.bbyhaber.com\/bby\/wp-json\/wp\/v2\/users\/1"}],"replies":[{"embeddable":true,"href":"https:\/\/www.bbyhaber.com\/bby\/wp-json\/wp\/v2\/comments?post=6321"}],"version-history":[{"count":0,"href":"https:\/\/www.bbyhaber.com\/bby\/wp-json\/wp\/v2\/posts\/6321\/revisions"}],"wp:attachment":[{"href":"https:\/\/www.bbyhaber.com\/bby\/wp-json\/wp\/v2\/media?parent=6321"}],"wp:term":[{"taxonomy":"category","embeddable":true,"href":"https:\/\/www.bbyhaber.com\/bby\/wp-json\/wp\/v2\/categories?post=6321"},{"taxonomy":"post_tag","embeddable":true,"href":"https:\/\/www.bbyhaber.com\/bby\/wp-json\/wp\/v2\/tags?post=6321"}],"curies":[{"name":"wp","href":"https:\/\/api.w.org\/{rel}","templated":true}]}}