{"id":6283,"date":"2012-08-28T11:28:24","date_gmt":"2012-08-28T08:28:24","guid":{"rendered":"http:\/\/www.bbyhaber.com\/bby\/?p=6283"},"modified":"2013-11-27T17:27:49","modified_gmt":"2013-11-27T15:27:49","slug":"turk-kutuphaneciligi-cilt-26-sayi-2-2012","status":"publish","type":"post","link":"https:\/\/www.bbyhaber.com\/bby\/2012\/08\/28\/turk-kutuphaneciligi-cilt-26-sayi-2-2012","title":{"rendered":"T\u00fcrk K\u00fct\u00fcphanecili\u011fi: Cilt 26, Say\u0131 2 (2012)"},"content":{"rendered":"<p style=\"text-align: justify;\"><a href=\"http:\/\/www.bbyhaber.com\/bby\/wp-content\/uploads\/bby-dernek-logolar\/turk-kutuphaneciligi-dergi-kapagi.jpg\"><img loading=\"lazy\" decoding=\"async\" class=\"alignleft size-thumbnail wp-image-5238\" title=\"turk-kutuphaneciligi-dergi-kapagi\" src=\"http:\/\/www.bbyhaber.com\/bby\/wp-content\/uploads\/bby-dernek-logolar\/turk-kutuphaneciligi-dergi-kapagi.jpg\" alt=\"\" width=\"150\" height=\"107\" \/><\/a>T\u00fcrk K\u00fct\u00fcphanecili\u011fi dergisinin <span style=\"color: #0000ff;\"><strong>2012<\/strong><\/span> y\u0131l\u0131 <span style=\"color: #0000ff;\"><strong>ikinci say\u0131s\u0131<\/strong><\/span> yay\u0131mlanm\u0131\u015f olup, dergi i\u00e7indekileri ve makalelere ait ba\u011flant\u0131lar a\u015fa\u011f\u0131da verilmi\u015ftir.<!--more--><\/p>\n<p style=\"text-align: justify;\">Bu say\u0131da, BBY Haber Portal\u0131na ait bir tan\u0131t\u0131m yaz\u0131s\u0131 da &#8220;okuyucu mektuplar\u0131&#8221; b\u00f6l\u00fcm\u00fcnde bulunmaktad\u0131r; tan\u0131t\u0131m yaz\u0131s\u0131 iste\u011finde bulunup bizlere bu f\u0131rsat\u0131 sunan T\u00fcrk K\u00fct\u00fcphanecili\u011fi Dergisi Edit\u00f6r\u00fc Dr. M. Tayfun\u00a0G\u00dcLLE&#8217;ye ilgisinden dolay\u0131 te\u015fekk\u00fcrlerimizi sunar, herkese keyifli okumalar dileriz.<\/p>\n<p style=\"text-align: justify;\"><span style=\"color: #ff0000;\"><strong>T\u00dcRK K\u00dcT\u00dcPHANEC\u0130L\u0130\u011e\u0130: C\u0130LT 26 SAYI 2 (2012)<\/strong><\/span><\/p>\n<p>\u0130\u00e7indekiler<br \/>\nKonuk Edit\u00f6rden<br \/>\n<a href=\"http:\/\/tk.kutuphaneci.org.tr\/index.php\/tk\/article\/view\/2369\" target=\"_blank\"><strong>Hacettepe \u00dcniversitesi Bilgi ve Belge Y\u00f6netimi B\u00f6l\u00fcm\u00fcn\u00fcn Kurulu\u015funun 40. Y\u0131l\u0131<\/strong> <\/a><br \/>\nYa\u015far Tonta, Serap Kurbano\u011flu\u00a0 224-226<\/p>\n<p><span style=\"color: #0000ff;\"><strong>Hakemli Yaz\u0131lar<\/strong><\/span><br \/>\n<a href=\"http:\/\/tk.kutuphaneci.org.tr\/index.php\/tk\/article\/view\/2370\" target=\"_blank\"><strong>K\u00fct\u00fcphanecilik ve Bilgibilim E\u011fitiminde Geli\u015fmeler ve Program De\u011fi\u015fiklikleri<\/strong><\/a><br \/>\nYa\u015far Tonta\u00a0 227-261<br \/>\n<strong><a href=\"http:\/\/tk.kutuphaneci.org.tr\/index.php\/tk\/article\/view\/2371\" target=\"_blank\">Bilgi Profesyonellerinin E\u011fitiminde 40 Y\u0131l: Hacettepe \u00dcniversitesinin Lisans Program\u0131ndaki De\u011fi\u015fiklikler<\/a>\u00a0\u00a0<\/strong><br \/>\n\u0130rfan \u00c7ak\u0131n\u00a0 262-290<br \/>\n<a href=\"http:\/\/tk.kutuphaneci.org.tr\/index.php\/tk\/article\/view\/2372\" target=\"_blank\"><strong>Hacettepe \u00dcniversitesi Bilgi ve Belge Y\u00f6netimi B\u00f6l\u00fcm\u00fc Lisans Program\u0131n\u0131n G\u00fcncelle\u015ftirilmesi (2009-2011)<\/strong> <\/a><br \/>\nYa\u015far Tonta\u00a0 291-314<br \/>\n<a href=\"http:\/\/tk.kutuphaneci.org.tr\/index.php\/tk\/article\/view\/2373\" target=\"_blank\"><strong>Kataloglama E\u011fitimi<\/strong> <\/a><br \/>\nG\u00fclb\u00fcn Baydur\u00a0 315-328<br \/>\n<a href=\"http:\/\/tk.kutuphaneci.org.tr\/index.php\/tk\/article\/view\/2374\" target=\"_blank\"><strong>Hacettepe \u00dcniversitesi Bilgi ve Belge Y\u00f6netimi B\u00f6l\u00fcm\u00fc \u00d6\u011frencileri \u00dczerine Bir Ara\u015ft\u0131rma<\/strong> <\/a><br \/>\nNazan \u00d6zen\u00e7 U\u00e7ak, Serap Kurbano\u011flu, \u0130pek \u015eencan, G\u00fcleda Do\u011fan\u00a0 329-348<br \/>\n<a href=\"http:\/\/tk.kutuphaneci.org.tr\/index.php\/tk\/article\/view\/2375\" target=\"_blank\"><strong>Hacettepe \u00dcniversitesi Bilgi ve Belge Y\u00f6netimi B\u00f6l\u00fcm\u00fc Tezlerinin At\u0131f Analizi<\/strong> <\/a><br \/>\nUmut Al, G\u00fcleda Do\u011fan\u00a0 349-369<br \/>\n<a href=\"http:\/\/tk.kutuphaneci.org.tr\/index.php\/tk\/article\/view\/2376\" target=\"_blank\"><strong>AccessIT Projesi ve Dijitalle\u015ftirme Uzaktan E\u011fitim Program\u0131n\u0131n De\u011ferlendirilmesi<\/strong> <\/a><br \/>\nB\u00fclent Y\u0131lmaz, \u00d6zg\u00fcr K\u00fclc\u00fc, Yurdag\u00fcl \u00dcnal, Tolga \u00c7akmak\u00a0 370-390<\/p>\n<p><strong><span style=\"color: #0000ff;\">G\u00f6r\u00fc\u015fler<\/span><\/strong><br \/>\n<a href=\"http:\/\/tk.kutuphaneci.org.tr\/index.php\/tk\/article\/view\/2377\" target=\"_blank\"><strong>Ankara \u00dcniversitesi DTCF Bilgi ve Belge Y\u00f6netimi B\u00f6l\u00fcm\u00fc \u201cTeknik Kadro Gerek\u00e7esi\u201d<\/strong> <\/a><br \/>\nAnkara \u00dcniversitesi DTCF Bilgi ve Belge Y\u00f6netimi B\u00f6l\u00fcm\u00fc\u00a0 391-402<br \/>\n<a href=\"http:\/\/tk.kutuphaneci.org.tr\/index.php\/tk\/article\/view\/2378\" target=\"_blank\"><strong>Hacettepe \u00dcniversitesi Bilgi ve Belge Y\u00f6netimi B\u00f6l\u00fcm\u00fc\u2019n\u00fcn Bilgi ve Belge Y\u00f6netimi B\u00f6l\u00fcmlerinde Verilen E\u011fitimin \u201cMesleki Teknik Y\u00fcksek \u00d6\u011frenim\u201d Say\u0131lmas\u0131 Gerekti\u011fine \u0130li\u015fkin G\u00f6r\u00fc\u015f\u00fc<\/strong> <\/a><br \/>\nHacettepe \u00dcniversitesi Bilgi ve Belge Y\u00f6netimi B\u00f6l\u00fcm\u00fc\u00a0 403-405<br \/>\n<a href=\"http:\/\/tk.kutuphaneci.org.tr\/index.php\/tk\/article\/view\/2379\" target=\"_blank\"><strong>Bilgi ve Belge Y\u00f6netimi B\u00f6l\u00fcm\u00fc Mezunlar\u0131n\u0131n 657 Say\u0131l\u0131 Devlet Memurlar\u0131 Kanunu\u2019nun 36\/II Maddesinde Teknik Hizmetler S\u0131n\u0131f\u0131 ile 36 nc\u0131 Maddesinin Ortak H\u00fck\u00fcmler B\u00f6l\u00fcm\u00fc\u2019n\u00fcn (A\/4) Numaral\u0131 Bendi Gere\u011fi Teknik Kadroya Atanabilirli\u011fine \u0130li\u015fkin B\u00f6l\u00fcm G\u00f6r\u00fc\u015f\u00fc\u00a0<\/strong><\/a><br \/>\n\u0130stanbul \u00dcniversitesi Bilgi ve Belge Y\u00f6netimi B\u00f6l\u00fcm\u00fc\u00a0 406-408<\/p>\n<p><span style=\"color: #0000ff;\"><strong>Okuyucu Mektuplar\u0131<\/strong><\/span><br \/>\n<a href=\"http:\/\/tk.kutuphaneci.org.tr\/index.php\/tk\/article\/view\/2380\" target=\"_blank\"><strong>Bir Toplant\u0131n\u0131n Ard\u0131ndan: 34. MELCom International Konferans\u0131<\/strong> <\/a><br \/>\nSara Yontan Musnik\u00a0 409-411<br \/>\n<a href=\"http:\/\/tk.kutuphaneci.org.tr\/index.php\/tk\/article\/view\/2381\" target=\"_blank\"><strong>Bilgi ve Belge Y\u00f6netimi (BBY) Haber Portal\u0131<\/strong> <\/a><br \/>\nAli Ta\u015f, Engin Y\u00fccelen\u00a0 412-415<\/p>\n<p><span style=\"color: #0000ff;\"><strong>\u00c7eviri Yaz\u0131lar<\/strong><\/span><br \/>\n<a href=\"http:\/\/tk.kutuphaneci.org.tr\/index.php\/tk\/article\/view\/2382\" target=\"_blank\"><strong>Ara\u015ft\u0131rma Kurumlar\u0131 \u0130\u00e7in OpenAIRE K\u0131lavuzu<\/strong> <\/a><br \/>\nG\u00fcltekin G\u00fcrdal, Ata T\u00fcrkf\u0131dan\u0131, Levent Kutlut\u00fcrk, S\u00f6nmez \u00c7elik, Burcu Keten\u00a0 416-438<\/p>\n<p><span style=\"color: #0000ff;\"><strong>Tan\u0131t\u0131m &#8211; De\u011ferlendirme<\/strong><\/span><br \/>\n<a href=\"http:\/\/tk.kutuphaneci.org.tr\/index.php\/tk\/article\/view\/2383\" target=\"_blank\"><strong>Prof. Dr. Nazl\u0131 Alkan\u2019a Arma\u011fan <\/strong><\/a><br \/>\nRahmi Tayfun Akk\u0131l\u0131k\u00a0 439-440<br \/>\n<strong><a href=\"http:\/\/tk.kutuphaneci.org.tr\/index.php\/tk\/article\/view\/2384\" target=\"_blank\">Prof. Dr. K. G\u00fclb\u00fcn Baydur\u2019a Arma\u011fan<\/a><\/strong><br \/>\nEsin Sultan O\u011fuz\u00a0 441-442<\/p>\n","protected":false},"excerpt":{"rendered":"<p>T\u00fcrk K\u00fct\u00fcphanecili\u011fi dergisinin 2012 y\u0131l\u0131 ikinci say\u0131s\u0131 yay\u0131mlanm\u0131\u015f olup, dergi i\u00e7indekileri ve makalelere ait ba\u011flant\u0131lar a\u015fa\u011f\u0131da verilmi\u015ftir.<\/p>\n","protected":false},"author":1,"featured_media":0,"comment_status":"open","ping_status":"open","sticky":false,"template":"","format":"standard","meta":{"footnotes":""},"categories":[],"tags":[1416],"class_list":["post-6283","post","type-post","status-publish","format-standard","hentry","tag-turk-kutuphaneciligi"],"_links":{"self":[{"href":"https:\/\/www.bbyhaber.com\/bby\/wp-json\/wp\/v2\/posts\/6283"}],"collection":[{"href":"https:\/\/www.bbyhaber.com\/bby\/wp-json\/wp\/v2\/posts"}],"about":[{"href":"https:\/\/www.bbyhaber.com\/bby\/wp-json\/wp\/v2\/types\/post"}],"author":[{"embeddable":true,"href":"https:\/\/www.bbyhaber.com\/bby\/wp-json\/wp\/v2\/users\/1"}],"replies":[{"embeddable":true,"href":"https:\/\/www.bbyhaber.com\/bby\/wp-json\/wp\/v2\/comments?post=6283"}],"version-history":[{"count":0,"href":"https:\/\/www.bbyhaber.com\/bby\/wp-json\/wp\/v2\/posts\/6283\/revisions"}],"wp:attachment":[{"href":"https:\/\/www.bbyhaber.com\/bby\/wp-json\/wp\/v2\/media?parent=6283"}],"wp:term":[{"taxonomy":"category","embeddable":true,"href":"https:\/\/www.bbyhaber.com\/bby\/wp-json\/wp\/v2\/categories?post=6283"},{"taxonomy":"post_tag","embeddable":true,"href":"https:\/\/www.bbyhaber.com\/bby\/wp-json\/wp\/v2\/tags?post=6283"}],"curies":[{"name":"wp","href":"https:\/\/api.w.org\/{rel}","templated":true}]}}