{"id":6234,"date":"2012-08-22T11:48:53","date_gmt":"2012-08-22T08:48:53","guid":{"rendered":"http:\/\/www.bbyhaber.com\/bby\/?p=6234"},"modified":"2014-02-19T13:33:01","modified_gmt":"2014-02-19T11:33:01","slug":"bakan-yasakli-kitap-kriterlerini-acikladi","status":"publish","type":"post","link":"https:\/\/www.bbyhaber.com\/bby\/2012\/08\/22\/bakan-yasakli-kitap-kriterlerini-acikladi","title":{"rendered":"Bakan &#8216;yasakl\u0131 kitap&#8217; kriterlerini a\u00e7\u0131klad\u0131"},"content":{"rendered":"<p style=\"text-align: justify;\"><img loading=\"lazy\" decoding=\"async\" class=\"alignleft\" src=\"http:\/\/i.radikal.com.tr\/480x325\/2012\/08\/22\/fft64_mf1085452.Jpeg\" alt=\"\" width=\"164\" height=\"109\" \/>H\u00fcrriyet Gazetesi&#8217;nden Umut Erdem&#8217;in haberine g\u00f6re, Bakan Ergin, CHP Malatya Milletvekili Veli A\u011fbaba\u2019n\u0131n cezaevlerine kitaplar\u0131n giri\u015fi, internet kullan\u0131m\u0131, h\u00fck\u00fcml\u00fclerin tez ve kitap yaz\u0131m\u0131 i\u00e7in gerekli kitaplar\u0131 teminiyle ilgili verdi\u011fi yaz\u0131l\u0131 soru \u00f6nergesini \u00f6zetle \u015f\u00f6yle yan\u0131tlad\u0131:<!--more--><\/p>\n<p style=\"text-align: justify;\">\u201cKurum y\u00f6netimince belirlenen yerlerde g\u00f6rsel ve i\u015fitsel e\u011fitim ara\u00e7 gere\u00e7leri ile bilgisayar ve daktilo kullan\u0131m\u0131na izin verilebilmektedir. M\u00fcd\u00fcrl\u00fck te\u015fkilat\u0131 bulunan ceza infaz kurumlar\u0131nda tutuklu ve h\u00fck\u00fcml\u00fclerin yararlanmas\u0131na y\u00f6nelik olarak olu\u015fturulmu\u015f bilgisayar s\u0131n\u0131flar\u0131 bulunmaktad\u0131r.<\/p>\n<p style=\"text-align: justify;\">Ancak bu ama\u00e7la tahsis edilen bilgisayar ve daktilo say\u0131s\u0131yla ilgili olarak Bakanl\u0131\u011f\u0131m\u0131zda kay\u0131tl\u0131 istatistik veri bulunmamaktad\u0131r. H\u00fck\u00fcml\u00fc ve tutuklulara posta yoluyla gelen veya ziyaret\u00e7ileri taraf\u0131ndan getirilen ya da sevkle gelen, onlar\u0131n refakatinde getirdi\u011fi s\u00fcreli ve s\u00fcresiz yay\u0131nlar denetime t\u00e2bi tutulmaktad\u0131r.&#8221;<\/p>\n<p style=\"text-align: justify;\">&#8220;\u0130\u00e7eri\u011finde yasa d\u0131\u015f\u0131 \u00f6rg\u00fctleri ve bu \u00f6rg\u00fctlerin yasa d\u0131\u015f\u0131 davran\u0131\u015f ya da eylemleriyle bu t\u00fcr eylemlere kat\u0131lanlar\u0131 \u00f6v\u00fcc\u00fc veya h\u00fck\u00fcml\u00fcy\u00fc su\u00e7a te\u015fvik edici ve kurum g\u00f6revlilerini hedef g\u00f6sterir tarzda ibareler i\u00e7eren, \u00f6rg\u00fctsel haberle\u015fme niteli\u011fi ta\u015f\u0131yan, topluma yeniden kazand\u0131rma \u00e7al\u0131\u015fmalar\u0131n\u0131 olumsuz etkileyen, \u00f6rg\u00fctsel dayan\u0131\u015fmay\u0131 art\u0131r\u0131c\u0131 ve ceza infaz kurumu ile g\u00f6revlileri hakk\u0131nda yalan yanl\u0131\u015f bilgi i\u00e7eren, tehdit ve hakaret ihtiva eden, dolay\u0131s\u0131yla kurumun asayi\u015f ve g\u00fcvenli\u011fini tehlikeye d\u00fc\u015f\u00fcren s\u00fcreli ve s\u00fcresiz yay\u0131nlar hakk\u0131nda ceza infaz kurumu e\u011fitim kurulu karar\u0131yla k\u0131s\u0131tlama getirilebilmektedir.&#8221;<\/p>\n<p style=\"text-align: justify;\">Bu kararlara kar\u015f\u0131 ilgilisinin infaz h\u00e2kimli\u011fi nezdinde \u015fik\u00e2yet, infaz h\u00e2kimli\u011fi karar\u0131na kar\u015f\u0131 da a\u011f\u0131r ceza mahkemesi nezdinde itiraz hakk\u0131 bulunmaktad\u0131r. Ceza infaz kurumuna giri\u015fi yasaklanm\u0131\u015f kitaplar ve yay\u0131nlara ili\u015fkin olarak Bakanl\u0131\u011f\u0131m\u0131zda kay\u0131tl\u0131 istatistiki veri bulunmamaktad\u0131r. ( H\u00fcrriyet )<\/p>\n<p style=\"text-align: justify;\">Kaynak:http:\/\/www.egeninsesi.com<\/p>\n","protected":false},"excerpt":{"rendered":"<p>H\u00fcrriyet Gazetesi&#8217;nden Umut Erdem&#8217;in haberine g\u00f6re, Bakan Ergin, CHP Malatya Milletvekili Veli A\u011fbaba\u2019n\u0131n cezaevlerine kitaplar\u0131n giri\u015fi, internet kullan\u0131m\u0131, h\u00fck\u00fcml\u00fclerin tez ve kitap yaz\u0131m\u0131 i\u00e7in gerekli kitaplar\u0131 teminiyle ilgili verdi\u011fi yaz\u0131l\u0131 soru \u00f6nergesini \u00f6zetle \u015f\u00f6yle yan\u0131tlad\u0131:<\/p>\n","protected":false},"author":1,"featured_media":0,"comment_status":"open","ping_status":"open","sticky":false,"template":"","format":"standard","meta":{"footnotes":""},"categories":[519],"tags":[],"class_list":["post-6234","post","type-post","status-publish","format-standard","hentry","category-sansur-2"],"_links":{"self":[{"href":"https:\/\/www.bbyhaber.com\/bby\/wp-json\/wp\/v2\/posts\/6234"}],"collection":[{"href":"https:\/\/www.bbyhaber.com\/bby\/wp-json\/wp\/v2\/posts"}],"about":[{"href":"https:\/\/www.bbyhaber.com\/bby\/wp-json\/wp\/v2\/types\/post"}],"author":[{"embeddable":true,"href":"https:\/\/www.bbyhaber.com\/bby\/wp-json\/wp\/v2\/users\/1"}],"replies":[{"embeddable":true,"href":"https:\/\/www.bbyhaber.com\/bby\/wp-json\/wp\/v2\/comments?post=6234"}],"version-history":[{"count":0,"href":"https:\/\/www.bbyhaber.com\/bby\/wp-json\/wp\/v2\/posts\/6234\/revisions"}],"wp:attachment":[{"href":"https:\/\/www.bbyhaber.com\/bby\/wp-json\/wp\/v2\/media?parent=6234"}],"wp:term":[{"taxonomy":"category","embeddable":true,"href":"https:\/\/www.bbyhaber.com\/bby\/wp-json\/wp\/v2\/categories?post=6234"},{"taxonomy":"post_tag","embeddable":true,"href":"https:\/\/www.bbyhaber.com\/bby\/wp-json\/wp\/v2\/tags?post=6234"}],"curies":[{"name":"wp","href":"https:\/\/api.w.org\/{rel}","templated":true}]}}