{"id":6191,"date":"2012-08-15T22:00:51","date_gmt":"2012-08-15T19:00:51","guid":{"rendered":"http:\/\/www.bbyhaber.com\/bby\/?p=6191"},"modified":"2012-08-15T22:00:51","modified_gmt":"2012-08-15T19:00:51","slug":"kastamonu%e2%80%99da-kahvehane-kulturu-degisiyor","status":"publish","type":"post","link":"https:\/\/www.bbyhaber.com\/bby\/2012\/08\/15\/kastamonu%e2%80%99da-kahvehane-kulturu-degisiyor","title":{"rendered":"Kastamonu\u2019da Kahvehane K\u00fclt\u00fcr\u00fc De\u011fi\u015fiyor"},"content":{"rendered":"<p style=\"text-align: justify;\">Kastamonu&#8217;da 35 y\u0131ld\u0131r k\u0131raathane i\u015fletmecili\u011fi yapan 63 ya\u015f\u0131ndaki Cahit Bekaro\u011flu, ildeki kahvehane k\u00fclt\u00fcr\u00fcn\u00fc de\u011fi\u015ftirmeyi ama\u00e7l\u0131yor. Kastamonu A\u015fir Efendi Han\u0131 i\u00e7inde yer alan Cahit Bekaro\u011flu&#8217;na ait kahvehane di\u011fer kahvehanelerden farkl\u0131 i\u015fletiliyor. Cahit Bekaro\u011flu, kahvehaneyi ho\u015f sohbet ve kendini geli\u015ftirme alan\u0131 olarak g\u00f6r\u00fcyor. \u0130\u015fletti\u011fi kahvehanede de bunu ger\u00e7ekle\u015ftiriyor. <!--more--><\/p>\n<p style=\"text-align: justify;\">Gelen m\u00fc\u015fterileri i\u00e7in kahvehane i\u00e7erisinde k\u00fct\u00fcphane olu\u015fturan Bekaro\u011flu:\u201d M\u00fc\u015fterilerim, vakitlerini bo\u015f i\u015flerle de\u011fil, okuyarak de\u011ferlendiriyor. Zaten m\u00fc\u015fteri potansiyelim di\u011fer i\u015fletmelerden \u00e7ok farkl\u0131. Hafta sonlar\u0131 Polis Okulu \u00f6\u011frencileri, hafta i\u00e7i ise e\u011fitim camias\u0131ndan m\u00fc\u015fterilerim yo\u011funlukta geliyor. Kastamonu\u2019da e\u011fitimin geli\u015fmesi \u00f6\u011frenci say\u0131s\u0131n\u0131 art\u0131rd\u0131. Kastamonu&#8217;nun n\u00fcfusu da art\u0131yor. Bazen talepleri kar\u015f\u0131lamakta zorlan\u0131yorum.&#8221; dedi.<\/p>\n<p style=\"text-align: justify;\">Uzun zamand\u0131r \u00e7evre esnaf\u0131na \u00e7ay verme\u011fini dile getiren Cahit Bekaro\u011flu: &#8220;Sa\u00e7lar\u0131m burada a\u011fard\u0131. M\u00fc\u015fterilerime g\u00fczel vakit ge\u00e7irtmek i\u00e7in \u00e7al\u0131\u015f\u0131yorum. Ayr\u0131ca 3 tanede eleman\u0131m var.&#8221; diye konu\u015ftu<\/p>\n<p style=\"text-align: justify;\">Kaynak: http:\/\/www.haberimport.com\/<\/p>\n","protected":false},"excerpt":{"rendered":"<p>Kastamonu&#8217;da 35 y\u0131ld\u0131r k\u0131raathane i\u015fletmecili\u011fi yapan 63 ya\u015f\u0131ndaki Cahit Bekaro\u011flu, ildeki kahvehane k\u00fclt\u00fcr\u00fcn\u00fc de\u011fi\u015ftirmeyi ama\u00e7l\u0131yor. Kastamonu A\u015fir Efendi Han\u0131 i\u00e7inde yer alan Cahit Bekaro\u011flu&#8217;na ait kahvehane di\u011fer kahvehanelerden farkl\u0131 i\u015fletiliyor. Cahit Bekaro\u011flu, kahvehaneyi ho\u015f sohbet ve kendini geli\u015ftirme alan\u0131 olarak g\u00f6r\u00fcyor. \u0130\u015fletti\u011fi kahvehanede de bunu ger\u00e7ekle\u015ftiriyor.<\/p>\n","protected":false},"author":1,"featured_media":0,"comment_status":"open","ping_status":"open","sticky":false,"template":"","format":"standard","meta":{"footnotes":""},"categories":[1,1491],"tags":[],"class_list":["post-6191","post","type-post","status-publish","format-standard","hentry","category-genel","category-kahvehane-kutuphane"],"_links":{"self":[{"href":"https:\/\/www.bbyhaber.com\/bby\/wp-json\/wp\/v2\/posts\/6191"}],"collection":[{"href":"https:\/\/www.bbyhaber.com\/bby\/wp-json\/wp\/v2\/posts"}],"about":[{"href":"https:\/\/www.bbyhaber.com\/bby\/wp-json\/wp\/v2\/types\/post"}],"author":[{"embeddable":true,"href":"https:\/\/www.bbyhaber.com\/bby\/wp-json\/wp\/v2\/users\/1"}],"replies":[{"embeddable":true,"href":"https:\/\/www.bbyhaber.com\/bby\/wp-json\/wp\/v2\/comments?post=6191"}],"version-history":[{"count":0,"href":"https:\/\/www.bbyhaber.com\/bby\/wp-json\/wp\/v2\/posts\/6191\/revisions"}],"wp:attachment":[{"href":"https:\/\/www.bbyhaber.com\/bby\/wp-json\/wp\/v2\/media?parent=6191"}],"wp:term":[{"taxonomy":"category","embeddable":true,"href":"https:\/\/www.bbyhaber.com\/bby\/wp-json\/wp\/v2\/categories?post=6191"},{"taxonomy":"post_tag","embeddable":true,"href":"https:\/\/www.bbyhaber.com\/bby\/wp-json\/wp\/v2\/tags?post=6191"}],"curies":[{"name":"wp","href":"https:\/\/api.w.org\/{rel}","templated":true}]}}