{"id":6178,"date":"2012-08-14T20:25:08","date_gmt":"2012-08-14T17:25:08","guid":{"rendered":"http:\/\/www.bbyhaber.com\/bby\/?p=6178"},"modified":"2012-08-14T20:25:08","modified_gmt":"2012-08-14T17:25:08","slug":"turk-kutuphaneciler-dernegi-yozgat-subesi-kuruldu","status":"publish","type":"post","link":"https:\/\/www.bbyhaber.com\/bby\/2012\/08\/14\/turk-kutuphaneciler-dernegi-yozgat-subesi-kuruldu","title":{"rendered":"T\u00fcrk K\u00fct\u00fcphaneciler Derne\u011fi Yozgat \u015eubesi kuruldu"},"content":{"rendered":"<p style=\"text-align: justify;\">T\u00fcrk K\u00fct\u00fcphaneciler Derne\u011fi Y\u00f6netim Kurulundan al\u0131nan yetki ile <strong>27.07.2012<\/strong> tarihinde Yozgat Valili\u011fine yap\u0131lan \u015fube a\u00e7ma ba\u015fvurusu bug\u00fcn neticelenmi\u015ftir. T\u00fcrk K\u00fct\u00fcphaneciler Derne\u011fi Yozgat \u015eubesi bug\u00fcn (<strong>14.08.2012<\/strong>) itibariyle resmen kurulmu\u015ftur. <!--more--><\/p>\n<p><strong>TKD Yozgat \u015eubesi Ge\u00e7ici Y\u00f6netim Kurulu<\/strong><\/p>\n<p>Ge\u00e7ici Y\u00f6netim Kurulu \u00dcyesi: Bahar KALMAO\u011eLU<br \/>\nGe\u00e7ici Y\u00f6netim Kurulu \u00dcyesi: S\u00fcleyman HAYRAN<br \/>\nGe\u00e7ici Y\u00f6netim Kurulu Ba\u015fkan\u0131: Nuh Mehmet TOPKARAO\u011eLU<\/p>\n","protected":false},"excerpt":{"rendered":"<p>T\u00fcrk K\u00fct\u00fcphaneciler Derne\u011fi Y\u00f6netim Kurulundan al\u0131nan yetki ile 27.07.2012 tarihinde Yozgat Valili\u011fine yap\u0131lan \u015fube a\u00e7ma ba\u015fvurusu bug\u00fcn neticelenmi\u015ftir. T\u00fcrk K\u00fct\u00fcphaneciler Derne\u011fi Yozgat \u015eubesi bug\u00fcn (14.08.2012) itibariyle resmen kurulmu\u015ftur.<\/p>\n","protected":false},"author":1,"featured_media":0,"comment_status":"open","ping_status":"open","sticky":false,"template":"","format":"standard","meta":{"footnotes":""},"categories":[1],"tags":[1427],"class_list":["post-6178","post","type-post","status-publish","format-standard","hentry","category-genel","tag-tkd-yozgat"],"_links":{"self":[{"href":"https:\/\/www.bbyhaber.com\/bby\/wp-json\/wp\/v2\/posts\/6178"}],"collection":[{"href":"https:\/\/www.bbyhaber.com\/bby\/wp-json\/wp\/v2\/posts"}],"about":[{"href":"https:\/\/www.bbyhaber.com\/bby\/wp-json\/wp\/v2\/types\/post"}],"author":[{"embeddable":true,"href":"https:\/\/www.bbyhaber.com\/bby\/wp-json\/wp\/v2\/users\/1"}],"replies":[{"embeddable":true,"href":"https:\/\/www.bbyhaber.com\/bby\/wp-json\/wp\/v2\/comments?post=6178"}],"version-history":[{"count":0,"href":"https:\/\/www.bbyhaber.com\/bby\/wp-json\/wp\/v2\/posts\/6178\/revisions"}],"wp:attachment":[{"href":"https:\/\/www.bbyhaber.com\/bby\/wp-json\/wp\/v2\/media?parent=6178"}],"wp:term":[{"taxonomy":"category","embeddable":true,"href":"https:\/\/www.bbyhaber.com\/bby\/wp-json\/wp\/v2\/categories?post=6178"},{"taxonomy":"post_tag","embeddable":true,"href":"https:\/\/www.bbyhaber.com\/bby\/wp-json\/wp\/v2\/tags?post=6178"}],"curies":[{"name":"wp","href":"https:\/\/api.w.org\/{rel}","templated":true}]}}