{"id":6151,"date":"2012-08-14T13:51:25","date_gmt":"2012-08-14T10:51:25","guid":{"rendered":"http:\/\/www.bbyhaber.com\/bby\/?p=6151"},"modified":"2012-08-22T20:18:41","modified_gmt":"2012-08-22T17:18:41","slug":"kutuphane-tanitim-gunleri15-16-agustos-2012sultanahmet-meydani-istanbul","status":"publish","type":"post","link":"https:\/\/www.bbyhaber.com\/bby\/2012\/08\/14\/kutuphane-tanitim-gunleri15-16-agustos-2012sultanahmet-meydani-istanbul","title":{"rendered":"K\u00fct\u00fcphane Tan\u0131t\u0131m G\u00fcnleri\/15-16 A\u011fustos 2012\/Sultanahmet Meydan\u0131-\u0130stanbul"},"content":{"rendered":"<p><strong><a href=\"http:\/\/www.orhankemalkutup.gov.tr\/\" target=\"_blank\">Orhan Kemal \u0130l Halk K\u00fct\u00fcphanesi<\/a> M\u00fcd\u00fcrl\u00fc\u011f\u00fc <\/strong><strong>K\u00fct\u00fcphane Tan\u0131t\u0131m G\u00fcnleri<\/strong><br \/>\n<strong><span style=\"color: #0000ff;\">15-16 A\u011eUSTOS 2012<\/span>\/ Sultanahmet Meydan\u0131 &#8211; \u0130stanbul<!--more--><\/strong><\/p>\n<p style=\"text-align: justify;\"><iframe loading=\"lazy\" src=\"http:\/\/www.youtube.com\/embed\/QpfVP0AbDZU\" frameborder=\"0\" width=\"484\" height=\"306\"><\/iframe><\/p>\n<p style=\"text-align: justify;\">\u0130\u00e7inde bulundu\u011fumuz Ramazan ay\u0131 dolay\u0131s\u0131yla ziyaret\u00e7i a\u00e7\u0131s\u0131ndan en yo\u011fun g\u00fcnlerini ya\u015fayan Sultanahmet Meydan\u0131nda K\u00fct\u00fcphanelerimizin tan\u0131t\u0131m\u0131n\u0131n yap\u0131lmas\u0131 ile \u0130stanbullular\u0131n dikkatini kitap okumaya ve K\u00fct\u00fcphanelerimize \u00e7ekmek ama\u00e7lanm\u0131\u015ft\u0131r.<\/p>\n<p style=\"text-align: justify;\">K\u00fct\u00fcphanelerin kullan\u0131m\u0131n\u0131n art\u0131r\u0131lmas\u0131 ve okuyucular\u0131n k\u00fct\u00fcphaneler ile bulu\u015fmas\u0131n\u0131n sa\u011flanmas\u0131 hedeflenmektedir.<\/p>\n<p style=\"text-align: justify;\">Bu ama\u00e7 ile 15-16 A\u011fustos tarihlerinde Sultanahmet Meydan\u0131nda K\u00fct\u00fcphane tan\u0131t\u0131m g\u00fcnleri ger\u00e7ekle\u015ftirilecektir.<\/p>\n<p style=\"text-align: justify;\">Ayr\u0131nt\u0131l\u0131 Bilgi \u0130\u00e7in:<br \/>\n<a href=\"http:\/\/www.orhankemalkutup.gov.tr\/\" target=\"_blank\">Orhan Kemal \u0130l Halk K\u00fct\u00fcphanesi M\u00fcd\u00fcrl\u00fc\u011f\u00fc<\/a><br \/>\nOrdu Cad. No: 19 34490 Beyaz\u0131t-Fatih \/ \u0130STANBUL<br \/>\nTelefon : 0212 \u2013 518 10 47 \u2013 48 Faks : 0212 \u2013 517 38 11<\/p>\n<p style=\"text-align: justify;\">Kaynak:<br \/>\nAyd\u0131n \u0130leri<br \/>\n<a href=\"http:\/\/twitter.com\/aydinileri\" target=\"_blank\">http:\/\/twitter.com\/aydinileri<\/a><\/p>\n","protected":false},"excerpt":{"rendered":"<p>Orhan Kemal \u0130l Halk K\u00fct\u00fcphanesi M\u00fcd\u00fcrl\u00fc\u011f\u00fc K\u00fct\u00fcphane Tan\u0131t\u0131m G\u00fcnleri 15-16 A\u011eUSTOS 2012\/ Sultanahmet Meydan\u0131 &#8211; \u0130stanbul<\/p>\n","protected":false},"author":1,"featured_media":0,"comment_status":"open","ping_status":"open","sticky":false,"template":"","format":"standard","meta":{"footnotes":""},"categories":[1476,1],"tags":[848],"class_list":["post-6151","post","type-post","status-publish","format-standard","hentry","category-aydin-ileri","category-genel","tag-halk-kutuphaneleri"],"_links":{"self":[{"href":"https:\/\/www.bbyhaber.com\/bby\/wp-json\/wp\/v2\/posts\/6151"}],"collection":[{"href":"https:\/\/www.bbyhaber.com\/bby\/wp-json\/wp\/v2\/posts"}],"about":[{"href":"https:\/\/www.bbyhaber.com\/bby\/wp-json\/wp\/v2\/types\/post"}],"author":[{"embeddable":true,"href":"https:\/\/www.bbyhaber.com\/bby\/wp-json\/wp\/v2\/users\/1"}],"replies":[{"embeddable":true,"href":"https:\/\/www.bbyhaber.com\/bby\/wp-json\/wp\/v2\/comments?post=6151"}],"version-history":[{"count":0,"href":"https:\/\/www.bbyhaber.com\/bby\/wp-json\/wp\/v2\/posts\/6151\/revisions"}],"wp:attachment":[{"href":"https:\/\/www.bbyhaber.com\/bby\/wp-json\/wp\/v2\/media?parent=6151"}],"wp:term":[{"taxonomy":"category","embeddable":true,"href":"https:\/\/www.bbyhaber.com\/bby\/wp-json\/wp\/v2\/categories?post=6151"},{"taxonomy":"post_tag","embeddable":true,"href":"https:\/\/www.bbyhaber.com\/bby\/wp-json\/wp\/v2\/tags?post=6151"}],"curies":[{"name":"wp","href":"https:\/\/api.w.org\/{rel}","templated":true}]}}