{"id":6124,"date":"2012-08-10T12:17:00","date_gmt":"2012-08-10T09:17:00","guid":{"rendered":"http:\/\/www.bbyhaber.com\/bby\/?p=6124"},"modified":"2012-09-07T12:55:36","modified_gmt":"2012-09-07T09:55:36","slug":"haydi-kutuphaneye-simdi-okuma-vakti-slogani-ile-halkin-dikkatini-cekmek-isteniyor","status":"publish","type":"post","link":"https:\/\/www.bbyhaber.com\/bby\/2012\/08\/10\/haydi-kutuphaneye-simdi-okuma-vakti-slogani-ile-halkin-dikkatini-cekmek-isteniyor","title":{"rendered":"Haydi K\u00fct\u00fcphaneye \u015eimdi Okuma Vakti slogan\u0131 ile halk\u0131n dikkatini \u00e7ekmek isteniyor"},"content":{"rendered":"<p style=\"text-align: justify;\"><a href=\"http:\/\/www.cankirikutup.gov.tr\/\" target=\"_blank\">\u00c7ank\u0131r\u0131 \u0130l Halk K\u00fct\u00fcphanesi<\/a> M\u00fcd\u00fcrl\u00fc\u011f\u00fc &#8220;Haydi K\u00fct\u00fcphaneye \u015eimdi Okuma Vakti\u201d slogan\u0131 ile halk\u0131n dikkatini k\u00fct\u00fcphaneye \u00e7ekebilmek i\u00e7in Yunus AVM giri\u015fine stant a\u00e7t\u0131. K\u00fct\u00fcphane M\u00fcd\u00fcr\u00fc Song\u00fcl Kapusuz Halk K\u00fct\u00fcphanelerinin g\u00f6revlerinden biri de okuma al\u0131\u015fkanl\u0131\u011f\u0131n\u0131 tabana yaymak i\u00e7in halk\u0131 \u00f6zendirici ve bilin\u00e7lendirici faaliyetler yapmak oldu\u011funu belirtti. Bu d\u00fc\u015f\u00fcnceden yola \u00e7\u0131karak K\u00fct\u00fcphanemizin g\u00f6revlerini, verdi\u011fi hizmet t\u00fcrlerini halka tan\u0131tarak \u201cBu g\u00fcn kendinize bir iyilik yap\u0131n. K\u00fct\u00fcphaneye \u00fcye olun, size sunulan hizmetlerimizden \u00fccretsiz olarak yararlan\u0131n\u201d diyerek sesimizi t\u00fcm \u00c7ank\u0131r\u0131\u2019da ikamet eden vatanda\u015flar\u0131m\u0131za duyurmak istedik. <!--more--><\/p>\n<p style=\"text-align: justify;\">G\u00f6rd\u00fc\u011f\u00fcm\u00fcz ilgiden \u00e7ok memnunuz. K\u00fct\u00fcphaneye \u00fcye olmak isteyip de bir t\u00fcrl\u00fc gelemeyen vatanda\u015flar\u0131m\u0131za an\u0131nda \u00fcye olma f\u0131rsat\u0131n\u0131 vermi\u015f bulunmaktay\u0131z. Ayr\u0131ca da\u011f\u0131t\u0131lan el ilanlar\u0131 ile halk k\u00fct\u00fcphanelerinin sadece \u00f6\u011frencilerin hizmetinde olmad\u0131\u011f\u0131n\u0131 halk k\u00fct\u00fcphanesi oldu\u011fu i\u00e7in 7\u2019den 70\u2019e kad\u0131n-erkek her ya\u015fta her meslek grubunda olan ki\u015filerin\u00a0 rahatl\u0131kla gelip \u00fccretsiz olarak yararlanabilece\u011fi yerler oldu\u011funu ifade etmektedir. Son olarak Siz Ev Han\u0131mlar\u0131 ve Anneler, Siz Esnaflar, Siz Emekliler,\u00a0 Siz \u00c7al\u0131\u015fanlar\u00a0 hepinizi k\u00fct\u00fcphanemize bekliyoruz. Se\u00e7kin hizmet kadromuzla hizmetinizdeyiz.Art\u0131k k\u00fct\u00fcphanemizde annesi,babas\u0131 ve \u00e7ocu\u011fu ile gelen ki\u015filerin \u00e7o\u011fald\u0131\u011f\u0131n\u0131 g\u00f6rmek istiyoruz.5 g\u00fcn boyunca Yunus AVM\u2019deyiz.Bu f\u0131rsat\u0131 bize veren Yunus AVM Y\u00f6neticisi Kemalettin Din\u2019e \u00e7ok te\u015fekk\u00fcr ederiz.<\/p>\n<p style=\"text-align: justify;\">Kaynak: http:\/\/www.haber18.com<\/p>\n","protected":false},"excerpt":{"rendered":"<p>\u00c7ank\u0131r\u0131 \u0130l Halk K\u00fct\u00fcphanesi M\u00fcd\u00fcrl\u00fc\u011f\u00fc &#8220;Haydi K\u00fct\u00fcphaneye \u015eimdi Okuma Vakti\u201d slogan\u0131 ile halk\u0131n dikkatini k\u00fct\u00fcphaneye \u00e7ekebilmek i\u00e7in Yunus AVM giri\u015fine stant a\u00e7t\u0131. K\u00fct\u00fcphane M\u00fcd\u00fcr\u00fc Song\u00fcl Kapusuz Halk K\u00fct\u00fcphanelerinin g\u00f6revlerinden biri de okuma al\u0131\u015fkanl\u0131\u011f\u0131n\u0131 tabana yaymak i\u00e7in halk\u0131 \u00f6zendirici ve bilin\u00e7lendirici faaliyetler yapmak oldu\u011funu belirtti. Bu d\u00fc\u015f\u00fcnceden yola \u00e7\u0131karak K\u00fct\u00fcphanemizin g\u00f6revlerini, verdi\u011fi hizmet t\u00fcrlerini halka tan\u0131tarak [&hellip;]<\/p>\n","protected":false},"author":1,"featured_media":0,"comment_status":"open","ping_status":"open","sticky":false,"template":"","format":"standard","meta":{"footnotes":""},"categories":[],"tags":[848],"class_list":["post-6124","post","type-post","status-publish","format-standard","hentry","tag-halk-kutuphaneleri"],"_links":{"self":[{"href":"https:\/\/www.bbyhaber.com\/bby\/wp-json\/wp\/v2\/posts\/6124"}],"collection":[{"href":"https:\/\/www.bbyhaber.com\/bby\/wp-json\/wp\/v2\/posts"}],"about":[{"href":"https:\/\/www.bbyhaber.com\/bby\/wp-json\/wp\/v2\/types\/post"}],"author":[{"embeddable":true,"href":"https:\/\/www.bbyhaber.com\/bby\/wp-json\/wp\/v2\/users\/1"}],"replies":[{"embeddable":true,"href":"https:\/\/www.bbyhaber.com\/bby\/wp-json\/wp\/v2\/comments?post=6124"}],"version-history":[{"count":0,"href":"https:\/\/www.bbyhaber.com\/bby\/wp-json\/wp\/v2\/posts\/6124\/revisions"}],"wp:attachment":[{"href":"https:\/\/www.bbyhaber.com\/bby\/wp-json\/wp\/v2\/media?parent=6124"}],"wp:term":[{"taxonomy":"category","embeddable":true,"href":"https:\/\/www.bbyhaber.com\/bby\/wp-json\/wp\/v2\/categories?post=6124"},{"taxonomy":"post_tag","embeddable":true,"href":"https:\/\/www.bbyhaber.com\/bby\/wp-json\/wp\/v2\/tags?post=6124"}],"curies":[{"name":"wp","href":"https:\/\/api.w.org\/{rel}","templated":true}]}}