{"id":61,"date":"2011-11-06T15:31:03","date_gmt":"2011-11-06T15:31:03","guid":{"rendered":"http:\/\/www.bbyhaber.com\/bby\/?p=61"},"modified":"2017-02-21T14:12:33","modified_gmt":"2017-02-21T11:12:33","slug":"koy-cocuklari-kutuphaneleri-olusturma-kultur-sanat-ve-dayanisma-dernegi","status":"publish","type":"post","link":"https:\/\/www.bbyhaber.com\/bby\/2011\/11\/06\/koy-cocuklari-kutuphaneleri-olusturma-kultur-sanat-ve-dayanisma-dernegi","title":{"rendered":"K\u00f6y \u00c7ocuklar\u0131 K\u00fct\u00fcphaneleri Olu\u015fturma, K\u00fclt\u00fcr- Sanat ve Dayan\u0131\u015fma Derne\u011fi"},"content":{"rendered":"<p style=\"text-align: justify;\"><strong><a href=\"http:\/\/www.bbyhaber.com\/bby\/wp-content\/uploads\/2011\/11\/61.jpg\"><img loading=\"lazy\" decoding=\"async\" class=\"size-medium wp-image-15 alignleft\" title=\"ataturk-cocuklari-kutuphaneleri\" src=\"http:\/\/www.bbyhaber.com\/bby\/wp-content\/uploads\/2011\/11\/61.jpg\" alt=\"\" width=\"248\" height=\"82\" \/><\/a><\/strong>Gelece\u011fimizin g\u00fcvencesi olan \u00e7ocuklar\u0131m\u0131z i\u00e7in yap\u0131labilecek en g\u00fczel \u015fey e\u011fitim konusunda bir\u015feyler yapmakt\u0131r. Bu ama\u00e7la k\u00f6y \u00e7ocuklar\u0131 i\u00e7in <strong>K\u00dcT\u00dcPHANELER<\/strong> kuruyoruz. Kurdu\u011fumuz k\u00fct\u00fcphaneler <strong>ATAT\u00dcRK \u00c7OCUKLARI K\u00dcT\u00dcPHANES\u0130<\/strong> ismini ta\u015f\u0131yor. <!--more-->Amac\u0131m\u0131z T\u00fcrkiye\u2019de k\u00fct\u00fcphane olmayan k\u00f6ylere <strong>ATAT\u00dcRK \u00c7OCUKLARI K\u00dcT\u00dcPHANES\u0130<\/strong> ad\u0131 alt\u0131nda <strong>K\u00d6Y K\u00dcT\u00dcPHANELER\u0130 <\/strong>kurmak. Bu ama\u00e7la K\u00f6y \u00c7ocuklar\u0131 K\u00fct\u00fcphaneleri Olu\u015fturma, K\u00fclt\u00fcr- Sanat ve Dayan\u0131\u015fma Derne\u011fi olarak faaliyetlerimizi b\u00fcy\u00fck bir h\u0131zla ve titizlikle y\u00fcr\u00fct\u00fcyoruz. Sizlerden iste\u011fimiz gelece\u011fimizin teminat\u0131 olarak bizlere emanet edilen \u00e7ocuklar\u0131m\u0131z\u0131n daha iyi e\u011fitim olanaklar\u0131na katk\u0131da bulunacak bu k\u00fct\u00fcphaneler i\u00e7in \u201c<strong> Roman, \u00d6yk\u00fc, \u015eiir, Kaynak Kitaplar, Dilbilim Kitaplar\u0131, Atat\u00fcrk Kitaplar\u0131 ve K\u00fclt\u00fcr-Sanat Dergiler<\/strong>i <strong>\u201c<\/strong> ba\u011f\u0131\u015flaman\u0131z. Yapaca\u011f\u0131n\u0131z bu ba\u011f\u0131\u015flar\u0131n her biri bu \u00e7ocuklar i\u00e7in birer \u0131\u015f\u0131k olacak, topluma faydal\u0131 bireyler olarak yar\u0131n bizleri kucaklayacaklard\u0131r. Bu zamana kadar a\u00e7\u0131lan toplam k\u00fct\u00fcphane say\u0131s\u0131 a\u015fa\u011f\u0131daki tabloda verilmi\u015ftir.<\/p>\n<p>Katk\u0131lar\u0131n\u0131z\u0131 bekliyoruz. Te\u015fekk\u00fcrlerimizle.<\/p>\n<p><strong>Mesut T\u0130M<br \/>\nDernek Ba\u015fkan\u0131<\/strong><\/p>\n<table border=\"1\" width=\"455\">\n<tbody>\n<tr>\n<td colspan=\"3\">\n<div align=\"center\"><span style=\"color: #000080;\"><strong><span class=\"stil8\">K\u00f6y \u00c7ocuklar\u0131 K\u00fct\u00fcphaneleri Olu\u015fturma<br \/>\nK\u00fclt\u00fcr-Sanat ve Dayan\u0131\u015fma Derne\u011finin<br \/>\nA\u00e7t\u0131\u011f\u0131 K\u00fct\u00fcphaneler<\/span><\/strong><\/span><\/div>\n<\/td>\n<\/tr>\n<tr>\n<td width=\"44\">\n<div align=\"center\"><span style=\"color: #ff0000;\"><strong><span class=\"stil4\">No<\/span><\/strong><\/span><\/div>\n<\/td>\n<td width=\"123\">\n<div class=\"stil4\" align=\"center\">\n<div align=\"center\"><span style=\"color: #ff0000;\"><strong>A\u00e7\u0131ld\u0131\u011f\u0131 Tarih<\/strong><\/span><\/div>\n<\/div>\n<\/td>\n<td width=\"266\">\n<div class=\"stil4\" align=\"center\">\n<div align=\"center\"><span style=\"color: #ff0000;\"><strong>Yer<\/strong><\/span><\/div>\n<\/div>\n<\/td>\n<\/tr>\n<tr>\n<td>\n<div class=\"stil11\" align=\"center\">1<\/div>\n<\/td>\n<td>\n<div align=\"center\"><strong>11 Ekim 2006<\/strong><\/div>\n<\/td>\n<td>\n<div class=\"stil15\" align=\"center\">\n<div align=\"center\">\u0130zmir\/Urla-Uzunkuyu K\u00f6y\u00fc<\/div>\n<\/div>\n<\/td>\n<\/tr>\n<tr>\n<td>\n<div class=\"stil11\" align=\"center\">2<\/div>\n<\/td>\n<td>\n<div align=\"center\"><strong>25 Mart 2007<\/strong><\/div>\n<\/td>\n<td>\n<div class=\"stil15\" align=\"center\">\n<div align=\"center\">\u0130zmir\/Bay\u0131nd\u0131r-Sar\u0131yurt K\u00f6y\u00fc<\/div>\n<\/div>\n<\/td>\n<\/tr>\n<tr>\n<td>\n<div class=\"stil11\" align=\"center\">3<\/div>\n<\/td>\n<td>\n<div align=\"center\"><strong>08 Ekim 2007<\/strong><\/div>\n<\/td>\n<td>\n<div class=\"stil15\" align=\"center\">\n<div align=\"center\">Rize\/F\u0131nd\u0131kl\u0131-\u00c7a\u011flayan K\u00f6y\u00fc<\/div>\n<\/div>\n<\/td>\n<\/tr>\n<tr>\n<td>\n<div class=\"stil11\" align=\"center\">4<\/div>\n<\/td>\n<td>\n<div align=\"center\"><strong>10 Haziran 2008<\/strong><\/div>\n<\/td>\n<td>\n<div class=\"stil15\" align=\"center\">\n<div align=\"center\">\u0130zmir\/Kiraz-Suludere K\u00f6y\u00fc<\/div>\n<\/div>\n<\/td>\n<\/tr>\n<tr>\n<td>\n<div class=\"stil11\" align=\"center\">5<\/div>\n<\/td>\n<td>\n<div align=\"center\"><strong>28 \u015eubat 2009<\/strong><\/div>\n<\/td>\n<td>\n<div class=\"stil15\" align=\"center\">\n<div align=\"center\">\u0130zmir\/Karaba\u011flar-Kavac\u0131k K\u00f6y\u00fc<\/div>\n<\/div>\n<\/td>\n<\/tr>\n<tr>\n<td>\n<div class=\"stil11\" align=\"center\">6<\/div>\n<\/td>\n<td>\n<div align=\"center\"><strong>04 Nisan 2009<\/strong><\/div>\n<\/td>\n<td>\n<div class=\"stil15\" align=\"center\">\n<div align=\"center\">\u0130zmir\/\u00d6demi\u015f-Hamam K\u00f6y\u00fc<\/div>\n<\/div>\n<\/td>\n<\/tr>\n<tr>\n<td>\n<div class=\"stil11\" align=\"center\">7<\/div>\n<\/td>\n<td>\n<div align=\"center\"><strong>20 Temmuz 2009<\/strong><\/div>\n<\/td>\n<td>\n<div class=\"stil15\" align=\"center\">\n<div align=\"center\">Afyon\/Emirda\u011f-Ekizce K\u00f6y\u00fc<\/div>\n<\/div>\n<\/td>\n<\/tr>\n<tr>\n<td>\n<div class=\"stil11\" align=\"center\">8<\/div>\n<\/td>\n<td>\n<div align=\"center\"><strong>23 Ekim 2009<\/strong><\/div>\n<\/td>\n<td>\n<div class=\"stil15\" align=\"center\">\n<div align=\"center\">\u0130zmir\/\u00c7i\u011fli-Kakl\u0131\u00e7 K\u00f6y\u00fc<\/div>\n<\/div>\n<\/td>\n<\/tr>\n<tr>\n<td>\n<div class=\"stil11\" align=\"center\">9<\/div>\n<\/td>\n<td>\n<div align=\"center\"><strong>26 Aral\u0131k 2009<\/strong><\/div>\n<\/td>\n<td>\n<div class=\"stil15\" align=\"center\">\n<div align=\"center\">\u0130zmir\/Bay\u0131nd\u0131r-\u00c7\u0131rp\u0131 K\u00f6y\u00fc<\/div>\n<\/div>\n<\/td>\n<\/tr>\n<tr>\n<td>\n<div class=\"stil11\" align=\"center\">10<\/div>\n<\/td>\n<td>\n<div align=\"center\"><strong>03 Nisan 2010<\/strong><\/div>\n<\/td>\n<td>\n<div class=\"stil15\" align=\"center\">\n<div align=\"center\">\u0130zmir\/Seferihisar-Orhanl\u0131 K\u00f6y\u00fc<\/div>\n<\/div>\n<\/td>\n<\/tr>\n<tr>\n<td>\n<div class=\"stil11\" align=\"center\">11<\/div>\n<\/td>\n<td>\n<div align=\"center\"><strong>16 Haziran 2010<\/strong><\/div>\n<\/td>\n<td>\n<div class=\"stil15\" align=\"center\">\n<div align=\"center\">\u0130zmir\/Torbal\u0131- Korucuk K\u00f6y\u00fc<\/div>\n<\/div>\n<\/td>\n<\/tr>\n<tr>\n<td>\n<div class=\"stil11\" align=\"center\">\n<div align=\"center\">12<\/div>\n<\/div>\n<\/td>\n<td>\n<div align=\"center\"><strong>9 Ekim 2010<\/strong><\/div>\n<\/td>\n<td>\n<div class=\"stil15\" align=\"center\">\n<div align=\"center\">\u0130zmir\/Seferihisar \u0130l\u00e7esi<\/div>\n<\/div>\n<\/td>\n<\/tr>\n<tr>\n<td>\n<div class=\"stil11\" align=\"center\">\n<div align=\"center\">13<\/div>\n<\/div>\n<\/td>\n<td>\n<div align=\"center\"><strong>25 Aral\u0131k 2010<\/strong><\/div>\n<\/td>\n<td>\n<div class=\"stil15\" align=\"center\">\n<div align=\"center\">Manisa\/Salihli-G\u00f6key\u00fcp Beldesi<\/div>\n<\/div>\n<\/td>\n<\/tr>\n<tr>\n<td>\n<div class=\"stil11\" align=\"center\">14<\/div>\n<\/td>\n<td>\n<div align=\"center\">\u200e<strong>14 Nisan 2011<\/strong><\/div>\n<\/td>\n<td>\n<div class=\"stil16\" align=\"center\">\n<div align=\"center\">\u0130zmir\/Seferihisar-G\u00f6dence K\u00f6y\u00fc<\/div>\n<\/div>\n<\/td>\n<\/tr>\n<tr>\n<td>\n<div class=\"stil11\" align=\"center\">15<\/div>\n<\/td>\n<td>\n<div align=\"center\">\u200e<strong><span class=\"stil18\">29 May\u0131s 2011<\/span><\/strong><\/div>\n<\/td>\n<td>\n<div class=\"stil16\" align=\"center\">\n<div class=\"stil15\" align=\"center\">\u0130zmir\/Tire-K\u0131rtepe K\u00f6y\u00fc<\/div>\n<\/div>\n<\/td>\n<\/tr>\n<tr>\n<td>\n<div class=\"stil19\" align=\"center\">\n<div class=\"stil11\" align=\"center\">16<\/div>\n<\/div>\n<\/td>\n<td>\n<div class=\"stil19\" align=\"center\">\n<div align=\"center\">\u200e<strong><span class=\"stil18\">25 Eyl\u00fcl 2011<\/span><\/strong><\/div>\n<\/div>\n<\/td>\n<td>\n<div class=\"stil19\" align=\"center\">\n<div align=\"center\">\n<div class=\"stil16\" align=\"center\">\u0130zmir\/\u00d6demi\u015f-B\u0131\u00e7ak\u00e7\u0131 K\u00f6y\u00fc<\/div>\n<\/div>\n<\/div>\n<\/td>\n<\/tr>\n<tr>\n<td>\n<div class=\"stil19\" align=\"center\">\n<div class=\"stil11\" align=\"center\">17<\/div>\n<\/div>\n<\/td>\n<td>\n<div align=\"center\">\n<div align=\"center\">\u200e<strong>29 Ekim 2011<\/strong><\/div>\n<\/div>\n<\/td>\n<td>\n<div align=\"center\">\n<div align=\"center\">\n<div class=\"stil16\" align=\"center\">\u0130zmir\/Bay\u0131nd\u0131r-Zeytinova Beldesi<\/div>\n<\/div>\n<\/div>\n<\/td>\n<\/tr>\n<tr>\n<td>\n<div class=\"stil19\" align=\"center\">\n<div class=\"stil11\" align=\"center\">18<\/div>\n<\/div>\n<\/td>\n<td>\n<div align=\"center\">\n<div align=\"center\">\u200e<strong>10 Mart 2012<\/strong><\/div>\n<\/div>\n<\/td>\n<td>\n<div align=\"center\">\n<div align=\"center\">\n<div class=\"stil16\" align=\"center\">\u0130zmir\/Emiralem-Alani\u00e7i K\u00f6y\u00fc<\/div>\n<\/div>\n<\/div>\n<\/td>\n<\/tr>\n<tr>\n<td>\n<div class=\"stil19\" align=\"center\">\n<div class=\"stil11\" align=\"center\"><span style=\"color: #000000;\">19<\/span><\/div>\n<\/div>\n<\/td>\n<td>\n<div align=\"center\">\n<div align=\"center\">\u200e<strong><span style=\"color: #000000;\">29 May\u0131s 2012<\/span><\/strong><\/div>\n<\/div>\n<\/td>\n<td>\n<div align=\"center\">\n<div align=\"center\">\n<div class=\"stil16\" align=\"center\"><span style=\"color: #000000;\">\u0130zmir\/\u00d6demi\u015f-Mescitli K\u00f6y\u00fc<\/span><\/div>\n<\/div>\n<\/div>\n<\/td>\n<\/tr>\n<tr>\n<td>\n<div class=\"stil19\" align=\"center\">\n<div class=\"stil11\" align=\"center\"><span style=\"color: #000000;\">20<\/span><\/div>\n<\/div>\n<\/td>\n<td>\n<div align=\"center\">\n<div align=\"center\">\u200e<span style=\"color: #000000;\"><strong>10 Kas\u0131m 2012<\/strong><\/span><\/div>\n<\/div>\n<\/td>\n<td>\n<div align=\"center\">\n<div align=\"center\">\n<div class=\"stil16\" align=\"center\"><span style=\"color: #000000;\">\u0130zmir\/Menemen-S\u00fcleymanl\u0131 K\u00f6y\u00fc<\/span><\/div>\n<\/div>\n<\/div>\n<\/td>\n<\/tr>\n<tr>\n<td>\n<div class=\"stil19\" align=\"center\">\n<div class=\"stil11\" align=\"center\"><span style=\"color: #000000;\">21<\/span><\/div>\n<\/div>\n<\/td>\n<td>\n<div align=\"center\">\n<div align=\"center\">\u200e<span style=\"color: #000000;\"><strong>21 Mart 2013<\/strong><\/span><\/div>\n<\/div>\n<\/td>\n<td>\n<div align=\"center\">\n<div align=\"center\">\n<div class=\"stil16\" align=\"center\"><span style=\"color: #000000;\">\u0130zmir\/\u00d6demi\u015f-Bozda\u011f<\/span><\/div>\n<\/div>\n<\/div>\n<\/td>\n<\/tr>\n<tr>\n<td>\n<div class=\"stil19\" align=\"center\">\n<div class=\"stil11\" align=\"center\"><span style=\"color: #000000;\">22<\/span><\/div>\n<\/div>\n<\/td>\n<td>\n<div align=\"center\">\n<div align=\"center\"><span style=\"color: #000000;\"><strong>05 Temmuz 2013<\/strong><\/span><\/div>\n<\/div>\n<\/td>\n<td>\n<div align=\"center\">\n<div align=\"center\">\n<div class=\"stil16\" align=\"center\"><span style=\"color: #000000;\">Ordu\/G\u00fclyal\u0131 \u0130l\u00e7esi-Turnasuyu K\u00f6y\u00fc<\/span><\/div>\n<\/div>\n<\/div>\n<\/td>\n<\/tr>\n<tr>\n<td>\n<div class=\"stil19\" align=\"center\">\n<div class=\"stil11\" align=\"center\"><span style=\"color: #000000;\">23<\/span><\/div>\n<\/div>\n<\/td>\n<td>\n<div align=\"center\">\n<div align=\"center\">\u200e<span style=\"color: #000000;\"><strong>20 Haziran 2014<br \/>\n<\/strong><\/span><\/div>\n<\/div>\n<\/td>\n<td>\n<div align=\"center\">\n<div align=\"center\">\n<div class=\"stil16\" align=\"center\"><span style=\"color: #000000;\">\u0130zmir\/G\u00fczelbah\u00e7e\/Yelki K\u00f6y\u00fc<\/span><\/div>\n<\/div>\n<\/div>\n<\/td>\n<\/tr>\n<tr>\n<td>\n<div class=\"stil19\" align=\"center\">\n<div class=\"stil11\" align=\"center\"><span style=\"color: #000000;\">24<\/span><\/div>\n<\/div>\n<\/td>\n<td>\n<div align=\"center\">\n<div align=\"center\">\u200e<span style=\"color: #000000;\"><strong>22 Mart 2016<br \/>\n<\/strong><\/span><\/div>\n<\/div>\n<\/td>\n<td>\n<div align=\"center\">\n<div align=\"center\">\n<div class=\"stil16\" align=\"center\">\u015eanl\u0131urfa\/Siverek\/ Duydum K\u00f6y\u00fc<\/div>\n<\/div>\n<\/div>\n<\/td>\n<\/tr>\n<tr>\n<td>\n<div class=\"stil19\" align=\"center\">\n<div class=\"stil11\" align=\"center\"><span style=\"color: #000000;\">25<\/span><\/div>\n<\/div>\n<\/td>\n<td>\n<div align=\"center\">\n<div align=\"center\"><span style=\"color: #000000;\"><strong>06 Kas\u0131m 2016<br \/>\n<\/strong><\/span><\/div>\n<\/div>\n<\/td>\n<td>\n<div align=\"center\">\n<div align=\"center\">\n<div class=\"stil16\" align=\"center\"><span style=\"color: #000000;\">\u0130zmir\/Menemen\/Ba\u011fc\u0131lar K\u00f6y\u00fc<\/span><\/div>\n<\/div>\n<\/div>\n<\/td>\n<\/tr>\n<tr>\n<td>\n<div class=\"stil19\" align=\"center\">\n<div class=\"stil11\" align=\"center\"><span style=\"color: #000000;\">26<\/span><\/div>\n<\/div>\n<\/td>\n<td>\n<div align=\"center\">\n<div align=\"center\">\u200e<span style=\"color: #000000;\"><strong>24 Kas\u0131m 2016<br \/>\n<\/strong><\/span><\/div>\n<\/div>\n<\/td>\n<td>\n<div align=\"center\">\n<div align=\"center\">\n<div class=\"stil16\" align=\"center\"><span style=\"color: #000000;\">Manisa\/Salihli\/Bah\u00e7ecik K\u00f6y\u00fc<\/span><\/div>\n<\/div>\n<\/div>\n<\/td>\n<\/tr>\n<\/tbody>\n<\/table>\n<p><strong>\u0130leti\u015fim:<br \/>\n<\/strong><\/p>\n<p><strong>Adres: 11\/2 Sokak No: 18\/A \u00dc\u00e7kuyular \u2013 \u0130ZM\u0130R<\/strong><\/p>\n<p>Tel : 0232 246 82 460232 246 82 46<br \/>\nGSM : 0533 030 91 000533 030 91 00<\/p>\n<p>&nbsp;<\/p>\n<div id=\"skype_c2c_menu_container\" class=\"skype_c2c_menu_container notranslate\" style=\"display: none;\" data-uilang=\"en\" data-uiid=\"1\" data-p2murl=\"https:\/\/c2c-p2m-secure.skype.com\/p2m\/v1\/push\" data-murl=\"https:\/\/pipe.skype.com\/Client\/2.0\/\" data-fp=\"{1B283C73-A32D-430F-B52E-24AB7372E7EB}\">\n<div class=\"skype_c2c_menu_click2call\"><\/div>\n<div class=\"skype_c2c_menu_click2call\"><a id=\"skype_c2c_menu_click2call_action\" class=\"skype_c2c_menu_click2call_action\" target=\"_self\"><\/a>Tel : 0232 246 82 460232 246 82 46<br \/>\nGSM : 0533 030 91 000533 030 91 00Call<\/div>\n<div class=\"skype_c2c_menu_click2sms\"><a id=\"skype_c2c_menu_click2sms_action\" class=\"skype_c2c_menu_click2sms_action\" target=\"_self\"><\/a>Send SMS<\/div>\n<div class=\"skype_c2c_menu_push_to_mobile\"><a id=\"skype_c2c_menu_push_to_mobile_action\" class=\"skype_c2c_menu_push_to_mobile_action\" target=\"_blank\"><\/a>Call from mobile<\/div>\n<div class=\"skype_c2c_menu_add2skype\"><a id=\"skype_c2c_menu_add2skype_text\" class=\"skype_c2c_menu_add2skype_text\" target=\"_self\"><\/a>Add to Skype<\/div>\n<div class=\"skype_c2c_menu_toll_info\"><span class=\"skype_c2c_menu_toll_callcredit\">You&#8217;ll need Skype Credit<\/span><span class=\"skype_c2c_menu_toll_free\">Free via Skype<\/span><\/div>\n<\/div>\n","protected":false},"excerpt":{"rendered":"<p>Gelece\u011fimizin g\u00fcvencesi olan \u00e7ocuklar\u0131m\u0131z i\u00e7in yap\u0131labilecek en g\u00fczel \u015fey e\u011fitim konusunda bir\u015feyler yapmakt\u0131r. Bu ama\u00e7la k\u00f6y \u00e7ocuklar\u0131 i\u00e7in K\u00dcT\u00dcPHANELER kuruyoruz. Kurdu\u011fumuz k\u00fct\u00fcphaneler ATAT\u00dcRK \u00c7OCUKLARI K\u00dcT\u00dcPHANES\u0130 ismini ta\u015f\u0131yor.<\/p>\n","protected":false},"author":1,"featured_media":0,"comment_status":"open","ping_status":"open","sticky":false,"template":"","format":"standard","meta":{"footnotes":""},"categories":[1539,1498],"tags":[],"class_list":["post-61","post","type-post","status-publish","format-standard","hentry","category-ataturk-cocuklari-kutuphanesi","category-koy-kutuphaneleri"],"_links":{"self":[{"href":"https:\/\/www.bbyhaber.com\/bby\/wp-json\/wp\/v2\/posts\/61"}],"collection":[{"href":"https:\/\/www.bbyhaber.com\/bby\/wp-json\/wp\/v2\/posts"}],"about":[{"href":"https:\/\/www.bbyhaber.com\/bby\/wp-json\/wp\/v2\/types\/post"}],"author":[{"embeddable":true,"href":"https:\/\/www.bbyhaber.com\/bby\/wp-json\/wp\/v2\/users\/1"}],"replies":[{"embeddable":true,"href":"https:\/\/www.bbyhaber.com\/bby\/wp-json\/wp\/v2\/comments?post=61"}],"version-history":[{"count":3,"href":"https:\/\/www.bbyhaber.com\/bby\/wp-json\/wp\/v2\/posts\/61\/revisions"}],"predecessor-version":[{"id":21161,"href":"https:\/\/www.bbyhaber.com\/bby\/wp-json\/wp\/v2\/posts\/61\/revisions\/21161"}],"wp:attachment":[{"href":"https:\/\/www.bbyhaber.com\/bby\/wp-json\/wp\/v2\/media?parent=61"}],"wp:term":[{"taxonomy":"category","embeddable":true,"href":"https:\/\/www.bbyhaber.com\/bby\/wp-json\/wp\/v2\/categories?post=61"},{"taxonomy":"post_tag","embeddable":true,"href":"https:\/\/www.bbyhaber.com\/bby\/wp-json\/wp\/v2\/tags?post=61"}],"curies":[{"name":"wp","href":"https:\/\/api.w.org\/{rel}","templated":true}]}}