{"id":6095,"date":"2012-08-07T13:55:31","date_gmt":"2012-08-07T10:55:31","guid":{"rendered":"http:\/\/www.bbyhaber.com\/bby\/?p=6095"},"modified":"2012-09-07T17:41:24","modified_gmt":"2012-09-07T14:41:24","slug":"akbayira-halk-kutuphanesi-kuruluyor-kahramanmaras","status":"publish","type":"post","link":"https:\/\/www.bbyhaber.com\/bby\/2012\/08\/07\/akbayira-halk-kutuphanesi-kuruluyor-kahramanmaras","title":{"rendered":"Akbay\u0131r&#8217;a Halk K\u00fct\u00fcphanesi Kuruluyor-Kahramanmara\u015f"},"content":{"rendered":"<p style=\"text-align: justify;\">Elbistan&#8217;\u0131n tarihi beldelerinden Akbay\u0131r (Til) beldesine k\u00fct\u00fcphane kurma \u00e7al\u0131\u015fmalar\u0131 h\u0131z kazand\u0131. K\u00fct\u00fcphane kurulu\u015funun fikir sahibi olan ve kitap toplama \u00e7al\u0131\u015fmalar\u0131n\u0131n kurulu\u015f a\u015famas\u0131nda koordinasyonunu sa\u011flayan, Anadolu \u00dcniversitesi \u00f6\u011fretim elemanlar\u0131ndan Ara\u015ft\u0131rma G\u00f6revlisi Emrullah T\u00f6ren, memleketine faydal\u0131 olaca\u011f\u0131na inand\u0131\u011f\u0131 birka\u00e7 proje \u00fczerinde \u00e7al\u0131\u015ft\u0131\u011f\u0131n\u0131 s\u00f6yledi. T\u00f6ren, a\u00e7\u0131lacak olan k\u00fct\u00fcphane i\u00e7in de yeni veya eski kitap ba\u011f\u0131\u015flamalar\u0131 konusunda Elbistanl\u0131lardan ricada bulundu.<!--more--><\/p>\n<p style=\"text-align: justify;\">Halk K\u00fct\u00fcphanesi projesi hakk\u0131nda bilgi veren T\u00f6ren, \u015funlar\u0131 s\u00f6yledi:<\/p>\n<p style=\"text-align: justify;\">\u201cMemleketime faydas\u0131 olaca\u011f\u0131na inand\u0131\u011f\u0131m birka\u00e7 proje \u00fczerinde uzun zamand\u0131r \u00e7al\u0131\u015f\u0131yorum. Bunlardan sadece birisi olan \u2018Halk K\u00fct\u00fcphanesi\u2019 projesini art\u0131k hayata ge\u00e7irmenin zaman\u0131 geldi\u011fini d\u00fc\u015f\u00fcnd\u00fcm. Buradaki ama\u00e7; T\u00fcrkiye Cumhuriyeti&#8217;ne bir\u00e7ok bilim adam\u0131 ve b\u00fcrokrat yeti\u015ftirmi\u015f olan memleketimizin gen\u00e7lerinin bilgi edinme ihtiyac\u0131 duyduklar\u0131 konulardaki kitaplar\u0131 ayaklar\u0131na getirmek, uzun vadede bo\u015f zamanlar\u0131n\u0131 k\u00fct\u00fcphanede harcamalar\u0131n\u0131 sa\u011flamak ve k\u00fc\u00e7\u00fck ya\u015ftan itibaren kitaplar\u0131n aras\u0131nda yeti\u015fen bir neslin olu\u015fmas\u0131na katk\u0131da bulunmakt\u0131r. Bu fikri ilk \u00f6nce Belediye Ba\u015fkan\u0131m\u0131z Tahsin \u00d6ztun\u00e7 ile payla\u015ft\u0131m ve bu konuda yard\u0131mc\u0131 olup yer temin etmesini rica ettim. Ba\u015fkan\u0131m\u0131z da, \u00f6nerimi memnuniyetle kar\u015f\u0131layarak yer temini konusunda yard\u0131mc\u0131 olaca\u011f\u0131n\u0131n s\u00f6z\u00fcn\u00fc verdi. Daha sonra \u00e7al\u0131\u015ft\u0131\u011f\u0131m kurum olan Anadolu \u00dcniversitesi&#8217;nin y\u00f6neticileri ile g\u00f6r\u00fc\u015ferek fikrimi onlarla da payla\u015ft\u0131m. Onlar da A\u00e7\u0131k\u00f6\u011fretim Yay\u0131nlar\u0131\u2019ndan ihtiya\u00e7 fazlas\u0131 yakla\u015f\u0131k 200 kitab\u0131 beldemize kurulacak olan k\u00fct\u00fcphaneye destek olmak amac\u0131yla taraf\u0131m\u0131za temin etme s\u00f6z\u00fc verdiler. Bu konuda bizlere \u00e7ok yard\u0131mseverce yakla\u015farak Anadolu \u00dcniversitesi ad\u0131na destek olan A\u00e7\u0131k\u00f6\u011fretim Fak\u00fcltesi Dekan\u0131 Prof. Dr. Kerim Banar&#8217;a da bir kez daha te\u015fekk\u00fcr ediyorum. Belediye Ba\u015fkan\u0131m\u0131z Tahsin \u00d6ztun\u00e7 ile koordineli bir \u00e7al\u0131\u015fma yaparak beldemize bu k\u00fct\u00fcphaneyi kazand\u0131raca\u011f\u0131z. K\u00fct\u00fcphanemizin, uzun vadede Elbistan&#8217;daki b\u00fcy\u00fck k\u00fct\u00fcphanelerden birisi olaca\u011f\u0131na inan\u0131yorum.\u201d<\/p>\n<p style=\"text-align: justify;\">Kaynak: http:\/\/www.haber01.com<\/p>\n","protected":false},"excerpt":{"rendered":"<p>Elbistan&#8217;\u0131n tarihi beldelerinden Akbay\u0131r (Til) beldesine k\u00fct\u00fcphane kurma \u00e7al\u0131\u015fmalar\u0131 h\u0131z kazand\u0131. K\u00fct\u00fcphane kurulu\u015funun fikir sahibi olan ve kitap toplama \u00e7al\u0131\u015fmalar\u0131n\u0131n kurulu\u015f a\u015famas\u0131nda koordinasyonunu sa\u011flayan, Anadolu \u00dcniversitesi \u00f6\u011fretim elemanlar\u0131ndan Ara\u015ft\u0131rma G\u00f6revlisi Emrullah T\u00f6ren, memleketine faydal\u0131 olaca\u011f\u0131na inand\u0131\u011f\u0131 birka\u00e7 proje \u00fczerinde \u00e7al\u0131\u015ft\u0131\u011f\u0131n\u0131 s\u00f6yledi. T\u00f6ren, a\u00e7\u0131lacak olan k\u00fct\u00fcphane i\u00e7in de yeni veya eski kitap ba\u011f\u0131\u015flamalar\u0131 konusunda Elbistanl\u0131lardan ricada [&hellip;]<\/p>\n","protected":false},"author":1,"featured_media":0,"comment_status":"open","ping_status":"open","sticky":false,"template":"","format":"standard","meta":{"footnotes":""},"categories":[],"tags":[848],"class_list":["post-6095","post","type-post","status-publish","format-standard","hentry","tag-halk-kutuphaneleri"],"_links":{"self":[{"href":"https:\/\/www.bbyhaber.com\/bby\/wp-json\/wp\/v2\/posts\/6095"}],"collection":[{"href":"https:\/\/www.bbyhaber.com\/bby\/wp-json\/wp\/v2\/posts"}],"about":[{"href":"https:\/\/www.bbyhaber.com\/bby\/wp-json\/wp\/v2\/types\/post"}],"author":[{"embeddable":true,"href":"https:\/\/www.bbyhaber.com\/bby\/wp-json\/wp\/v2\/users\/1"}],"replies":[{"embeddable":true,"href":"https:\/\/www.bbyhaber.com\/bby\/wp-json\/wp\/v2\/comments?post=6095"}],"version-history":[{"count":0,"href":"https:\/\/www.bbyhaber.com\/bby\/wp-json\/wp\/v2\/posts\/6095\/revisions"}],"wp:attachment":[{"href":"https:\/\/www.bbyhaber.com\/bby\/wp-json\/wp\/v2\/media?parent=6095"}],"wp:term":[{"taxonomy":"category","embeddable":true,"href":"https:\/\/www.bbyhaber.com\/bby\/wp-json\/wp\/v2\/categories?post=6095"},{"taxonomy":"post_tag","embeddable":true,"href":"https:\/\/www.bbyhaber.com\/bby\/wp-json\/wp\/v2\/tags?post=6095"}],"curies":[{"name":"wp","href":"https:\/\/api.w.org\/{rel}","templated":true}]}}