{"id":6090,"date":"2012-08-06T20:19:09","date_gmt":"2012-08-06T17:19:09","guid":{"rendered":"http:\/\/www.bbyhaber.com\/bby\/?p=6090"},"modified":"2014-01-21T17:33:38","modified_gmt":"2014-01-21T15:33:38","slug":"akademik-bilisim-2013-konferansi","status":"publish","type":"post","link":"https:\/\/www.bbyhaber.com\/bby\/2012\/08\/06\/akademik-bilisim-2013-konferansi","title":{"rendered":"Akademik Bili\u015fim 2013 Konferans\u0131-23-25 Ocak 2013"},"content":{"rendered":"<p style=\"text-align: justify;\">\u00dcniversitelerde bilgi teknolojileri konusunda ilgili gruplar\u0131 biraraya getirerek, bilgi teknolojileri altyap\u0131s\u0131, kullan\u0131m\u0131, e\u011fitimi ve \u00fcretimini t\u00fcm boyutlar\u0131yla tan\u0131tmak, tart\u0131\u015fmak, tecr\u00fcbeleri paylasmak, ve ortak politika olu\u015fturmak ama\u00e7lar\u0131yla ulusal boyutta <strong>Akademik Bili\u015fim 2013 Konferans\u0131<\/strong>, bu y\u0131l\u00a0<span style=\"color: #0000ff;\"><strong> 23 &#8211; 25 Ocak 2013<\/strong><\/span>\u00a0 tarihlerinde <strong>Akdeniz \u00dcniversitesi<\/strong>&#8216;nde yap\u0131lacaktir. Konferansta davetli bildiriler, <!--more-->e\u011fitim seminerleri ve yap\u0131land\u0131r\u0131lm\u0131\u015f \u00e7al\u0131\u015fma grubu\/a\u00e7\u0131k oturum t\u00fcr\u00fc etkinlikler yap\u0131lacakt\u0131r. Konferans ilgili herkese a\u00e7\u0131kt\u0131r;\u00a0konferansa kat\u0131l\u0131m \u00fccretsizdir.<\/p>\n<p style=\"text-align: justify;\"><strong>Seminer Konular\u0131:<\/strong><\/p>\n<p style=\"text-align: justify;\">\u00bb Bilgi Ekonomisi ve Bilgi Toplumu<br \/>\n\u00bb Yeni Nesil Internet: \u0130nternet2, Ipv6, Gelecek \u0130nternet<br \/>\n\u00bb Mobil A\u011flar, Teknolojiler ve Uygulamalar<br \/>\n\u00bb \u0130nternet Yasaklar\u0131, Sans\u00fcr ve Zararl\u0131 \u0130\u00e7erik<br \/>\n\u00bb Internet, Demokrasi, Kat\u0131l\u0131m ve Saydaml\u0131k<br \/>\n\u00bb Gizlilik, Bireysel haklar, Mahremiyet<br \/>\n\u00bb Web 2.0 ve Sosyal A\u011flar<br \/>\n\u00bb Sosyal A\u011flar ve E\u011fitim<br \/>\n\u00bb Sosyal A\u011flar ve \u0130\u015f D\u00fcnyas\u0131<br \/>\n\u00bb Yeni Internet teknolojileri<br \/>\n\u00bb Wiki, RSS ve Birlikte \u00c7al\u0131\u015fma Ortamlar\u0131<br \/>\n\u00bb Web 3.0, Semantik Web ve Xml<br \/>\n\u00bb E-\u00f6\u011frenme, uzaktan-e\u011fitim, karma e\u011fitim<br \/>\n\u00bb E\u011fitim Teknolojileri ve Fatih Projesi<br \/>\n\u00bb E\u011fitim Y\u00f6netimi ve Bili\u015fim<br \/>\n\u00bb e-\u00e7evre, e-at\u0131k, ye\u015fil BT<br \/>\n\u00bb E-tar\u0131m, Tar\u0131msal Bili\u015fim<br \/>\n\u00bb \u0130nternet ve Medikal Bili\u015fim<br \/>\n\u00bb \u0130n\u015faat Bili\u015fimi, Kent Bilgi Sistemleri<br \/>\n\u00bb Mekansal Bili\u015fimi<br \/>\n\u00bb Co\u011frafi Bilgi Sistemleri, Haritalar ve Mashup<br \/>\n\u00bb \u00d6zg\u00fcr Yaz\u0131l\u0131m, A\u00e7\u0131k Kaynak, e-Devlet ve e-T\u00fcrkiye<br \/>\n\u00bb A\u00e7\u0131k Kaynak Ders Ara\u00e7lar\u0131<br \/>\n\u00bb A\u00e7\u0131k Eri\u015fim, Bilgiye Eri\u015fim ve \u0130fade \u00d6zg\u00fcrl\u00fc\u011f\u00fc<br \/>\n\u00bb Bili\u015fim Hukuku ve Fikri Haklar<br \/>\n\u00bb E-k\u00fct\u00fcphanecilik, E Kaynaklar<br \/>\n\u00bb Altyap\u0131, Yeni Teknoloiler ve Serbestle\u015fme<br \/>\n\u00bb Ulusal, Kurumsal ve Kampus A\u011flar\u0131<br \/>\n\u00bb 3G, 4G Teknolojileri<br \/>\n\u00bb Wifi, WiMax, Mesh A\u011flar\u0131<br \/>\n\u00bb Kurumsal \u0130nternet Politikalar\u0131<br \/>\n\u00bb \u00dcniversite Bili\u015fim Sistemleri<br \/>\n\u00bb \u0130nternet Y\u00f6neti\u015fimi ve STK&#8217;lar<br \/>\n\u00bb T\u00fcrkiyenin Bilgi Toplumu Stratejisi ve Eylem Plan\u0131<br \/>\n\u00bb E-devlet, Kamu A\u011flar\u0131 ve Etkin Devlet: T\u00fcrkiye Deneyimleri<br \/>\n\u00bb E-\u0130\u015f, M-\u0130\u015f, Yeni Ekonomi, \u0130nternet Ekonomisi<br \/>\n\u00bb A\u011f Teknolojileri ve G\u00fcvenli\u011fi<br \/>\n\u00bb Nesneler ve Kullan\u0131c\u0131lar i\u00e7in Kimlik Y\u00f6netim<br \/>\n\u00bb Bili\u015fim G\u00fcvenli\u011fi ve G\u00fcvenlik Sistemleri<br \/>\n\u00bb Kriptoloji ve E-imza<br \/>\n\u00bb Yaz\u0131l\u0131m M\u00fchendisli\u011fi<br \/>\n\u00bb Yaz\u0131l\u0131m Geli\u015ftirme Ortamlar\u0131<br \/>\n\u00bb G\u00f6m\u00fcl\u00fc Sistemler<br \/>\n\u00bb Sistem ve A\u011f Y\u00f6netimi<br \/>\n\u00bb Veri Madencili\u011fi<br \/>\n\u00bb Veri Taban\u0131 ve Y\u00f6netimi<br \/>\n\u00bb Web Servisleri<br \/>\n\u00bb Internet Servislerinin \u00c7al\u0131\u015ft\u0131r\u0131lmas\u0131<br \/>\n\u00bb \u0130nternet&#8217;te T\u00fcrk\u00e7e kullan\u0131m\u0131 ve \u0130\u00e7erik<br \/>\n\u00bb \u0130\u00e7erik A\u011flar\u0131<br \/>\n\u00bb E\u011fitim Teknolojileri<br \/>\n\u00bb \u0130nternet ve Sosyal Bilimler<br \/>\n\u00bb \u0130nternet ve Sanat<br \/>\n\u00bb E-k\u00fclt\u00fcr, Say\u0131sal B\u00f6l\u00fcnme, K\u0130EM ve \u0130nternet Evleri<br \/>\n\u00bb Bulut Hesaplama,Kuantum Hesaplama,Y\u00fcksek Ba\u015far\u0131m Bili\u015fimi<br \/>\n\u00bb \u0130stenmeyen Trafik: Spam, Vir\u00fcs, P2P<br \/>\n\u00bb Ara\u015ft\u0131rma ve \u0130novasyon A\u011flar\u0131, 7. \u00c7erceve ve Teknoparklar<br \/>\n\u00bb Bili\u015fim E\u011fitimi, Bilgi okuryazarl\u0131\u011f\u0131<br \/>\n\u00bb A\u00e7\u0131k Veri, A\u00e7\u0131k Devlet, Digital Aktivizm<br \/>\n\u00bb Artt\u0131r\u0131lm\u0131\u015f Ger\u00e7eklik<br \/>\n\u00bb IPTV, VoIP<\/p>\n<p style=\"text-align: justify;\">Kaynak: <a href=\"http:\/\/ab2013.akdeniz.edu.tr\/\" target=\"_blank\">http:\/\/ab2013.akdeniz.edu.tr\/<\/a><\/p>\n","protected":false},"excerpt":{"rendered":"<p>\u00dcniversitelerde bilgi teknolojileri konusunda ilgili gruplar\u0131 biraraya getirerek, bilgi teknolojileri altyap\u0131s\u0131, kullan\u0131m\u0131, e\u011fitimi ve \u00fcretimini t\u00fcm boyutlar\u0131yla tan\u0131tmak, tart\u0131\u015fmak, tecr\u00fcbeleri paylasmak, ve ortak politika olu\u015fturmak ama\u00e7lar\u0131yla ulusal boyutta Akademik Bili\u015fim 2013 Konferans\u0131, bu y\u0131l\u00a0 23 &#8211; 25 Ocak 2013\u00a0 tarihlerinde Akdeniz \u00dcniversitesi&#8216;nde yap\u0131lacaktir. Konferansta davetli bildiriler,<\/p>\n","protected":false},"author":1,"featured_media":0,"comment_status":"open","ping_status":"open","sticky":false,"template":"","format":"standard","meta":{"footnotes":""},"categories":[],"tags":[514,1395],"class_list":["post-6090","post","type-post","status-publish","format-standard","hentry","tag-akademik-bilisim","tag-bby-mesleki-etkinlikler-arsivi"],"_links":{"self":[{"href":"https:\/\/www.bbyhaber.com\/bby\/wp-json\/wp\/v2\/posts\/6090"}],"collection":[{"href":"https:\/\/www.bbyhaber.com\/bby\/wp-json\/wp\/v2\/posts"}],"about":[{"href":"https:\/\/www.bbyhaber.com\/bby\/wp-json\/wp\/v2\/types\/post"}],"author":[{"embeddable":true,"href":"https:\/\/www.bbyhaber.com\/bby\/wp-json\/wp\/v2\/users\/1"}],"replies":[{"embeddable":true,"href":"https:\/\/www.bbyhaber.com\/bby\/wp-json\/wp\/v2\/comments?post=6090"}],"version-history":[{"count":0,"href":"https:\/\/www.bbyhaber.com\/bby\/wp-json\/wp\/v2\/posts\/6090\/revisions"}],"wp:attachment":[{"href":"https:\/\/www.bbyhaber.com\/bby\/wp-json\/wp\/v2\/media?parent=6090"}],"wp:term":[{"taxonomy":"category","embeddable":true,"href":"https:\/\/www.bbyhaber.com\/bby\/wp-json\/wp\/v2\/categories?post=6090"},{"taxonomy":"post_tag","embeddable":true,"href":"https:\/\/www.bbyhaber.com\/bby\/wp-json\/wp\/v2\/tags?post=6090"}],"curies":[{"name":"wp","href":"https:\/\/api.w.org\/{rel}","templated":true}]}}