{"id":6085,"date":"2012-08-06T19:47:57","date_gmt":"2012-08-06T16:47:57","guid":{"rendered":"http:\/\/www.bbyhaber.com\/bby\/?p=6085"},"modified":"2012-09-07T13:23:18","modified_gmt":"2012-09-07T10:23:18","slug":"100-koy-okuluna-kutuphane","status":"publish","type":"post","link":"https:\/\/www.bbyhaber.com\/bby\/2012\/08\/06\/100-koy-okuluna-kutuphane","title":{"rendered":"100 K\u00f6y Okuluna K\u00fct\u00fcphane"},"content":{"rendered":"<p style=\"text-align: justify;\">Bir grup g\u00f6n\u00fcll\u00fc taraf\u0131ndan ba\u015flat\u0131lan &#8220;El Ele K\u00fct\u00fcphane Projesi&#8221; kapsam\u0131nda, farkl\u0131 illerde bulunan 100 k\u00f6y ilk\u00f6\u011fretim okuluna k\u00fct\u00fcphane kurulmas\u0131 hedefleniyor. Proje Koordinat\u00f6r\u00fc Semra Polat, AA muhabirine yapt\u0131\u011f\u0131 a\u00e7\u0131klamada, e\u011fitim sevdal\u0131s\u0131 olan g\u00f6n\u00fcll\u00fc bir grup olarak yola \u00e7\u0131kt\u0131klar\u0131n\u0131 belirterek, projeye destek verenler aras\u0131nda sanat\u00e7\u0131, i\u015f adam\u0131, akademisyen ve siyaset\u00e7ilerin de bulundu\u011funu kaydetti.<!--more--><\/p>\n<p style=\"text-align: justify;\">Do\u011fu ve G\u00fcneydo\u011fu&#8217;daki okullar ba\u015fta olmak \u00fczere, t\u00fcm k\u00f6y okullar\u0131n\u0131n ihtiyac\u0131na g\u00f6re projeyi yayg\u0131nla\u015ft\u0131rmay\u0131 ama\u00e7lad\u0131klar\u0131n\u0131 ifade eden Polat, \u015f\u00f6yle konu\u015ftu:<\/p>\n<p style=\"text-align: justify;\">&#8220;Ba\u015flang\u0131\u00e7 olarak 100 k\u00f6y ilk\u00f6\u011fretim okulunda, bin kitapl\u0131 bir k\u00fct\u00fcphane kuraca\u011f\u0131z. Bu sayede temel e\u011fitimden itibaren, \u00f6\u011frencilerin daha verimli bir \u015fekilde okuma hayat\u0131na at\u0131lmalar\u0131n\u0131 planl\u0131yoruz. Bu projeyle k\u00fct\u00fcphanelerin, kurumun e\u011fitimi ve \u00f6\u011fretimi do\u011frultusunda ara\u015ft\u0131rma, e\u011fitim ve \u00f6\u011fretim ihtiya\u00e7lar\u0131n\u0131 kar\u015f\u0131lamas\u0131n\u0131 istiyoruz. Okuma bilinci kazand\u0131rman\u0131n yan\u0131 s\u0131ra, \u00f6\u011frencilerin derslerine ait \u00f6devlerini de yapabilecekleri bir et\u00fct odas\u0131n\u0131 hizmete sunmal\u0131y\u0131z. Gelece\u011fe yeni edebiyat\u00e7\u0131lar, bilim insanlar\u0131, yazarlar, \u015fairler ve entelekt\u00fceller yeti\u015ftirilmesini ama\u00e7l\u0131yoruz.&#8221;<\/p>\n<p style=\"text-align: justify;\">-Projenin start\u0131 Mardin&#8217;de verilecek-<\/p>\n<p style=\"text-align: justify;\">Polat, projenin start\u0131n\u0131 Mardin&#8217;den verdiklerini belirterek, &#8220;Mardin&#8217;de belirledi\u011fimiz pilot k\u00f6y okulunda, 2012-2013 e\u011fitim-\u00f6\u011fretim y\u0131l\u0131 takviminin ba\u015flamas\u0131yla, k\u00fct\u00fcphaneyi \u00f6\u011frencilerin hizmetine sunaca\u011f\u0131z. Pilot okulumuz, Derik \u00c7ataltepe K\u00f6y\u00fc \u0130lk\u00f6\u011fretim Okulu. Kitapl\u0131klara yerle\u015ftirilecek olan kitaplar ikinci el olmayacak. Gelecek nesil \u00f6\u011frencilerin daha iyi istifade etmeleri maksad\u0131yla ilk elden kitaplar sat\u0131n alaca\u011f\u0131z&#8221; dedi.<\/p>\n<p style=\"text-align: justify;\">K\u00fct\u00fcphanede yer alacak kitaplar aras\u0131nda, ansiklopedi, s\u00f6zl\u00fck ve dergilerin de yer alaca\u011f\u0131n\u0131 kaydeden Polat, s\u00f6zlerini \u015f\u00f6yle s\u00fcrd\u00fcrd\u00fc<\/p>\n<p style=\"text-align: justify;\">&#8220;Ayr\u0131ca k\u00fct\u00fcphanelerde \u00f6\u011frencilere daha iyi hizmet vermek maksad\u0131yla masa ve sandalyeye de ihtiya\u00e7 duyulmaktad\u0131r. T\u00fcrkiye genelinde her k\u00f6y okuluna bir k\u00fct\u00fcphane yapmay\u0131 ama\u00e7lad\u0131\u011f\u0131m\u0131z bu proje tamamen ba\u011f\u0131ms\u0131zd\u0131r. Hi\u00e7bir sivil toplum kurulu\u015funa ba\u011fl\u0131 veya ba\u011f\u0131ml\u0131 de\u011fildir. Tamamen g\u00f6n\u00fcll\u00fcler taraf\u0131ndan ba\u015flat\u0131lan bu projenin amac\u0131, \u00f6\u011frencilere hizmet vermek ve k\u00fct\u00fcphane ihtiyac\u0131 olan k\u00f6y okullar\u0131na ula\u015fmak. Ayr\u0131ca kitap okuma al\u0131\u015fkanl\u0131\u011f\u0131 kazand\u0131rarak topluma bilgili ve bilin\u00e7li bireyler yeti\u015ftirilmesine destek olmak istiyoruz.&#8221;<\/p>\n<p style=\"text-align: justify;\">Kaynak: http:\/\/www.haberciniz.biz<\/p>\n","protected":false},"excerpt":{"rendered":"<p>Bir grup g\u00f6n\u00fcll\u00fc taraf\u0131ndan ba\u015flat\u0131lan &#8220;El Ele K\u00fct\u00fcphane Projesi&#8221; kapsam\u0131nda, farkl\u0131 illerde bulunan 100 k\u00f6y ilk\u00f6\u011fretim okuluna k\u00fct\u00fcphane kurulmas\u0131 hedefleniyor. Proje Koordinat\u00f6r\u00fc Semra Polat, AA muhabirine yapt\u0131\u011f\u0131 a\u00e7\u0131klamada, e\u011fitim sevdal\u0131s\u0131 olan g\u00f6n\u00fcll\u00fc bir grup olarak yola \u00e7\u0131kt\u0131klar\u0131n\u0131 belirterek, projeye destek verenler aras\u0131nda sanat\u00e7\u0131, i\u015f adam\u0131, akademisyen ve siyaset\u00e7ilerin de bulundu\u011funu kaydetti.<\/p>\n","protected":false},"author":1,"featured_media":0,"comment_status":"open","ping_status":"open","sticky":false,"template":"","format":"standard","meta":{"footnotes":""},"categories":[1,1498],"tags":[],"class_list":["post-6085","post","type-post","status-publish","format-standard","hentry","category-genel","category-koy-kutuphaneleri"],"_links":{"self":[{"href":"https:\/\/www.bbyhaber.com\/bby\/wp-json\/wp\/v2\/posts\/6085"}],"collection":[{"href":"https:\/\/www.bbyhaber.com\/bby\/wp-json\/wp\/v2\/posts"}],"about":[{"href":"https:\/\/www.bbyhaber.com\/bby\/wp-json\/wp\/v2\/types\/post"}],"author":[{"embeddable":true,"href":"https:\/\/www.bbyhaber.com\/bby\/wp-json\/wp\/v2\/users\/1"}],"replies":[{"embeddable":true,"href":"https:\/\/www.bbyhaber.com\/bby\/wp-json\/wp\/v2\/comments?post=6085"}],"version-history":[{"count":0,"href":"https:\/\/www.bbyhaber.com\/bby\/wp-json\/wp\/v2\/posts\/6085\/revisions"}],"wp:attachment":[{"href":"https:\/\/www.bbyhaber.com\/bby\/wp-json\/wp\/v2\/media?parent=6085"}],"wp:term":[{"taxonomy":"category","embeddable":true,"href":"https:\/\/www.bbyhaber.com\/bby\/wp-json\/wp\/v2\/categories?post=6085"},{"taxonomy":"post_tag","embeddable":true,"href":"https:\/\/www.bbyhaber.com\/bby\/wp-json\/wp\/v2\/tags?post=6085"}],"curies":[{"name":"wp","href":"https:\/\/api.w.org\/{rel}","templated":true}]}}