{"id":6079,"date":"2012-08-03T14:33:19","date_gmt":"2012-08-03T11:33:19","guid":{"rendered":"http:\/\/www.bbyhaber.com\/bby\/?p=6079"},"modified":"2012-09-07T13:23:29","modified_gmt":"2012-09-07T10:23:29","slug":"adiyaman-il-halk-kutuphanesi","status":"publish","type":"post","link":"https:\/\/www.bbyhaber.com\/bby\/2012\/08\/03\/adiyaman-il-halk-kutuphanesi","title":{"rendered":"Ad\u0131yaman \u0130l Halk K\u00fct\u00fcphanesi"},"content":{"rendered":"<p style=\"text-align: justify;\">Ad\u0131yaman K\u00fclt\u00fcr ve Turizm M\u00fcd\u00fcr\u00fc Mustafa Ekinci, <a href=\"http:\/\/www.adiyamankutup.gov.tr\/\" target=\"_blank\">\u0130l Halk K\u00fct\u00fcphanesi<\/a>&#8216;ndeki kitap say\u0131s\u0131n\u0131 art\u0131rarak kitap kalitesini daha iyi duruma getirdiklerini s\u00f6yledi. Ekinci, yapt\u0131\u011f\u0131 a\u00e7\u0131klamada, \u0130l Halk K\u00fct\u00fcphanesi&#8217;nin sosyal eksiklikleri tamamlayan ve dar gelirli ailelerin \u00e7ocuklar\u0131n\u0131n ders \u00e7al\u0131\u015fma ortam\u0131 ihtiyac\u0131n\u0131 gideren bir mekan durumunda oldu\u011funu belirtti.<!--more--><\/p>\n<p style=\"text-align: justify;\">K\u00fct\u00fcphanenin okuyucu ve ders \u00e7al\u0131\u015fan kitlesinin y\u00fcksek oldu\u011funu kaydeden Ekinci, &#8221;Biz, bu okuyucular\u0131 ve ders \u00e7al\u0131\u015fan kitleyi kaybetmemek ad\u0131na baz\u0131 yenilikler yapmak zorunda oldu\u011fumuzu hissettik. Bunun i\u00e7in k\u00fct\u00fcphanedeki kitap say\u0131m\u0131z\u0131 art\u0131rarak kitap kalitemizi daha iyi duruma getirdik. \u0130kinci olarak \u00e7ok eski olan masa ve sandalyelerini yeniledik&#8221; dedi.<\/p>\n<p style=\"text-align: justify;\">\u00d6\u011frencilere daha iyi hizmet vermesi i\u00e7in k\u00fct\u00fcphanenin mesai saatlerini de\u011fi\u015ftirdiklerini dile getiren Ekinci, \u015f\u00f6yle konu\u015ftu:\u00a0&#8221;K\u0131\u015f\u0131n okullar\u0131n a\u00e7\u0131k oldu\u011fu d\u00f6nemde ta\u015f\u0131mal\u0131 sitemle \u015fehir merkezindeki okullar\u0131na gelen \u00f6\u011frenciler sabah\u00e7\u0131 ve \u00f6\u011flenci olmalar\u0131 nedeniyle bo\u015f vakitlerini k\u00fct\u00fcphanemizde ge\u00e7iriyor. Biz de bu \u00f6\u011frencilerimiz i\u00e7in k\u00fct\u00fcphanemizin mesai saatlerini de\u011fi\u015ftirdik. Sabah\u00e7\u0131 \u00f6\u011frenciler i\u00e7in k\u00fct\u00fcphanemiz saat 7.30&#8217;da a\u00e7\u0131l\u0131r, \u00f6\u011flenci \u00f6\u011frenciler i\u00e7inde ak\u015fam saat 17.00&#8217;ye kadar a\u00e7\u0131k kal\u0131r. \u00d6\u011frenciler de b\u00f6ylelikle bo\u015f vakitlerini k\u00fct\u00fcphanede de\u011ferlendirmi\u015f oluyor.&#8221; \u00a0Ekinci, gezici k\u00fct\u00fcphane ile k\u00f6ylere gidilerek k\u00f6y okuluna da hizmet verdiklerini s\u00f6zlerine ekledi.<\/p>\n<p style=\"text-align: justify;\">Kaynak: http:\/\/www.haberdar.com\/<\/p>\n","protected":false},"excerpt":{"rendered":"<p>Ad\u0131yaman K\u00fclt\u00fcr ve Turizm M\u00fcd\u00fcr\u00fc Mustafa Ekinci, \u0130l Halk K\u00fct\u00fcphanesi&#8216;ndeki kitap say\u0131s\u0131n\u0131 art\u0131rarak kitap kalitesini daha iyi duruma getirdiklerini s\u00f6yledi. Ekinci, yapt\u0131\u011f\u0131 a\u00e7\u0131klamada, \u0130l Halk K\u00fct\u00fcphanesi&#8217;nin sosyal eksiklikleri tamamlayan ve dar gelirli ailelerin \u00e7ocuklar\u0131n\u0131n ders \u00e7al\u0131\u015fma ortam\u0131 ihtiyac\u0131n\u0131 gideren bir mekan durumunda oldu\u011funu belirtti.<\/p>\n","protected":false},"author":1,"featured_media":0,"comment_status":"open","ping_status":"open","sticky":false,"template":"","format":"standard","meta":{"footnotes":""},"categories":[],"tags":[848],"class_list":["post-6079","post","type-post","status-publish","format-standard","hentry","tag-halk-kutuphaneleri"],"_links":{"self":[{"href":"https:\/\/www.bbyhaber.com\/bby\/wp-json\/wp\/v2\/posts\/6079"}],"collection":[{"href":"https:\/\/www.bbyhaber.com\/bby\/wp-json\/wp\/v2\/posts"}],"about":[{"href":"https:\/\/www.bbyhaber.com\/bby\/wp-json\/wp\/v2\/types\/post"}],"author":[{"embeddable":true,"href":"https:\/\/www.bbyhaber.com\/bby\/wp-json\/wp\/v2\/users\/1"}],"replies":[{"embeddable":true,"href":"https:\/\/www.bbyhaber.com\/bby\/wp-json\/wp\/v2\/comments?post=6079"}],"version-history":[{"count":0,"href":"https:\/\/www.bbyhaber.com\/bby\/wp-json\/wp\/v2\/posts\/6079\/revisions"}],"wp:attachment":[{"href":"https:\/\/www.bbyhaber.com\/bby\/wp-json\/wp\/v2\/media?parent=6079"}],"wp:term":[{"taxonomy":"category","embeddable":true,"href":"https:\/\/www.bbyhaber.com\/bby\/wp-json\/wp\/v2\/categories?post=6079"},{"taxonomy":"post_tag","embeddable":true,"href":"https:\/\/www.bbyhaber.com\/bby\/wp-json\/wp\/v2\/tags?post=6079"}],"curies":[{"name":"wp","href":"https:\/\/api.w.org\/{rel}","templated":true}]}}