{"id":6010,"date":"2012-07-30T15:53:48","date_gmt":"2012-07-30T12:53:48","guid":{"rendered":"http:\/\/www.bbyhaber.com\/bby\/?p=6010"},"modified":"2012-11-28T19:31:22","modified_gmt":"2012-11-28T17:31:22","slug":"genelkurmay-baskanligi-ve-kkk-aciktan-sivil-memur-temini-yapacaktir","status":"publish","type":"post","link":"https:\/\/www.bbyhaber.com\/bby\/2012\/07\/30\/genelkurmay-baskanligi-ve-kkk-aciktan-sivil-memur-temini-yapacaktir","title":{"rendered":"Genelkurmay Ba\u015fkanl\u0131\u011f\u0131 ve KKK a\u00e7\u0131ktan sivil memur temini yapacakt\u0131r"},"content":{"rendered":"<p style=\"text-align: justify;\"><a href=\"http:\/\/www.bbyhaber.com\/bby\/category\/bby-is-ilanlari\/\"><img loading=\"lazy\" decoding=\"async\" class=\"alignleft\" src=\"http:\/\/www.bbyhaber.com\/bby\/wp-content\/uploads\/is-ilanlari-arsivi.jpg\" alt=\"\" width=\"250\" height=\"150\" \/><\/a>Genelkurmay Ba\u015fkanl\u0131\u011f\u0131&#8217;na ve Kara Kuvvetleri Komutanl\u0131\u011f\u0131&#8217;na 2012 y\u0131l\u0131 ikinci d\u00f6nem a\u00e7\u0131ktan sivil memur temini yap\u0131lacakt\u0131r. Bu al\u0131mlar i\u00e7in Bilgi ve Belge Y\u00f6netimi&#8217;ne a\u00e7\u0131lan kadro say\u0131s\u0131 ve \u015fartlar\u0131 a\u015fa\u011f\u0131da verilmi\u015ftir.<!--more--><\/p>\n<p style=\"text-align: justify;\">\u00c7evrimi\u00e7i \u00f6n ba\u015fvurular, <span style=\"color: #0000ff;\"><strong>27 Haziran-13 A\u011fustos 2012<\/strong><\/span> tarihleri aras\u0131nda www.kkk.tsk.tr adresi \u00fczerinden yap\u0131lacakt\u0131r.<\/p>\n<p style=\"text-align: justify;\">Uygulamal\u0131 s\u0131nav ve m\u00fclakatlar, <span style=\"color: #0000ff;\"><strong>22 A\u011fustos-05 Eyl\u00fcl 2012<\/strong><\/span> tarihleri aras\u0131nda icra edilecektir.<\/p>\n<p style=\"text-align: justify;\"><span style=\"color: #0000ff;\"><strong><strong>2012 y\u0131l\u0131<\/strong>\u00a0KPSS s\u0131nav\u0131na ait KPSSP03<\/strong><\/span>\u00a0puanlar\u0131 esas al\u0131nacakt\u0131r.<\/p>\n<p>Kaynak: http:\/\/ilan.memurlar.net\/ilan\/19261\/<\/p>\n<p>&nbsp;<\/p>\n<table width=\"577\" border=\"1\" cellspacing=\"0\" cellpadding=\"0\" align=\"left\">\n<tbody>\n<tr>\n<td width=\"69\">\n<p align=\"center\"><strong>Al\u0131nacak \u0130l\/\u0130l\u00e7e<\/strong><strong><\/strong><\/p>\n<\/td>\n<td width=\"81\">\n<p align=\"center\"><strong>S\u0131n\u0131f\/<\/strong><\/p>\n<p align=\"center\"><strong>Unvan\u0131\/<\/strong><\/p>\n<p align=\"center\"><strong>Derece\/<\/strong><\/p>\n<p align=\"center\"><strong>Adet<\/strong><strong><\/strong><\/p>\n<\/td>\n<td width=\"56\">\n<p align=\"center\"><strong>Cinsiyet<\/strong><strong><\/strong><\/p>\n<\/td>\n<td width=\"59\">\n<p align=\"center\"><strong>KPSS Puan T\u00fcr\u00fc ve\u00a0 Y\u0131l\u0131<\/strong><\/p>\n<\/td>\n<td width=\"117\">\n<p align=\"center\"><strong>Uygulamal\u0131 S\u0131nav<\/strong><\/p>\n<\/td>\n<td width=\"54\">\n<p align=\"center\"><strong>DPB Nitelik Kodu<\/strong><\/p>\n<\/td>\n<td width=\"140\">\n<p align=\"center\"><strong>Aranacak Nitelikler<\/strong><\/p>\n<\/td>\n<\/tr>\n<tr>\n<td width=\"69\">\u0130stanbul Avrupa Yakas\u0131 (1)<\/td>\n<td width=\"81\">THS\/K\u00fct\u00fcphaneci\/8\/<strong><span style=\"color: #0000ff;\">1 Ki\u015fi<\/span><\/strong><\/td>\n<td width=\"56\">\n<p align=\"center\">E \/ B<\/p>\n<\/td>\n<td width=\"59\">\n<p align=\"center\">KPSSP 03<\/p>\n<p align=\"center\"><strong><span style=\"color: #0000ff;\">(2012 Y\u0131l\u0131)<\/span><\/strong><\/p>\n<\/td>\n<td width=\"117\">\u00a0<strong>Yap\u0131lmayacakt\u0131r.<\/strong><\/td>\n<td width=\"54\">\n<p align=\"center\">4099<\/p>\n<p align=\"center\">4101<\/p>\n<\/td>\n<td width=\"140\">* Bilgi ve Belge Y\u00f6netimi,* Ar\u015fivcilik,* K\u00fct\u00fcphanecilik,* Dok\u00fcmantasyon ve Enformasyon* K\u00fct\u00fcphanecilik ve Bilgi \u00c7al\u0131\u015fmalar\u0131lisans programlar\u0131ndan birinden mezun olmak.<\/td>\n<\/tr>\n<\/tbody>\n<\/table>\n","protected":false},"excerpt":{"rendered":"<p>Genelkurmay Ba\u015fkanl\u0131\u011f\u0131&#8217;na ve Kara Kuvvetleri Komutanl\u0131\u011f\u0131&#8217;na 2012 y\u0131l\u0131 ikinci d\u00f6nem a\u00e7\u0131ktan sivil memur temini yap\u0131lacakt\u0131r. Bu al\u0131mlar i\u00e7in Bilgi ve Belge Y\u00f6netimi&#8217;ne a\u00e7\u0131lan kadro say\u0131s\u0131 ve \u015fartlar\u0131 a\u015fa\u011f\u0131da verilmi\u015ftir.<\/p>\n","protected":false},"author":1,"featured_media":0,"comment_status":"open","ping_status":"open","sticky":false,"template":"","format":"standard","meta":{"footnotes":""},"categories":[],"tags":[1393,382],"class_list":["post-6010","post","type-post","status-publish","format-standard","hentry","tag-bby-is-ilanlari-arsivi","tag-tsk-is-ilanlari"],"_links":{"self":[{"href":"https:\/\/www.bbyhaber.com\/bby\/wp-json\/wp\/v2\/posts\/6010"}],"collection":[{"href":"https:\/\/www.bbyhaber.com\/bby\/wp-json\/wp\/v2\/posts"}],"about":[{"href":"https:\/\/www.bbyhaber.com\/bby\/wp-json\/wp\/v2\/types\/post"}],"author":[{"embeddable":true,"href":"https:\/\/www.bbyhaber.com\/bby\/wp-json\/wp\/v2\/users\/1"}],"replies":[{"embeddable":true,"href":"https:\/\/www.bbyhaber.com\/bby\/wp-json\/wp\/v2\/comments?post=6010"}],"version-history":[{"count":0,"href":"https:\/\/www.bbyhaber.com\/bby\/wp-json\/wp\/v2\/posts\/6010\/revisions"}],"wp:attachment":[{"href":"https:\/\/www.bbyhaber.com\/bby\/wp-json\/wp\/v2\/media?parent=6010"}],"wp:term":[{"taxonomy":"category","embeddable":true,"href":"https:\/\/www.bbyhaber.com\/bby\/wp-json\/wp\/v2\/categories?post=6010"},{"taxonomy":"post_tag","embeddable":true,"href":"https:\/\/www.bbyhaber.com\/bby\/wp-json\/wp\/v2\/tags?post=6010"}],"curies":[{"name":"wp","href":"https:\/\/api.w.org\/{rel}","templated":true}]}}