{"id":6001,"date":"2012-07-30T10:10:41","date_gmt":"2012-07-30T07:10:41","guid":{"rendered":"http:\/\/www.bbyhaber.com\/bby\/?p=6001"},"modified":"2013-11-19T16:39:09","modified_gmt":"2013-11-19T14:39:09","slug":"xvii-turkiyede-internet-konferansi-7-9-kasim-2012","status":"publish","type":"post","link":"https:\/\/www.bbyhaber.com\/bby\/2012\/07\/30\/xvii-turkiyede-internet-konferansi-7-9-kasim-2012","title":{"rendered":"XVII. T\u00fcrkiye&#8217;de \u0130nternet Konferans\u0131-7-9 Kas\u0131m 2012"},"content":{"rendered":"<p style=\"text-align: justify;\">T\u00fcrkiye&#8217;de Internet ile ilgili gruplar\u0131 biraraya getirerek \u0130nternet&#8217;i t\u00fcm boyutlar\u0131yla tan\u0131tmak, gelistirmek, tart\u0131\u015fmak, \u0130nternet teknolojileri arac\u0131l\u0131\u011f\u0131 ile toplumsal verimlili\u011fi art\u0131rmak ve toplumun dikkatini olabildi\u011fince bu y\u00f6ne \u00e7ekmek ama\u00e7lar\u0131yla, 1995&#8217;den beri her y\u0131l yap\u0131lan, ulusal boyutta bir konferans d\u00fczenlenmistir. Konferansa bildiri sunma, e\u011fitim semineri verme ve tart\u0131\u015fma grubu\/a\u00e7\u0131k oturum d\u00fczenleme \u015feklinde aktif kat\u0131l\u0131m davet edilmektedir. Konferans kay\u0131t olan dinleyicilere a\u00e7\u0131kt\u0131r.<!--more--><\/p>\n<p style=\"text-align: justify;\">Bu y\u0131l \u201c &#8220;Mobil Ya\u015fam&#8221;, &#8220;Sosyal A\u011flar&#8221;, &#8220;Yeni Medya&#8221;, &#8220;Fikri Haklar&#8221;, Mahremiyet, &#8220;\u0130nternet ve Demokrasi\u201d, \u201c\u0130nternet yasaklar\u0131\u201d, &#8220;Nefret S\u00f6ylemi&#8221;, &#8220;Fatih Projesi&#8221; ve &#8220;Medya\/Bilgi Okuryazarl\u0131\u011f\u0131&#8221; ve &#8220;Oyun&#8221; konular\u0131 \u00f6ne \u00e7\u0131kacakt\u0131r. T\u00fcrkiye \u0130nternetinin temel ve g\u00fcncel konular\u0131n\u0131 kapsayan; Payla\u015f\u0131m G\u00fcn\u00fc etkinli\u011fi, Kullan\u0131c\u0131 Deneyimi, Web Kullanabilirli\u011fi, Kod ile Sanat, Hack Kvram\u0131 ve Hacker gibi konularda at\u00f6lye \u00e7al\u0131\u015fmalar\u0131, ve &#8220;Sanatta Sans\u00fcr&#8221; gibi pek \u00e7ok farkl\u0131 konuda panel ve oturumlar yap\u0131lacakt\u0131r. \u0130nternet Ba\u015far\u0131 \u00f6yk\u00fclerini anlatan oturumlar da planlanmaktad\u0131r. Bilgi Toplumu, \u0130nternet ve G\u00fcncel sorunlar\u0131n tart\u0131\u015f\u0131laca\u011f\u0131 oturumlar ve geni\u015f toplum kesimlerine hitab edecek seminerler planlanmaktad\u0131r.<\/p>\n<p style=\"text-align: justify;\"><strong>Konferans\u0131n Ana Konular\u0131<\/strong><\/p>\n<p style=\"text-align: justify;\">Internet, Demokrasi, Kat\u0131l\u0131m ve Saydaml\u0131k<br \/>\nMobil Ya\u015fam, Mobil A\u011flar, Teknolojiler ve Uygulamalar<br \/>\nSosyal A\u011flar ve \u0130nternet&#8217;in Sosyal Boyutlar\u0131<br \/>\nSosyal A\u011flar ve \u0130\u015f D\u00fcnyas\u0131<br \/>\nSosyal A\u011flar ve E\u011fitim<br \/>\nYeni Medya<br \/>\n\u0130nternet Yasaklar\u0131, Sans\u00fcr ve zararl\u0131 i\u00e7erik<br \/>\nFikri haklar, Say\u0131sal \u00dcr\u00fcnlerin Payla\u015f\u0131m\u0131<br \/>\nGizlilik, Bireysel Haklar ve Ki\u015fisel Veriler<br \/>\n\u0130nternet Y\u00f6neti\u015fimi ve STK&#8217;lar<br \/>\nBilgi Ekonomisi ve Bilgi Toplumu<br \/>\nT\u00fcrkiye&#8217;nin Bilgi Toplumu Stratejisi ve Eylem Plan\u0131<br \/>\nE-devlet, Kamu A\u011flar\u0131 ve Etkin Devlet: T\u00fcrkiye Deneyimleri<br \/>\nAc\u0131k Veri; A\u00e7\u0131k Devlet<br \/>\nWiki, RSS, Mushup ve Birlikte \u00c7al\u0131\u015fma Ortamlar\u0131<br \/>\n\u0130nternet&#8217;in yasal boyutlar\u0131<br \/>\n\u0130nternet ve Medikal Bili\u015fim<br \/>\nE-e\u011fitim, E\u011fitim Teknolojileri, Fatih Projesi<br \/>\nE-Tar\u0131m, e-\u00c7evre, e-Ula\u015f\u0131m<br \/>\nE-k\u00fclt\u00fcr, Say\u0131sal B\u00f6l\u00fcnme, K\u0130EM ve \u0130nternet Evleri<br \/>\nBilgi\/Medya Okuryazarl\u0131\u011f\u0131, say\u0131sal b\u00f6l\u00fcnme yelpazesi<br \/>\nE-is, M-i\u015f ve Yeni Ekonomi<br \/>\nYeni Nesil Internet: internet2, Ipv6, Gelecek \u0130nternet<br \/>\nTelekomda Serbestle\u015fme, D\u00fczenleyici Yap\u0131lar<br \/>\n\u00c7ocuklar i\u00e7in G\u00fcvenli \u0130nternet<br \/>\nElektronik Yay\u0131nc\u0131l\u0131k ve Bas\u0131n<br \/>\nE-k\u00fct\u00fcphanecilik, Enformasyon kaynaklar\u0131, \u0130ndeksleme ve Tarama<br \/>\n\u00d6zg\u00fcr Yaz\u0131l\u0131m, A\u00e7\u0131k Kaynak, e-devlet ve e-t\u00fcrkiye<br \/>\nAra\u015ft\u0131rma ve \u0130novasyon A\u011flar\u0131, 7. \u00c7erceve ve Teknoparklar<br \/>\n\u0130nternet&#8217;te G\u00fcvenlik; Virus, Spam, Bireysel Savunma<br \/>\nYeni Internet teknolojileri, Grid ve Bulut Hesaplama<br \/>\nElektronik \u0130mza<br \/>\n\u0130nternet ve Sanat<br \/>\n\u0130nternet&#8217;te T\u00fcrkce kullan\u0131m\u0131 ve \u0130\u00e7erik<br \/>\nD\u00fcnyada ve T\u00fcrkiye&#8217;de \u0130nternet altyap\u0131s\u0131<br \/>\nWeb 2.0, Web 3.0 ve Nesnelerin \u0130nterneti<br \/>\nSemantic Web<br \/>\nHesaplama ve Tarama Motorlar\u0131<br \/>\n\u00c7ocuklar i\u00e7in G\u00fcvenli \u0130nternet<br \/>\n\u0130nternet ve Reklamc\u0131l\u0131k<br \/>\nA\u00e7\u0131k Veri, A\u00e7\u0131k Devlet<br \/>\nArtt\u0131r\u0131lm\u0131\u015f Ger\u00e7eklik (Augmented Reality)<br \/>\nDigital Activisim<br \/>\nIPTV ve VoIP<br \/>\n\u00d6zg\u00fcr Web Teknolojileri<br \/>\nHack, Hacker, Siber K\u00fclt\u00fcr<br \/>\nNefret S\u00f6ylemi<\/p>\n<p style=\"text-align: justify;\">Konferans dili T\u00fcrkce&#8217;dir. Bununla birlikte, ayr\u0131 bir oturumda sunulmak \u00fczere Ingilizce bildiri ba\u015fvurular\u0131 da kabul edilecektir. Ba\u015fvurular\u0131, tam metin bildirileri, seminer ve \u00e7al\u0131\u015fma grubu \u00f6nerilerini a\u015fa\u011f\u0131da tan\u0131mlanan \u015fekilde 15 Eyl\u00fcl 2012&#8217;e kadar iletiniz. T\u00fcm ba\u015fvurular\u0131n elektronik yap\u0131lmas\u0131 gerekir. Tam metni basvuru s\u0131ras\u0131nda webten sunuyorsunuz. Ba\u015fvuruyu daha sonra d\u00fczeltmek m\u00fcmk\u00fcnd\u00fcr. Ama, en az\u0131ndan geni\u015fletilmi\u015f \u00f6zetle ba\u015flay\u0131n.<\/p>\n<p style=\"text-align: justify;\">Klasik bildiri: Bilimsel yaz\u0131m kurallar\u0131 \u00e7ercevesinde yaz\u0131lm\u0131\u015f geni\u015f \u00f6zet ya da tam bildiri metni, en fazla sekiz A4 sayfa. Birinci sayfada kimlik bilgisi (yazar ad\u0131, \u00e7al\u0131\u015ft\u0131\u011f\u0131 kurulu\u015f, telefon, faks ve elektronik posta adresleri) bulunmal\u0131d\u0131r. Metnin d\u00fczenlemeye ve \u0130nternet \u00fczerinde konmaya uygun elektronik kopyas\u0131, pdf, html, doc, odt, TeX dosyalar\u0131 tercih edilir. Elektronik bildiri: Herhangi bir \u0130nternet yaz\u0131l\u0131m arac\u0131 ile okunabilecek, g\u00f6sterilebilecek ya da dinlenebilecek \u00e7okluortam bildiri. S\u0131n\u0131rs\u0131z form ve boyut. Ba\u015f\u0131nda kimlik bilgisi.<\/p>\n<p style=\"text-align: justify;\">E\u011fitim semineri \u00f6nerisi: Ba\u015fl\u0131k, s\u00fcre, azami kat\u0131l\u0131mc\u0131 say\u0131s\u0131, anlat\u0131lacak konular\u0131n azami bir A4 sayfas\u0131na s\u0131\u011facak tan\u0131m\u0131, e\u011fitimin verilme \u015fekli, donan\u0131m ve yaz\u0131l\u0131m gereksinimleri, \u00f6nerenin kimlik bilgisi. Tart\u0131\u015fma grubu\/a\u00e7\u0131k oturum \u00f6nerisi: Ba\u015fl\u0131k, s\u00fcre, beklenen kat\u0131l\u0131mc\u0131 say\u0131s\u0131, tart\u0131\u015f\u0131lacak konular\u0131n tan\u0131m\u0131, \u00f6nerenin kimlik bilgisi. T\u00fcm bildiriler ve sahiplerinin izni varsa e\u011fitim seminerleri notlar\u0131 elektronik ortamda sunulacakt\u0131r.<\/p>\n<p style=\"text-align: justify;\">Kaynak: http:\/\/inet-tr.org.tr\/inetconf17\/<\/p>\n","protected":false},"excerpt":{"rendered":"<p>T\u00fcrkiye&#8217;de Internet ile ilgili gruplar\u0131 biraraya getirerek \u0130nternet&#8217;i t\u00fcm boyutlar\u0131yla tan\u0131tmak, gelistirmek, tart\u0131\u015fmak, \u0130nternet teknolojileri arac\u0131l\u0131\u011f\u0131 ile toplumsal verimlili\u011fi art\u0131rmak ve toplumun dikkatini olabildi\u011fince bu y\u00f6ne \u00e7ekmek ama\u00e7lar\u0131yla, 1995&#8217;den beri her y\u0131l yap\u0131lan, ulusal boyutta bir konferans d\u00fczenlenmistir. Konferansa bildiri sunma, e\u011fitim semineri verme ve tart\u0131\u015fma grubu\/a\u00e7\u0131k oturum d\u00fczenleme \u015feklinde aktif kat\u0131l\u0131m davet edilmektedir. Konferans [&hellip;]<\/p>\n","protected":false},"author":1,"featured_media":0,"comment_status":"open","ping_status":"open","sticky":false,"template":"","format":"standard","meta":{"footnotes":""},"categories":[],"tags":[1395,512],"class_list":["post-6001","post","type-post","status-publish","format-standard","hentry","tag-bby-mesleki-etkinlikler-arsivi","tag-internet-konferansi"],"_links":{"self":[{"href":"https:\/\/www.bbyhaber.com\/bby\/wp-json\/wp\/v2\/posts\/6001"}],"collection":[{"href":"https:\/\/www.bbyhaber.com\/bby\/wp-json\/wp\/v2\/posts"}],"about":[{"href":"https:\/\/www.bbyhaber.com\/bby\/wp-json\/wp\/v2\/types\/post"}],"author":[{"embeddable":true,"href":"https:\/\/www.bbyhaber.com\/bby\/wp-json\/wp\/v2\/users\/1"}],"replies":[{"embeddable":true,"href":"https:\/\/www.bbyhaber.com\/bby\/wp-json\/wp\/v2\/comments?post=6001"}],"version-history":[{"count":0,"href":"https:\/\/www.bbyhaber.com\/bby\/wp-json\/wp\/v2\/posts\/6001\/revisions"}],"wp:attachment":[{"href":"https:\/\/www.bbyhaber.com\/bby\/wp-json\/wp\/v2\/media?parent=6001"}],"wp:term":[{"taxonomy":"category","embeddable":true,"href":"https:\/\/www.bbyhaber.com\/bby\/wp-json\/wp\/v2\/categories?post=6001"},{"taxonomy":"post_tag","embeddable":true,"href":"https:\/\/www.bbyhaber.com\/bby\/wp-json\/wp\/v2\/tags?post=6001"}],"curies":[{"name":"wp","href":"https:\/\/api.w.org\/{rel}","templated":true}]}}